{"id":30527,"date":"2025-09-10T03:54:07","date_gmt":"2025-09-10T03:54:07","guid":{"rendered":"https:\/\/www.europesays.com\/fi\/30527\/"},"modified":"2025-09-10T03:54:07","modified_gmt":"2025-09-10T03:54:07","slug":"ttk-tuomarit-perustelevat-ensimmaisen-lahetyksen-pisteytyksensa","status":"publish","type":"post","link":"https:\/\/www.europesays.com\/fi\/30527\/","title":{"rendered":"TTK-tuomarit perustelevat ensimm\u00e4isen l\u00e4hetyksen pisteytyksens\u00e4"},"content":{"rendered":"<p><strong class=\"typography-bold\">Tanssii T\u00e4htien Kanssa -tuomaristo on haastavan paikan edess\u00e4 aina tuotantokauden ensimm\u00e4isess\u00e4 suorassa l\u00e4hetyksess\u00e4.<\/strong><\/p>\n<p><a class=\"underline\" data-testid=\"internal-link\" role=\"link\" data-sentry-element=\"Link\" data-sentry-component=\"InternalLink\" data-sentry-source-file=\"InternalLink.tsx\" href=\"https:\/\/www.mtvuutiset.fi\/aihe\/tanssii-tahtien-kanssa\/2839810\" rel=\"nofollow noopener\" target=\"_blank\">Tanssii T\u00e4htien Kanssa<\/a> -kauden ensimm\u00e4inen suora l\u00e4hetys n\u00e4htiin sunnuntaina 7. syyskuuta. Tuolloin 11 uutta t\u00e4htiparia esitteli ensi kertaa tanssitaitojaan, eik\u00e4 kukaan pudonnut kisasta.\u00a0<\/p>\n<p>TTK-tuomarit <a class=\"underline\" data-testid=\"internal-link\" role=\"link\" data-sentry-element=\"Link\" data-sentry-component=\"InternalLink\" data-sentry-source-file=\"InternalLink.tsx\" href=\"https:\/\/www.mtvuutiset.fi\/aihe\/jukka-haapalainen\/7593898\" rel=\"nofollow noopener\" target=\"_blank\"><strong class=\"typography-bold\">Jukka Haapalainen<\/strong><\/a>, <a class=\"underline\" data-testid=\"internal-link\" role=\"link\" data-sentry-element=\"Link\" data-sentry-component=\"InternalLink\" data-sentry-source-file=\"InternalLink.tsx\" href=\"https:\/\/www.mtvuutiset.fi\/aihe\/helena-ahti-hallberg\/2889966\" rel=\"nofollow noopener\" target=\"_blank\"><strong class=\"typography-bold\">Helena Ahti-Hallberg<\/strong><\/a><strong class=\"typography-bold\"> <\/strong>sek\u00e4 <a class=\"underline\" data-testid=\"internal-link\" role=\"link\" data-sentry-element=\"Link\" data-sentry-component=\"InternalLink\" data-sentry-source-file=\"InternalLink.tsx\" href=\"https:\/\/www.mtvuutiset.fi\/aihe\/jorma-uotinen\/2874738\" rel=\"nofollow noopener\" target=\"_blank\"><strong class=\"typography-bold\">Jorma Uotinen<\/strong><\/a><strong class=\"typography-bold\"> <\/strong>olivat sunnuntai-iltana l\u00e4hetyksen j\u00e4lkeen tyytyv\u00e4isi\u00e4 n\u00e4kem\u00e4\u00e4ns\u00e4.\u00a0<\/p>\n<p>\u2013 Nyt n\u00e4htiin vasta puoli totuutta, koska ensi viikolla jokainen tanssii sen toisen lajin. Osalla oli nyt lattarit ja osalla vakiot. Mielenkiinnolla odotan viel\u00e4 sit\u00e4 ensi viikonloppua, koska sitten meill\u00e4 ehk\u00e4 on jonkinlainen k\u00e4sitys siit\u00e4, mit\u00e4 odottaa seuraavilta viikoilta, Ahti-Hallberg pohti.<\/p>\n<p>Yhdest\u00e4 asiasta tuomari Uotinen oli erityisen iloinen.\u00a0<\/p>\n<p>\u2013 Ensimm\u00e4iseksi p\u00e4iv\u00e4ksi, jopa kenraali alkoi ajallaan. Se oli hyv\u00e4 merkki! Ei tarvitse h\u00e4t\u00e4ill\u00e4 sill\u00e4 tavalla, ja tuo alkunumerokin saatiin kerralla purkkiin. T\u00e4m\u00e4 oli monipuolinen ilta, sanotaan n\u00e4in.\u00a0<\/p>\n<p>Jo TTK:n ensimm\u00e4isen l\u00e4hetyksen pistetaulukosta n\u00e4kee, ett\u00e4 tasoeroja parien v\u00e4lill\u00e4 on.\u00a0<\/p>\n<p>\u2013 Taso on polveilevan vaihteleva, joka tietysti tuo mielenkiintoa t\u00e4h\u00e4n tilanteeseen, ja ei ole koskaan p\u00e4iv\u00e4nselv\u00e4\u00e4 ensimm\u00e4isen jakson j\u00e4lkeen, ett\u00e4 kuka sielt\u00e4 sitten pomppaa. En edes viel\u00e4 l\u00e4hde puhumaan ennakkosuosikkiasetelmista tai mist\u00e4\u00e4n semmoisista, Haapalainen analysoi.<\/p>\n<p>Haapalaisen mukaan TTK-lattialla oli kyll\u00e4 selke\u00e4sti n\u00e4ht\u00e4vill\u00e4 se, ett\u00e4 joillakin t\u00e4htioppilailla on toisia paremmat edellytykset tuottaa tanssillista liikett\u00e4 \u2013 ja jopa kokemusta siit\u00e4. Kuitenkin tuomari muistuttaa, ett\u00e4 aiemmillakin kausilla on n\u00e4hty valtavia kehityskaaria sek\u00e4 menestystarinoita, jotka ovat saattaneet alkaa vasta kaudeen puoliv\u00e4lin tienoilla.\u00a0<\/p>\n<p>Lue my\u00f6s: <a class=\"underline\" data-testid=\"internal-link\" role=\"link\" data-sentry-element=\"Link\" data-sentry-component=\"InternalLink\" data-sentry-source-file=\"InternalLink.tsx\" href=\"https:\/\/www.mtvuutiset.fi\/artikkeli\/yksi-asia-ttk-lahetyksessa-yllatti-tanssiraadin-siina-on-omat-vaikeutensa\/9218204\" rel=\"nofollow noopener\" target=\"_blank\">Yksi asia TTK-l\u00e4hetyksess\u00e4 yll\u00e4tti Tanssiraadin: &#8221;Siin\u00e4 on omat vaikeutensa&#8221;<\/a><\/p>\n<p>Ahti-Hallberg sen sijaan h\u00e4mm\u00e4stelee sit\u00e4, kuinka valmiita esityksi\u00e4 jotkut t\u00e4htiparit saivat aikaan kolmen ensimm\u00e4isen treeniviikkonsa aikana.\u00a0<\/p>\n<p>\u2013 Jotenkin itse odotin, ett\u00e4 olisi ollut enemm\u00e4n niit\u00e4 haparoivia ensiaskeleita, mutta jouduin kyll\u00e4 joidenkin parien kohdalla erityisesti h\u00e4mm\u00e4stym\u00e4\u00e4n.\u00a0<\/p>\n<p>Uotinen puolestaan muistutti, ett\u00e4 yhden l\u00e4hetyksen hyv\u00e4t pisteet eiv\u00e4t v\u00e4ltt\u00e4m\u00e4tt\u00e4 tarkoita mit\u00e4\u00e4n \u2013 seuraavalla kerralla pisteet voivat olla hyvinkin kehnot, mik\u00e4li onnistumisia ei tule.\u00a0<\/p>\n<p>\u2013 Yll\u00e4tyksi\u00e4 tulee l\u00e4pi koko kauden ja hyv\u00e4 niin.\u00a0<\/p>\n<p>Tuomarit kertovat keskustelleensa ennen ensimm\u00e4ist\u00e4 TTK-l\u00e4hetyst\u00e4 siit\u00e4, miten he l\u00f6yt\u00e4v\u00e4t j\u00e4lleen linjan pisteytyksilleen. Ensi kertaa tuomaristo n\u00e4kee tanssit kenraaliharjoituksessa, mutta suorassa l\u00e4hetyksess\u00e4 esitys voi sujua hyvinkin eri tavalla.\u00a0<\/p>\n<p>\u2013 Onhan se tietysti v\u00e4h\u00e4n semmoista hakuammuntaa, se ensimm\u00e4isen pisteytyksen antaminen, Haapalainen kommentoi.\u00a0<\/p>\n<p>\u2013 Mutta meid\u00e4n teht\u00e4v\u00e4mme on laittaa parit paremmuusj\u00e4rjestykseen, ja siin\u00e4 me onnistuttiin t\u00e4n\u00e4\u00e4n mielest\u00e4ni loistavasti. Siell\u00e4 sattui olemaan vain kaksi paria samoilla pisteill\u00e4. Ja kun meill\u00e4 on n\u00e4in monta paria, niin on aika mahdotonta, etteiv\u00e4t pisteet menisi tasan, Ahti-Hallberg muistuttaa.\u00a0<\/p>\n<p><strong class=\"typography-bold\">Tanssii T\u00e4htien Kanssa sunnuntaisin klo 19.30 <\/strong><a class=\"underline\" data-testid=\"external-link\" href=\"https:\/\/www.mtv.fi\/sarja\/tanssii-tahtien-kanssa-3608?utm_medium=internal&amp;utm_source=mtvuutiset\" rel=\"noopener noreferrer nofollow\" data-sentry-component=\"ExternalLink\" data-sentry-source-file=\"ExternalLink.tsx\" target=\"_blank\"><strong class=\"typography-bold\">MTV Katsomossa<\/strong><\/a><strong class=\"typography-bold\"> ja MTV3-kanavalla.<\/strong><strong class=\"typography-bold\">Tanssiraati <\/strong><a class=\"underline\" data-testid=\"external-link\" href=\"https:\/\/www.mtv.fi\/ohjelma\/7f26814afbc512b3338f\/huomenta-suomi\" rel=\"noopener noreferrer nofollow\" target=\"_blank\" data-sentry-component=\"ExternalLink\" data-sentry-source-file=\"ExternalLink.tsx\"><strong class=\"typography-bold\">Huomenta Suomessa<\/strong><\/a><strong class=\"typography-bold\"> maanantaiaamuisin kello 9.50.<\/strong><\/p>\n","protected":false},"excerpt":{"rendered":"Tanssii T\u00e4htien Kanssa -tuomaristo on haastavan paikan edess\u00e4 aina tuotantokauden ensimm\u00e4isess\u00e4 suorassa l\u00e4hetyksess\u00e4. Tanssii T\u00e4htien Kanssa -kauden ensimm\u00e4inen&hellip;\n","protected":false},"author":2,"featured_media":30528,"comment_status":"","ping_status":"","sticky":false,"template":"","format":"standard","meta":{"footnotes":""},"categories":[133],"tags":[137,33,31,30,32,206,156,109],"class_list":{"0":"post-30527","1":"post","2":"type-post","3":"status-publish","4":"format-standard","5":"has-post-thumbnail","7":"category-televisiot","8":"tag-entertainment","9":"tag-fi","10":"tag-finland","11":"tag-finnish","12":"tag-suomi","13":"tag-televisiot","14":"tag-tv","15":"tag-viihde"},"share_on_mastodon":{"url":"","error":""},"_links":{"self":[{"href":"https:\/\/www.europesays.com\/fi\/wp-json\/wp\/v2\/posts\/30527","targetHints":{"allow":["GET"]}}],"collection":[{"href":"https:\/\/www.europesays.com\/fi\/wp-json\/wp\/v2\/posts"}],"about":[{"href":"https:\/\/www.europesays.com\/fi\/wp-json\/wp\/v2\/types\/post"}],"author":[{"embeddable":true,"href":"https:\/\/www.europesays.com\/fi\/wp-json\/wp\/v2\/users\/2"}],"replies":[{"embeddable":true,"href":"https:\/\/www.europesays.com\/fi\/wp-json\/wp\/v2\/comments?post=30527"}],"version-history":[{"count":0,"href":"https:\/\/www.europesays.com\/fi\/wp-json\/wp\/v2\/posts\/30527\/revisions"}],"wp:featuredmedia":[{"embeddable":true,"href":"https:\/\/www.europesays.com\/fi\/wp-json\/wp\/v2\/media\/30528"}],"wp:attachment":[{"href":"https:\/\/www.europesays.com\/fi\/wp-json\/wp\/v2\/media?parent=30527"}],"wp:term":[{"taxonomy":"category","embeddable":true,"href":"https:\/\/www.europesays.com\/fi\/wp-json\/wp\/v2\/categories?post=30527"},{"taxonomy":"post_tag","embeddable":true,"href":"https:\/\/www.europesays.com\/fi\/wp-json\/wp\/v2\/tags?post=30527"}],"curies":[{"name":"wp","href":"https:\/\/api.w.org\/{rel}","templated":true}]}}