{"id":305288,"date":"2026-07-20T10:57:13","date_gmt":"2026-07-20T10:57:13","guid":{"rendered":"https:\/\/www.europesays.com\/fi\/305288\/"},"modified":"2026-07-20T10:57:13","modified_gmt":"2026-07-20T10:57:13","slug":"panoautolla-kohauttanut-susanna-penttila-ryhtyi-poikansa-ajo-opettajaksi","status":"publish","type":"post","link":"https:\/\/www.europesays.com\/fi\/305288\/","title":{"rendered":"Panoautolla kohauttanut Susanna Penttil\u00e4 ryhtyi poikansa ajo-opettajaksi"},"content":{"rendered":"<p>\n            20251120 HELSINKI. Susanna Penttil\u00e4. KUVA: ATTE KAJOVA<br \/>\n            ATTE KAJOVA\n        <\/p>\n<p class=\"subtitle \">Autoilu yhdist\u00e4\u00e4 Susanna Penttil\u00e4\u00e4 ja t\u00e4m\u00e4n poikaa.<\/p>\n<p class=\"article-content article-content-width !bg-background\">OnlyFans-t\u00e4hti   avautui perhearjestaan MTV:n T\u00e4hdet vs. Google -ohjelmassa.<\/p>\n<p class=\"font-weight-bold m-font-weight-bold article-content article-content-width !bg-background\">Video: Susanna Penttil\u00e4 kertoo tulevasta vuodestaan.<\/p>\n<p class=\"article-content article-content-width !bg-background\"> Viihdetoimittaja   luotsaamassa ohjelmassa tunnetut suomalaiset valottavat el\u00e4m\u00e4\u00e4ns\u00e4 vastaamalla nettikansaa kutkuttaviin kysymyksiin.\u00a0<\/p>\n<p class=\"article-content article-content-width !bg-background\">Ohjelman uusimmalla kaudella toimittajan piinapenkkiin istuvat muun muassa juontaja\u00a0, n\u00e4yttelij\u00e4  ja ex-rikollispomo\u00a0.<\/p>\n<p class=\"article-content article-content-width !bg-background\">Ohjelmassa taannoin vieraillut Susanna avautuu ohjelmassa muun muassa tuloistaan ja rakkausel\u00e4m\u00e4st\u00e4\u00e4n. Vaatealan yritt\u00e4j\u00e4n\u00e4 alkujaan tutuksi tullut Susanna tekee my\u00f6s raatorehellisen paljastuksen OnlyFans-arjen nurjasta puolesta.<\/p>\n<p>        <a itemprop=\"url\" href=\"https:\/\/www.seiska.fi\/katso\/susanna-penttilalta-avoin-ulostulo-pelottaa-1\/2195974\" rel=\"nofollow noopener\" target=\"_blank\"><\/p>\n<p>\nSusanna Penttil\u00e4lt\u00e4 avoin ulostulo\n<\/p>\n<p class=\"section-date\">\n        <strong class=\"article-section\" data-section=\"katso\"><br \/>\n            katso<br \/>\n        <\/strong><br \/>\n        3.7. 05:15\n    <\/p>\n<p>Susanna Penttil\u00e4lt\u00e4 avoin ulostulo: &#8221;Pelottaa&#8221;\n    <\/p>\n<p itemprop=\"description\" class=\"subtitle \">\n    Onlyfans-t\u00e4hti paljastaa T\u00e4hdet vs. Google -ohjelmassa, ett\u00e4 menestyksell\u00e4 aikuisviihteen parissa on my\u00f6s varjopuolensa.\n<\/p>\n<p>        <\/a><\/p>\n<p>                <img decoding=\"async\" src=\"https:\/\/www.europesays.com\/fi\/wp-content\/uploads\/2026\/07\/1784545033_812_2181872.webp\" width=\"576\" height=\"634\" title=\"Susannan kohuttua panoautoa on ihmetelty pitkin kes\u00e4\u00e4.\" alt=\"Susanna Penttil\u00e4n seksibussi. Kyljess\u00e4 teippaus Susannan kuvalla.\" loading=\"lazy\" \/>            <\/p>\n<p>\n            Susannan kohuttua panoautoa on ihmetelty pitkin kes\u00e4\u00e4.<br \/>\n            Susanna Penttil\u00e4n albumi\n        <\/p>\n<p>Autoilu yhdist\u00e4\u00e4 \u00e4iti\u00e4 ja poikaa<\/p>\n<p class=\"article-content article-content-width !bg-background\">Aikuisviihdealan vaaroista avoimesti puhuva Susanna kertoo kantavansa huolta nuorista OnlyFans-sis\u00e4ll\u00f6ntuottajista. Susannaa huolettaa erityisesti sivustolle asetettu 18 vuoden alaik\u00e4raja.<\/p>\n<p class=\"article-content article-content-width !bg-background\">\u2013 Se voi olla liian nuori ik\u00e4, jos tytt\u00f6 avaa 18-vuotiaana sen sivun. Siell\u00e4 on niit\u00e4 namuseti\u00e4, jotka voi heitt\u00e4\u00e4 rahaa ja pyyt\u00e4\u00e4 sit\u00e4 sun t\u00e4t\u00e4, Susanna sanoo.<\/p>\n<p class=\"article-content article-content-width !bg-background\">Sis\u00e4lt\u00f6\u00e4 sivustolle liki nelj\u00e4n vuoden ajan kuvannut Susanna pit\u00e4isi ik\u00e4rajan nostoa tervetulleena uudistuksena.<\/p>\n<p class=\"article-content article-content-width !bg-background\">\u2013 Siell\u00e4 vois olla ik\u00e4raja 21. Kolmen vuoden aikana 18-vuotias ehtisi viel\u00e4 miettim\u00e4\u00e4n, avaako sen tilin, Susanna selvitt\u00e4\u00e4.<\/p>\n<p>                <img loading=\"lazy\" decoding=\"async\" src=\"https:\/\/www.europesays.com\/fi\/wp-content\/uploads\/2026\/07\/1784545033_246_2168924.webp\" width=\"576\" height=\"322\" alt=\"OnlyFans-sivustolle sis\u00e4lt\u00f6\u00e4 liki nelj\u00e4n vuoden ajan kuvannut Susanna nostaisi sivuston ik\u00e4rajaa 18 vuodesta 21 vuoteen.\" \/>            <\/p>\n<p>\n            OnlyFans-sivustolle sis\u00e4lt\u00f6\u00e4 liki nelj\u00e4n vuoden ajan kuvannut Susanna nostaisi sivuston ik\u00e4rajaa 18 vuodesta 21 vuoteen.<br \/>\n            Atte Kajova\n        <\/p>\n<p>        <a itemprop=\"url\" href=\"https:\/\/www.seiska.fi\/katso\/sami-uotila-sai-tarpeekseen-katkoo-huhuilta-siivet\/2211113\" rel=\"nofollow noopener\" target=\"_blank\"><\/p>\n<p>\nSami Uotila sai tarpeekseen\n<\/p>\n<p class=\"section-date\">\n        <strong class=\"article-section\" data-section=\"katso\"><br \/>\n            katso<br \/>\n        <\/strong><br \/>\n        07:15\n    <\/p>\n<p>Sami Uotila sai tarpeekseen \u2013 katkoo huhuilta siivet\n    <\/p>\n<p itemprop=\"description\" class=\"subtitle \">\n    Sitke\u00e4ss\u00e4 el\u00e4v\u00e4 v\u00e4\u00e4rink\u00e4sitys piinaa Sami Uotilaa.\n<\/p>\n<p>        <\/a><\/p>\n<p class=\"article-content article-content-width !bg-background\">OnlyFans-sivustolle sis\u00e4lt\u00f6\u00e4 kuvaaviin nuoriin tytt\u00f6ihin \u00e4idillisesti suhtautuva Susanna on itsekin \u00e4iti. Perhett\u00e4\u00e4n Susanna kertoo varjelevansa julkisuudelta.<\/p>\n<p class=\"article-content article-content-width !bg-background\"> \u2013 Pid\u00e4n perheeni poissa julkisuudesta, koska mulle perhe on pyh\u00e4 ja yksityinen asia, Susanna sanoo.<\/p>\n<p class=\"article-content article-content-width !bg-background\">Julkista tietoa on kuitenkin se, ett\u00e4 Susannalla on alaik\u00e4inen poika.\u00a0\u00c4itin\u00e4 Susanna on omien sanojensa mukaan omistautuva.<\/p>\n<p class=\"article-content article-content-width !bg-background\"> \u2013 M\u00e4 olen kiltti ja herttainen, aito ja l\u00e4sn\u00e4. V\u00e4h\u00e4n liiankin kiltti, Susanna paljastaa.<\/p>\n<p class=\"article-content article-content-width !bg-background\"> \u2013 Oon hemmotteleva, hakisin vaikka kuun taivaalta, Susanna jatkaa.<\/p>\n<p>                <img decoding=\"async\" src=\"https:\/\/www.europesays.com\/fi\/wp-content\/uploads\/2026\/07\/2181870.webp\" width=\"576\" height=\"864\" title=\"Autot ovat l\u00e4hell\u00e4 Susannan syd\u00e4nt\u00e4. Kansaa kuohuttaneen panoauton lis\u00e4ksi Susannan voi bongata virtaviivaisen Porche Taycan -urheiluauton ratista.\" alt=\"Susanna Penttil\u00e4 nojaa bangbussiinsa.\" loading=\"lazy\" \/>            <\/p>\n<p>\n            Autot ovat l\u00e4hell\u00e4 Susannan syd\u00e4nt\u00e4. Kansaa kuohuttaneen panoauton lis\u00e4ksi Susannan voi bongata virtaviivaisen Porche Taycan -urheiluauton ratista.<br \/>\n            Susanna Penttil\u00e4n albumi\n        <\/p>\n<p>        <a itemprop=\"url\" href=\"https:\/\/www.seiska.fi\/katso\/shirly-karvisen-rehellinen-avautuminen-katuu-kauneusleikkaustaan\/2196483\" rel=\"nofollow noopener\" target=\"_blank\"><\/p>\n<p>\nShirly Karvisen rehellinen avautuminen\n<\/p>\n<p class=\"section-date\">\n        <strong class=\"article-section\" data-section=\"katso\"><br \/>\n            katso<br \/>\n        <\/strong><br \/>\n        4.7. 07:15\n    <\/p>\n<p>Shirly Karvisen rehellinen avautuminen \u2013 katuu kauneusleikkaustaan\n    <\/p>\n<p itemprop=\"description\" class=\"subtitle \">\n    Shirly Karvinen puhuu avoimesti kauneusoperaatioistaan ja yhteiskunnassa vallitsevista kauneusihanteista.\n<\/p>\n<p>        <\/a><\/p>\n<p class=\"article-content article-content-width !bg-background\">Bangbus-panoautonsa ansiosta koko kes\u00e4n kohuotsikoissa paistatellut Susanna kertoo autoilun yhdist\u00e4v\u00e4n \u00e4iti\u00e4 ja poikaa. Susanna paljastaa ajokorttia parhaillaan ajavan poikansa saaneen oppaakseen oman \u00e4itins\u00e4.<\/p>\n<p class=\"article-content article-content-width !bg-background\">\u2013 Opetan h\u00e4nt\u00e4 t\u00e4ll\u00e4 hetkell\u00e4 ajamaan autoa, Susanna v\u00e4l\u00e4ytt\u00e4\u00e4.<\/p>\n<p class=\"article-content article-content-width !bg-background\">Panoauton ohjaksiin Susannan poika ei kuitenkaan ole tiett\u00e4v\u00e4sti p\u00e4\u00e4ssyt. Susanna kertoo saaneensa ajo-opetusta varten k\u00e4ytt\u00f6\u00f6ns\u00e4 sponsoriauton, jonka rattiin h\u00e4nen poikansa on nyt p\u00e4\u00e4ssyt hypp\u00e4\u00e4m\u00e4\u00e4n.<\/p>\n<p class=\"italic m-italic article-content article-content-width !bg-background\">T\u00e4hdet vs. Google katsottavissa MTV Katsomossa.<\/p>\n<p>        <a itemprop=\"url\" href=\"https:\/\/www.seiska.fi\/katso\/sami-uotilalta-parisuhdepaljastus\/2197390\" rel=\"nofollow noopener\" target=\"_blank\"><\/p>\n<p>\nSami Uotila:\n<\/p>\n<p class=\"section-date\">\n        <strong class=\"article-section\" data-section=\"katso\"><br \/>\n            katso<br \/>\n        <\/strong><br \/>\n        6.7. 05:15\n    <\/p>\n<p>Sami Uotilalta parisuhdepaljastus!\n    <\/p>\n<p itemprop=\"description\" class=\"subtitle \">\n    Sami Uotila on l\u00f6yt\u00e4nyt rinnalleen uuden rakkauden.\n<\/p>\n<p>        <\/a><\/p>\n","protected":false},"excerpt":{"rendered":"20251120 HELSINKI. Susanna Penttil\u00e4. KUVA: ATTE KAJOVA ATTE KAJOVA Autoilu yhdist\u00e4\u00e4 Susanna Penttil\u00e4\u00e4 ja t\u00e4m\u00e4n poikaa. OnlyFans-t\u00e4hti avautui&hellip;\n","protected":false},"author":2,"featured_media":305289,"comment_status":"","ping_status":"","sticky":false,"template":"","format":"standard","meta":{"footnotes":"","_share_on_mastodon":"0"},"categories":[130],"tags":[6051,137,33,31,30,39687,3705,32,3706,38854,109],"class_list":["post-305288","post","type-post","status-publish","format-standard","has-post-thumbnail","category-viihde","tag-autoilu","tag-entertainment","tag-fi","tag-finland","tag-finnish","tag-iriz-silander","tag-onlyfans","tag-suomi","tag-susanna-penttila","tag-tahdet-vs-google","tag-viihde"],"share_on_mastodon":{"url":"https:\/\/pubeurope.com\/@fi\/116951950770880472","error":""},"_links":{"self":[{"href":"https:\/\/www.europesays.com\/fi\/wp-json\/wp\/v2\/posts\/305288","targetHints":{"allow":["GET"]}}],"collection":[{"href":"https:\/\/www.europesays.com\/fi\/wp-json\/wp\/v2\/posts"}],"about":[{"href":"https:\/\/www.europesays.com\/fi\/wp-json\/wp\/v2\/types\/post"}],"author":[{"embeddable":true,"href":"https:\/\/www.europesays.com\/fi\/wp-json\/wp\/v2\/users\/2"}],"replies":[{"embeddable":true,"href":"https:\/\/www.europesays.com\/fi\/wp-json\/wp\/v2\/comments?post=305288"}],"version-history":[{"count":0,"href":"https:\/\/www.europesays.com\/fi\/wp-json\/wp\/v2\/posts\/305288\/revisions"}],"wp:featuredmedia":[{"embeddable":true,"href":"https:\/\/www.europesays.com\/fi\/wp-json\/wp\/v2\/media\/305289"}],"wp:attachment":[{"href":"https:\/\/www.europesays.com\/fi\/wp-json\/wp\/v2\/media?parent=305288"}],"wp:term":[{"taxonomy":"category","embeddable":true,"href":"https:\/\/www.europesays.com\/fi\/wp-json\/wp\/v2\/categories?post=305288"},{"taxonomy":"post_tag","embeddable":true,"href":"https:\/\/www.europesays.com\/fi\/wp-json\/wp\/v2\/tags?post=305288"}],"curies":[{"name":"wp","href":"https:\/\/api.w.org\/{rel}","templated":true}]}}