{"id":30533,"date":"2025-09-10T04:01:11","date_gmt":"2025-09-10T04:01:11","guid":{"rendered":"https:\/\/www.europesays.com\/fi\/30533\/"},"modified":"2025-09-10T04:01:11","modified_gmt":"2025-09-10T04:01:11","slug":"mullistunut-ios-26-saapuu-vanhoille-iphone-puhelimille-15-syyskuuta-katso-onko-puhelimesi-talla-listalla","status":"publish","type":"post","link":"https:\/\/www.europesays.com\/fi\/30533\/","title":{"rendered":"Mullistunut iOS 26 saapuu vanhoille iPhone-puhelimille 15. syyskuuta \u2013 katso onko puhelimesi t\u00e4ll\u00e4 listalla!"},"content":{"rendered":"<p><img loading=\"lazy\" decoding=\"async\" class=\"alignnone size-large wp-image-145887\" src=\"https:\/\/www.europesays.com\/fi\/wp-content\/uploads\/2025\/09\/ios-26-1-1024x795.png\" alt=\"\" width=\"1024\" height=\"795\"\/><\/p>\n<p>Applen uudet iPhone 17 -sarjan puhelimet, ohut iPhone Air sek\u00e4 uudet kello- ja \u00e4\u00e4nilaitteet nousivat p\u00e4\u00e4rooliin Awe Dropping -tapahtumassa, mutta ohjelmistopuolella n\u00e4htiin my\u00f6s merkitt\u00e4vi\u00e4 uutisia. Yhti\u00f6 vahvisti, ett\u00e4 iOS 26 julkaistaan maanantaina 15. syyskuuta kaikille tuetuille iPhone-malleille. Samana p\u00e4iv\u00e4n\u00e4 p\u00e4ivittyv\u00e4t my\u00f6s iPadOS 26 sek\u00e4 watchOS 26.<\/p>\n<p>Ios 26 esiteltiin ensimm\u00e4isen kerran kes\u00e4kuussa WWDC-tapahtumassa, ja sen keski\u00f6ss\u00e4 on t\u00e4ysin uusi Liquid Glass -k\u00e4ytt\u00f6liittym\u00e4, joka tekee sovelluksista ja k\u00e4ytt\u00f6j\u00e4rjestelm\u00e4n toiminnoista entist\u00e4 visuaalisempia ja el\u00e4vi\u00e4. P\u00e4ivitys tuo mukanaan my\u00f6s merkitt\u00e4vi\u00e4 parannuksia Applen omiin sovelluksiin, kuten Walletiin, CarPlayhin ja Viesteihin.<\/p>\n<p>\n\t\t\tArtikkeli jatkuu mainoksen j\u00e4lkeen\n\t\t<\/p>\n<p>Apple Intelligence -toiminnot ovat entist\u00e4 laajemmassa roolissa, Live Translation -ominaisuus mahdollistaa viestien, puheluiden ja FaceTimen reaaliaikaisen k\u00e4\u00e4nt\u00e4misen, ja uusia visuaalisen \u00e4lyn ty\u00f6kaluja voi hy\u00f6dynt\u00e4\u00e4 esimerkiksi kuvakaappausten ja sis\u00e4lt\u00f6hakujen kanssa.<\/p>\n<p><a href=\"https:\/\/suomimobiili.fi\/apple-esitteli-ios-26-paivityksen\/\" rel=\"nofollow noopener\" target=\"_blank\">Lis\u00e4tietoja iOS 26 -versiosta voi lukea t\u00e4m\u00e4n linkin takaa.\u00a0<\/a><\/p>\n<p>Ios 26 on saatavilla seuraaville iPhoneille:<\/p>\n<ul>\n<li>iPhone 17, iPhone 17 Pro, iPhone 17 Pro Max<\/li>\n<li>iPhone Air<\/li>\n<li>iPhone 16e<\/li>\n<li>iPhone 16, iPhone 16 Plus, iPhone 16 Pro, iPhone 16 Pro Max<\/li>\n<li>iPhone 15, iPhone 15 Plus, iPhone 15 Pro, iPhone 15 Pro Max<\/li>\n<li>iPhone 14, iPhone 14 Plus, iPhone 14 Pro, iPhone 14 Pro Max<\/li>\n<li>iPhone 13, iPhone 13 mini, iPhone 13 Pro, iPhone 13 Pro Max<\/li>\n<li>iPhone 12, iPhone 12 mini, iPhone 12 Pro, iPhone 12 Pro Max<\/li>\n<li>iPhone 11, iPhone 11 Pro, iPhone 11 Pro Max<\/li>\n<li>iPhone SE (2. suku\u00adpolvi ja uudempi)<\/li>\n<\/ul>\n<p>Merkitt\u00e4vimp\u00e4n\u00e4 muutoksena iPhone XS, XS Max ja XR putoavat tuettujen mallien listalta.<\/p>\n<p>\n\t\t\tArtikkeli jatkuu mainoksen j\u00e4lkeen\n\t\t<\/p>\n<p>Saman p\u00e4ivitysp\u00e4iv\u00e4n saa my\u00f6s iPadOS 26, joka painottuu tuottavuusominaisuuksiin. Uusi ikkunointij\u00e4rjestelm\u00e4, p\u00e4ivitetty Dock ja valikkopalkki tuovat iPadille entist\u00e4 Mac-maisen k\u00e4ytt\u00f6kokemuksen. Mukana on my\u00f6s Liquid Glass -uudistus sek\u00e4 iOS 26:n \u00e4lykkyysominaisuudet.<\/p>\n<p>Tuettuja malleja ovat:<\/p>\n<ul>\n<li>iPad Pro (M4)<\/li>\n<li>12,9 tuuman iPad Pro (3. sukupolvi tai uudempi)<\/li>\n<li>11 tuuman iPad Pro (1. suku\u00adpolvi tai uudempi)<\/li>\n<li>iPad Air (M3)<\/li>\n<li>iPad Air (M2)<\/li>\n<li>iPad Air (3. sukupolvi tai uudempi)<\/li>\n<li>iPad (A16)<\/li>\n<li>iPad (8. suku\u00adpolvi tai uudempi)<\/li>\n<li>iPad mini (A17 Pro)<\/li>\n<li>iPad mini (5. suku\u00adpolvi tai uudempi)<\/li>\n<\/ul>\n<p>Ainoa pois j\u00e4\u00e4v\u00e4 malli on iPad (7. sukupolvi).<\/p>\n<p><a href=\"https:\/\/suomimobiili.fi\/ipados-26-on-applen-historian-suurin-ipad-paivitys-uusi-ikkunajarjestelma-ja-paljon-muuta\/\" rel=\"nofollow noopener\" target=\"_blank\">Lis\u00e4tietoja iPadOS 26 -p\u00e4ivityksest\u00e4 voi lukea t\u00e4m\u00e4n linkin takaa.<\/a><\/p>\n<p>\n\t\t\tArtikkeli jatkuu mainoksen j\u00e4lkeen\n\t\t<\/p>\n<p>Apple Watch saa my\u00f6s ison p\u00e4ivityksen 15. syyskuuta. WatchOS 26 tuo Liquid Glass -tyylin lis\u00e4ksi uusia toimintoja. Yksi on\u00a0Workout Buddy, joka on henkil\u00f6kohtainen treenikaveri ja se hy\u00f6dynt\u00e4\u00e4 Apple Intelligencea. Mukana on my\u00f6s ranneheilautus (Wrist Flick) ilmoitusten ja puheluiden nopea hylk\u00e4\u00e4minen ranneliikkeell\u00e4.<\/p>\n<p>Tuetut kellot:<\/p>\n<ul>\n<li>Apple Watch SE 2<\/li>\n<li>Apple Watch SE 3<\/li>\n<li>Apple Watch Series 6<\/li>\n<li>Apple Watch Series 7<\/li>\n<li>Apple Watch Series 8<\/li>\n<li>Apple Watch Series 9<\/li>\n<li>Apple Watch Series 10<\/li>\n<li>Apple Watch Series 11<\/li>\n<li>Apple Watch Ultra<\/li>\n<li>Apple Watch Ultra 2<\/li>\n<li>Apple Watch Ultra 3<\/li>\n<\/ul>\n<p><a href=\"https:\/\/suomimobiili.fi\/watchos-26-tekee-apple-watchista-alykkaamman-henkilokohtaisemman-ja-nayttavamman\/\" rel=\"nofollow noopener\" target=\"_blank\">Lis\u00e4tietoja watchOS 26 -p\u00e4ivityksest\u00e4 voi lukea aikaisemmasta artikkelistamme t\u00e4m\u00e4n linkin takaa.\u00a0<\/a><\/p>\n<p>Ios 26, iPadOS 26 ja watchOS 26 julkaistaan yht\u00e4 aikaa maanantaina 15. syyskuuta. P\u00e4ivitykset tuovat mukanaan uuden visuaalisen ilmeen, enemm\u00e4n \u00e4ly\u00e4 Apple Intelligencen avulla sek\u00e4 joukon uusia tuottavuus- ja hyvinvointiominaisuuksia.<\/p>\n<p><strong>L\u00e4hde<\/strong>: Apple<\/p>\n","protected":false},"excerpt":{"rendered":"Applen uudet iPhone 17 -sarjan puhelimet, ohut iPhone Air sek\u00e4 uudet kello- ja \u00e4\u00e4nilaitteet nousivat p\u00e4\u00e4rooliin Awe Dropping&hellip;\n","protected":false},"author":2,"featured_media":30534,"comment_status":"","ping_status":"","sticky":false,"template":"","format":"standard","meta":{"footnotes":""},"categories":[84],"tags":[1029,33,31,30,1030,9104,32,91,92],"class_list":{"0":"post-30533","1":"post","2":"type-post","3":"status-publish","4":"format-standard","5":"has-post-thumbnail","7":"category-teknologia","8":"tag-apple","9":"tag-fi","10":"tag-finland","11":"tag-finnish","12":"tag-ios-26","13":"tag-ipados-26","14":"tag-suomi","15":"tag-technology","16":"tag-teknologia"},"share_on_mastodon":{"url":"","error":""},"_links":{"self":[{"href":"https:\/\/www.europesays.com\/fi\/wp-json\/wp\/v2\/posts\/30533","targetHints":{"allow":["GET"]}}],"collection":[{"href":"https:\/\/www.europesays.com\/fi\/wp-json\/wp\/v2\/posts"}],"about":[{"href":"https:\/\/www.europesays.com\/fi\/wp-json\/wp\/v2\/types\/post"}],"author":[{"embeddable":true,"href":"https:\/\/www.europesays.com\/fi\/wp-json\/wp\/v2\/users\/2"}],"replies":[{"embeddable":true,"href":"https:\/\/www.europesays.com\/fi\/wp-json\/wp\/v2\/comments?post=30533"}],"version-history":[{"count":0,"href":"https:\/\/www.europesays.com\/fi\/wp-json\/wp\/v2\/posts\/30533\/revisions"}],"wp:featuredmedia":[{"embeddable":true,"href":"https:\/\/www.europesays.com\/fi\/wp-json\/wp\/v2\/media\/30534"}],"wp:attachment":[{"href":"https:\/\/www.europesays.com\/fi\/wp-json\/wp\/v2\/media?parent=30533"}],"wp:term":[{"taxonomy":"category","embeddable":true,"href":"https:\/\/www.europesays.com\/fi\/wp-json\/wp\/v2\/categories?post=30533"},{"taxonomy":"post_tag","embeddable":true,"href":"https:\/\/www.europesays.com\/fi\/wp-json\/wp\/v2\/tags?post=30533"}],"curies":[{"name":"wp","href":"https:\/\/api.w.org\/{rel}","templated":true}]}}