{"id":305344,"date":"2026-07-20T12:42:10","date_gmt":"2026-07-20T12:42:10","guid":{"rendered":"https:\/\/www.europesays.com\/fi\/305344\/"},"modified":"2026-07-20T12:42:10","modified_gmt":"2026-07-20T12:42:10","slug":"saimaannorppa-kuoli-laittomaan-pyydykseen-savonlinnassa-metsahallitus-tekee-rikosilmoituksen-etela-savo","status":"publish","type":"post","link":"https:\/\/www.europesays.com\/fi\/305344\/","title":{"rendered":"Saimaannorppa kuoli laittomaan pyydykseen Savonlinnassa \u2013 Mets\u00e4hallitus tekee rikosilmoituksen | Etel\u00e4-Savo"},"content":{"rendered":"<p class=\"aw__sc-1qwuw0s-0 aw__sc-1vg2sqm-0 epAWpq ecELkD yle__article__paragraph\">Mets\u00e4hallituksen mukaan pyydyskuolemia on ollut reilusti yli keskiarvon.<\/p>\n<p><img decoding=\"async\" alt=\"Kelluva merta j\u00e4rvess\u00e4. Merran sis\u00e4ll\u00e4 n\u00e4kyy sinne juuttuneen saimaannorpan kuutin ruho. Ruho kelluu puolittain pinnalla, ja sen turkki on punertava.\" src=\"https:\/\/www.europesays.com\/fi\/wp-content\/uploads\/2026\/07\/1784548513.jpeg\" class=\"aw__sc-dklauk-0 LPzKX\"\/><\/p>\n<p>Avaa kuvien katselu<\/p>\n<p>Pihlajavedelt\u00e4 l\u00f6ytynyt kuollut kuutti on saattanut kuolla tavanomaista tuskaisemmin. Kuva: Mets\u00e4hallitus<\/p>\n<p class=\"aw__sc-1qwuw0s-0 aw__sc-ngllmo-0 epAWpq fzYpjk yle__article__paragraph\">Savonlinnan Pihlajavedelt\u00e4 l\u00f6ydettiin lauantaina 18. hein\u00e4kuuta kuollut saimaannorpan kuutti, joka oli juuttunut laittomaan mertaan.<\/p>\n<p class=\"aw__sc-1qwuw0s-0 aw__sc-ngllmo-0 epAWpq fzYpjk yle__article__paragraph\">Kuollut saimaannorppanaaras oli noin 98 sentti\u00e4 pitk\u00e4, eli kyseess\u00e4 on todenn\u00e4k\u00f6isesti menneen kev\u00e4\u00e4n kuutti.<\/p>\n<p class=\"aw__sc-1qwuw0s-0 aw__sc-ngllmo-0 epAWpq fzYpjk yle__article__paragraph\">\u2013 T\u00e4ss\u00e4 tapauksessa kuutin kuolema on ollut ehk\u00e4 tavallistakin tuskaisampi. Se on j\u00e4\u00e4nyt nieluun kiinni vy\u00f6t\u00e4r\u00f6lt\u00e4\u00e4n niin, ett\u00e4 p\u00e4\u00e4 on pyydyksen sis\u00e4ll\u00e4, mutta takaruumis ja takar\u00e4pyl\u00e4t ulkopuolella. Kuutti on siis mahdollisesti pystynyt liikkumaan kevyen pyydyksen kanssa ja ehk\u00e4 pintautuakin ottamaan happea, kertoo Mets\u00e4hallituksen Luontopalvelujen luonnonsuojelun erityisasiantuntija <strong class=\"aw__sc-ngllmo-2 gdRrun yle__article__strong\">Riikka Alakoski<\/strong>.<\/p>\n<p class=\"aw__sc-1qwuw0s-0 aw__sc-ngllmo-0 epAWpq fzYpjk yle__article__paragraph\">Noin metrin pituisen pyydyksen nielu levisi 180 millimetriin, eli se oli voimassa olevien pyydysm\u00e4\u00e4r\u00e4ysten vastainen. Pyydyksess\u00e4 ei ollut my\u00f6sk\u00e4\u00e4n omistajatietoja eik\u00e4 pyydysmerkkej\u00e4.<\/p>\n<p>Jo kymmenes pyydyskuolema t\u00e4n\u00e4 vuonna<\/p>\n<p class=\"aw__sc-1qwuw0s-0 aw__sc-ngllmo-0 epAWpq fzYpjk yle__article__paragraph\">Iso Kankaissel\u00e4ll\u00e4 Pikku-Kankaisen saaren pohjoispuolelta l\u00f6ydetty kuutti on jo kymmenes saimaannorpan pyydyskuolema t\u00e4n\u00e4 vuonna: kuusi on kuollut verkkoihin, kolme l\u00f6ys\u00e4nieluisiin mertoihin tai katiskoihin ja yksi rys\u00e4\u00e4n.<\/p>\n<p class=\"aw__sc-1qwuw0s-0 aw__sc-ngllmo-0 epAWpq fzYpjk yle__article__paragraph\">Mets\u00e4hallituksen mukaan <a class=\"aw__sc-ngllmo-1 bTDnwX yle__article__link\" href=\"https:\/\/yle.fi\/a\/74-20236490\" role=\"link\" rel=\"nofollow noopener\" target=\"_blank\">pyydyskuolemia on ollut reilusti yli keskiarvon ja m\u00e4\u00e4r\u00e4 on nousussa. <\/a><\/p>\n<p class=\"aw__sc-1qwuw0s-0 aw__sc-ngllmo-0 epAWpq fzYpjk yle__article__paragraph\">\u2013 T\u00e4llaiset tapaukset olisivat helposti estett\u00e4viss\u00e4 k\u00e4ytt\u00e4m\u00e4ll\u00e4 norppaturvallisia tiukkanieluisia pyydyksi\u00e4, Alakoski sanoo.<\/p>\n<p class=\"aw__sc-1qwuw0s-0 aw__sc-ngllmo-0 epAWpq fzYpjk yle__article__paragraph\">Kalastuslain mukaan pyydyksen omistajan pit\u00e4\u00e4 ilmoittaa kuolleesta norpasta Mets\u00e4hallitukselle. T\u00e4ss\u00e4 tapauksessa ilmoituksen teki sivullinen vesill\u00e4liikkuja.<\/p>\n<p class=\"aw__sc-1qwuw0s-0 aw__sc-ngllmo-0 epAWpq fzYpjk yle__article__paragraph\">Mets\u00e4hallitus tekee tapauksesta rikosilmoituksen.<\/p>\n","protected":false},"excerpt":{"rendered":"Mets\u00e4hallituksen mukaan pyydyskuolemia on ollut reilusti yli keskiarvon. Avaa kuvien katselu Pihlajavedelt\u00e4 l\u00f6ytynyt kuollut kuutti on saattanut kuolla&hellip;\n","protected":false},"author":2,"featured_media":305345,"comment_status":"","ping_status":"","sticky":false,"template":"","format":"standard","meta":{"footnotes":"","_share_on_mastodon":"0"},"categories":[112],"tags":[184,33,31,30,1732,8435,71,961,72,1847,8434,8497,1002,5186,1000,118,32,119],"class_list":["post-305344","post","type-post","status-publish","format-standard","has-post-thumbnail","category-tiede","tag-etela-savo","tag-fi","tag-finland","tag-finnish","tag-kalastus","tag-kalastusvalineet","tag-kotimaa","tag-luonnonsuojelu","tag-luonto","tag-metsahallitus","tag-norppa","tag-rikosilmoitukset","tag-saimaa","tag-saimaannorppa","tag-savonlinna","tag-science","tag-suomi","tag-tiede"],"share_on_mastodon":{"url":"https:\/\/pubeurope.com\/@fi\/116952363589383300","error":""},"_links":{"self":[{"href":"https:\/\/www.europesays.com\/fi\/wp-json\/wp\/v2\/posts\/305344","targetHints":{"allow":["GET"]}}],"collection":[{"href":"https:\/\/www.europesays.com\/fi\/wp-json\/wp\/v2\/posts"}],"about":[{"href":"https:\/\/www.europesays.com\/fi\/wp-json\/wp\/v2\/types\/post"}],"author":[{"embeddable":true,"href":"https:\/\/www.europesays.com\/fi\/wp-json\/wp\/v2\/users\/2"}],"replies":[{"embeddable":true,"href":"https:\/\/www.europesays.com\/fi\/wp-json\/wp\/v2\/comments?post=305344"}],"version-history":[{"count":0,"href":"https:\/\/www.europesays.com\/fi\/wp-json\/wp\/v2\/posts\/305344\/revisions"}],"wp:featuredmedia":[{"embeddable":true,"href":"https:\/\/www.europesays.com\/fi\/wp-json\/wp\/v2\/media\/305345"}],"wp:attachment":[{"href":"https:\/\/www.europesays.com\/fi\/wp-json\/wp\/v2\/media?parent=305344"}],"wp:term":[{"taxonomy":"category","embeddable":true,"href":"https:\/\/www.europesays.com\/fi\/wp-json\/wp\/v2\/categories?post=305344"},{"taxonomy":"post_tag","embeddable":true,"href":"https:\/\/www.europesays.com\/fi\/wp-json\/wp\/v2\/tags?post=305344"}],"curies":[{"name":"wp","href":"https:\/\/api.w.org\/{rel}","templated":true}]}}