{"id":305444,"date":"2026-07-20T15:25:10","date_gmt":"2026-07-20T15:25:10","guid":{"rendered":"https:\/\/www.europesays.com\/fi\/305444\/"},"modified":"2026-07-20T15:25:10","modified_gmt":"2026-07-20T15:25:10","slug":"nurmijarvella-kahden-henkiloauton-nokkakolari-uusimaa","status":"publish","type":"post","link":"https:\/\/www.europesays.com\/fi\/305444\/","title":{"rendered":"Nurmij\u00e4rvell\u00e4 kahden henkil\u00f6auton nokkakolari | Uusimaa"},"content":{"rendered":"<p class=\"aw__sc-1qwuw0s-0 aw__sc-1vg2sqm-0 epAWpq ecELkD yle__article__paragraph\">Pelastuslaitos irrotti onnettomuuden osalliset autoista ja ensihoito hoiti heid\u00e4t, tiedottaa Keski-Uudenmaan pelastuslaitos.<\/p>\n<p><img decoding=\"async\" alt=\"Poliisin logo ylikonstaapelin ty\u00f6asun hihassa.\" src=\"https:\/\/www.europesays.com\/fi\/wp-content\/uploads\/2026\/07\/1784017155.jpeg\" class=\"aw__sc-dklauk-0 LPzKX\"\/><\/p>\n<p>Avaa kuvien katselu<\/p>\n<p>Poliisi ohjaa liikennett\u00e4 onnettomuuspaikalla. Kuva: Jaana Polamo \/ Yle<\/p>\n<p>16:16\u2022P\u00e4ivitetty 16:33<\/p>\n<p class=\"aw__sc-1qwuw0s-0 aw__sc-ngllmo-0 epAWpq fzYpjk yle__article__paragraph\">Kaksi henkil\u00f6autoa ajoi nokkakolarin Nurmij\u00e4rvell\u00e4 Hangonv\u00e4yl\u00e4ll\u00e4 hieman kello 15 j\u00e4lkeen maanantaina.<\/p>\n<p class=\"aw__sc-1qwuw0s-0 aw__sc-ngllmo-0 epAWpq fzYpjk yle__article__paragraph\">It\u00e4-Uudenmaan poliisin mukaan Hangontiet\u00e4 pohjoisesta etel\u00e4n suuntaan ajanut henkil\u00f6auto oli ajautunut vastaantulevien kaistalle ja t\u00f6rm\u00e4nnyt toiseen henkil\u00f6autoon. Onnettomuus tapahtui Hangonv\u00e4yl\u00e4ll\u00e4 Rajam\u00e4en liittym\u00e4st\u00e4 hieman etel\u00e4\u00e4n.<\/p>\n<p class=\"aw__sc-1qwuw0s-0 aw__sc-ngllmo-0 epAWpq fzYpjk yle__article__paragraph\">Liikenne oli onnettomuuspaikalla pys\u00e4hdyksiss\u00e4 yli kaksi tuntia. Poliisi tiedotti puoli kuuden aikaan, ett\u00e4 Hangonv\u00e4yl\u00e4n liikenne on palautumassa pian normaaliksi, kun onnettomuuspaikka saadaan raivattua.<\/p>\n<p class=\"aw__sc-1qwuw0s-0 aw__sc-ngllmo-0 epAWpq fzYpjk yle__article__paragraph\">Uutinen p\u00e4ivittyy.<\/p>\n","protected":false},"excerpt":{"rendered":"Pelastuslaitos irrotti onnettomuuden osalliset autoista ja ensihoito hoiti heid\u00e4t, tiedottaa Keski-Uudenmaan pelastuslaitos. Avaa kuvien katselu Poliisi ohjaa liikennett\u00e4&hellip;\n","protected":false},"author":2,"featured_media":305445,"comment_status":"","ping_status":"","sticky":false,"template":"","format":"standard","meta":{"footnotes":"","_share_on_mastodon":"0"},"categories":[5],"tags":[22,23,13127,26,27,33,31,30,17,7085,71,24,25,990,28,29,15,401,837,18,21,2263,857,32,19,20,1168,16],"class_list":["post-305444","post","type-post","status-publish","format-standard","has-post-thumbnail","category-otsikot","tag-breaking-news","tag-breakingnews","tag-ensihoito","tag-featured-news","tag-featurednews","tag-fi","tag-finland","tag-finnish","tag-headlines","tag-keski-uusimaa","tag-kotimaa","tag-latest-news","tag-latestnews","tag-liikenneonnettomuudet","tag-main-news","tag-mainnews","tag-news","tag-nurmijarvi","tag-onnettomuudet","tag-otsikot","tag-paauutiset","tag-pelastustoimi","tag-pelastustoiminta","tag-suomi","tag-top-stories","tag-topstories","tag-uusimaa","tag-uutiset"],"share_on_mastodon":{"url":"https:\/\/pubeurope.com\/@fi\/116953004591568786","error":""},"_links":{"self":[{"href":"https:\/\/www.europesays.com\/fi\/wp-json\/wp\/v2\/posts\/305444","targetHints":{"allow":["GET"]}}],"collection":[{"href":"https:\/\/www.europesays.com\/fi\/wp-json\/wp\/v2\/posts"}],"about":[{"href":"https:\/\/www.europesays.com\/fi\/wp-json\/wp\/v2\/types\/post"}],"author":[{"embeddable":true,"href":"https:\/\/www.europesays.com\/fi\/wp-json\/wp\/v2\/users\/2"}],"replies":[{"embeddable":true,"href":"https:\/\/www.europesays.com\/fi\/wp-json\/wp\/v2\/comments?post=305444"}],"version-history":[{"count":0,"href":"https:\/\/www.europesays.com\/fi\/wp-json\/wp\/v2\/posts\/305444\/revisions"}],"wp:featuredmedia":[{"embeddable":true,"href":"https:\/\/www.europesays.com\/fi\/wp-json\/wp\/v2\/media\/305445"}],"wp:attachment":[{"href":"https:\/\/www.europesays.com\/fi\/wp-json\/wp\/v2\/media?parent=305444"}],"wp:term":[{"taxonomy":"category","embeddable":true,"href":"https:\/\/www.europesays.com\/fi\/wp-json\/wp\/v2\/categories?post=305444"},{"taxonomy":"post_tag","embeddable":true,"href":"https:\/\/www.europesays.com\/fi\/wp-json\/wp\/v2\/tags?post=305444"}],"curies":[{"name":"wp","href":"https:\/\/api.w.org\/{rel}","templated":true}]}}