{"id":305456,"date":"2026-07-20T15:49:09","date_gmt":"2026-07-20T15:49:09","guid":{"rendered":"https:\/\/www.europesays.com\/fi\/305456\/"},"modified":"2026-07-20T15:49:09","modified_gmt":"2026-07-20T15:49:09","slug":"torakkapuolueen-kannattajat-nujakoivat-poliisin-kanssa-intiassa-uutisia-lyhyesti","status":"publish","type":"post","link":"https:\/\/www.europesays.com\/fi\/305456\/","title":{"rendered":"Torakkapuolueen kannattajat nujakoivat poliisin kanssa Intiassa | Uutisia lyhyesti"},"content":{"rendered":"<p class=\"aw__sc-1qwuw0s-0 aw__sc-ngllmo-0 epAWpq fzYpjk yle__article__paragraph\">Nuorten perustaman Torakka-liikkeen edustajat ottivat yhteen poliisin kanssa Delhiss\u00e4 maanantaina.<\/p>\n<p class=\"aw__sc-1qwuw0s-0 aw__sc-ngllmo-0 epAWpq fzYpjk yle__article__paragraph\">Tuhannet puolueen kannattajat pyrkiv\u00e4t parlamenttiin vaatimaan opetusministerin eroa.<\/p>\n<p class=\"aw__sc-1qwuw0s-0 aw__sc-ngllmo-0 epAWpq fzYpjk yle__article__paragraph\">Poliisi ampui kyynelkaasua mielenosoittajien joukkoon. Marssiijat jatkoivat kohti parlamenttia pienemmiss\u00e4 ryhmiss\u00e4.<\/p>\n<p class=\"aw__sc-1qwuw0s-0 aw__sc-ngllmo-0 epAWpq fzYpjk yle__article__paragraph\">Satiirinen Cockroach Janta Party eli Torakoiden kansanpuolue syntyi, kun intialainen tuomari oli nimitt\u00e4nyt vailla ty\u00f6t\u00e4 olevia nuoria torakoiksi.<\/p>\n<p class=\"aw__sc-1qwuw0s-0 aw__sc-ngllmo-0 epAWpq fzYpjk yle__article__paragraph\">Reuters<\/p>\n","protected":false},"excerpt":{"rendered":"Nuorten perustaman Torakka-liikkeen edustajat ottivat yhteen poliisin kanssa Delhiss\u00e4 maanantaina. Tuhannet puolueen kannattajat pyrkiv\u00e4t parlamenttiin vaatimaan opetusministerin eroa.&hellip;\n","protected":false},"author":2,"featured_media":305028,"comment_status":"","ping_status":"","sticky":false,"template":"","format":"standard","meta":{"footnotes":"","_share_on_mastodon":"0"},"categories":[14],"tags":[22,23,26,27,33,31,30,17,2167,39692,70,24,25,28,29,15,18,21,32,19,20,56,16,59,60,61],"class_list":["post-305456","post","type-post","status-publish","format-standard","has-post-thumbnail","category-ulkomaat","tag-breaking-news","tag-breakingnews","tag-featured-news","tag-featurednews","tag-fi","tag-finland","tag-finnish","tag-headlines","tag-intia","tag-intian-politiikka","tag-kansainvalinen-politiikka","tag-latest-news","tag-latestnews","tag-main-news","tag-mainnews","tag-news","tag-otsikot","tag-paauutiset","tag-suomi","tag-top-stories","tag-topstories","tag-ulkomaat","tag-uutiset","tag-world","tag-world-news","tag-worldnews"],"share_on_mastodon":{"url":"https:\/\/pubeurope.com\/@fi\/116953099040710608","error":""},"_links":{"self":[{"href":"https:\/\/www.europesays.com\/fi\/wp-json\/wp\/v2\/posts\/305456","targetHints":{"allow":["GET"]}}],"collection":[{"href":"https:\/\/www.europesays.com\/fi\/wp-json\/wp\/v2\/posts"}],"about":[{"href":"https:\/\/www.europesays.com\/fi\/wp-json\/wp\/v2\/types\/post"}],"author":[{"embeddable":true,"href":"https:\/\/www.europesays.com\/fi\/wp-json\/wp\/v2\/users\/2"}],"replies":[{"embeddable":true,"href":"https:\/\/www.europesays.com\/fi\/wp-json\/wp\/v2\/comments?post=305456"}],"version-history":[{"count":0,"href":"https:\/\/www.europesays.com\/fi\/wp-json\/wp\/v2\/posts\/305456\/revisions"}],"wp:featuredmedia":[{"embeddable":true,"href":"https:\/\/www.europesays.com\/fi\/wp-json\/wp\/v2\/media\/305028"}],"wp:attachment":[{"href":"https:\/\/www.europesays.com\/fi\/wp-json\/wp\/v2\/media?parent=305456"}],"wp:term":[{"taxonomy":"category","embeddable":true,"href":"https:\/\/www.europesays.com\/fi\/wp-json\/wp\/v2\/categories?post=305456"},{"taxonomy":"post_tag","embeddable":true,"href":"https:\/\/www.europesays.com\/fi\/wp-json\/wp\/v2\/tags?post=305456"}],"curies":[{"name":"wp","href":"https:\/\/api.w.org\/{rel}","templated":true}]}}