{"id":305546,"date":"2026-07-20T18:51:07","date_gmt":"2026-07-20T18:51:07","guid":{"rendered":"https:\/\/www.europesays.com\/fi\/305546\/"},"modified":"2026-07-20T18:51:07","modified_gmt":"2026-07-20T18:51:07","slug":"chilessa-julistettiin-hatatila-paivassa-satoi-kuukauden-verran-uutisia-lyhyesti","status":"publish","type":"post","link":"https:\/\/www.europesays.com\/fi\/305546\/","title":{"rendered":"Chiless\u00e4 julistettiin h\u00e4t\u00e4tila \u2013 p\u00e4iv\u00e4ss\u00e4 satoi kuukauden verran | Uutisia lyhyesti"},"content":{"rendered":"<p class=\"aw__sc-1qwuw0s-0 aw__sc-ngllmo-0 epAWpq fzYpjk yle__article__paragraph\">Ainakin viisi ihmist\u00e4 on kuollut ja yli tuhat kotia on k\u00e4rsinyt vahinkoja poikkeuksellisen rajujen tulvien vuoksi.<\/p>\n<p class=\"aw__sc-1qwuw0s-0 aw__sc-ngllmo-0 epAWpq fzYpjk yle__article__paragraph\">Coquimboon ja Atacamaan on julistettu h\u00e4t\u00e4tila l\u00e4hes viikon jatkuneiden sateiden vuoksi. Ainakin nelj\u00e4 ihmist\u00e4 on kateissa.<\/p>\n<p class=\"aw__sc-1qwuw0s-0 aw__sc-ngllmo-0 epAWpq fzYpjk yle__article__paragraph\">Presidentti <strong class=\"aw__sc-ngllmo-2 gdRrun yle__article__strong\">Jose Antonio Kast<\/strong> on m\u00e4\u00e4r\u00e4nnyt armeijan apuun tuhoalueille.<\/p>\n<p class=\"aw__sc-1qwuw0s-0 aw__sc-ngllmo-0 epAWpq fzYpjk yle__article__paragraph\">Sunnuntaina satoi saman verran kuin normaalisti yhden kuukauden aikana.<\/p>\n<p class=\"aw__sc-1qwuw0s-0 aw__sc-ngllmo-0 epAWpq fzYpjk yle__article__paragraph\">AFP<\/p>\n","protected":false},"excerpt":{"rendered":"Ainakin viisi ihmist\u00e4 on kuollut ja yli tuhat kotia on k\u00e4rsinyt vahinkoja poikkeuksellisen rajujen tulvien vuoksi. Coquimboon ja&hellip;\n","protected":false},"author":2,"featured_media":305028,"comment_status":"","ping_status":"","sticky":false,"template":"","format":"standard","meta":{"footnotes":"","_share_on_mastodon":"0"},"categories":[14],"tags":[22,23,13348,26,27,33,31,30,17,1096,24,25,28,29,15,18,21,710,32,19,20,56,16,59,60,61],"class_list":["post-305546","post","type-post","status-publish","format-standard","has-post-thumbnail","category-ulkomaat","tag-breaking-news","tag-breakingnews","tag-chile","tag-featured-news","tag-featurednews","tag-fi","tag-finland","tag-finnish","tag-headlines","tag-ilmasto","tag-latest-news","tag-latestnews","tag-main-news","tag-mainnews","tag-news","tag-otsikot","tag-paauutiset","tag-saa","tag-suomi","tag-top-stories","tag-topstories","tag-ulkomaat","tag-uutiset","tag-world","tag-world-news","tag-worldnews"],"share_on_mastodon":{"url":"https:\/\/pubeurope.com\/@fi\/116953814552811231","error":""},"_links":{"self":[{"href":"https:\/\/www.europesays.com\/fi\/wp-json\/wp\/v2\/posts\/305546","targetHints":{"allow":["GET"]}}],"collection":[{"href":"https:\/\/www.europesays.com\/fi\/wp-json\/wp\/v2\/posts"}],"about":[{"href":"https:\/\/www.europesays.com\/fi\/wp-json\/wp\/v2\/types\/post"}],"author":[{"embeddable":true,"href":"https:\/\/www.europesays.com\/fi\/wp-json\/wp\/v2\/users\/2"}],"replies":[{"embeddable":true,"href":"https:\/\/www.europesays.com\/fi\/wp-json\/wp\/v2\/comments?post=305546"}],"version-history":[{"count":0,"href":"https:\/\/www.europesays.com\/fi\/wp-json\/wp\/v2\/posts\/305546\/revisions"}],"wp:featuredmedia":[{"embeddable":true,"href":"https:\/\/www.europesays.com\/fi\/wp-json\/wp\/v2\/media\/305028"}],"wp:attachment":[{"href":"https:\/\/www.europesays.com\/fi\/wp-json\/wp\/v2\/media?parent=305546"}],"wp:term":[{"taxonomy":"category","embeddable":true,"href":"https:\/\/www.europesays.com\/fi\/wp-json\/wp\/v2\/categories?post=305546"},{"taxonomy":"post_tag","embeddable":true,"href":"https:\/\/www.europesays.com\/fi\/wp-json\/wp\/v2\/tags?post=305546"}],"curies":[{"name":"wp","href":"https:\/\/api.w.org\/{rel}","templated":true}]}}