{"id":305665,"date":"2026-07-20T22:35:11","date_gmt":"2026-07-20T22:35:11","guid":{"rendered":"https:\/\/www.europesays.com\/fi\/305665\/"},"modified":"2026-07-20T22:35:11","modified_gmt":"2026-07-20T22:35:11","slug":"louvren-apollonin-galleria-avautuu-ensi-kertaa-koruryoston-jalkeen-uutisia-lyhyesti","status":"publish","type":"post","link":"https:\/\/www.europesays.com\/fi\/305665\/","title":{"rendered":"Louvren Apollonin galleria avautuu ensi kertaa korury\u00f6st\u00f6n j\u00e4lkeen | Uutisia lyhyesti"},"content":{"rendered":"<p class=\"aw__sc-1qwuw0s-0 aw__sc-1vg2sqm-0 epAWpq ecELkD yle__article__paragraph\">Taidemuseon johtaja Christophe Leribault oli jo aiemmin ilmoittanut, ett\u00e4 ennen ry\u00f6st\u00f6\u00e4 esill\u00e4 olleet kokoelmat ja arvokkaat esineet oli siirretty galleriasta.<\/p>\n<p><img decoding=\"async\" alt=\"Poliisi kuvaa Louvren avointa ikkunaa.\" src=\"https:\/\/www.europesays.com\/fi\/wp-content\/uploads\/2026\/07\/1760891946.jpeg\" class=\"aw__sc-dklauk-0 LPzKX\"\/><\/p>\n<p>Avaa kuvien katselu<\/p>\n<p>Poliisi tutki Louvren avointa ikkunaa lokakuussa 2025. Kuva: Miina V\u00e4is\u00e4nen \/ Yle<\/p>\n<p class=\"aw__sc-1qwuw0s-0 aw__sc-ngllmo-0 epAWpq fzYpjk yle__article__paragraph\">Pariisissa Louvren museon Apollonin galleria avautuu keskiviikkona vierailijoille ensimm\u00e4ist\u00e4 kertaa viime vuoden korury\u00f6st\u00f6n j\u00e4lkeen.<\/p>\n<p class=\"aw__sc-1qwuw0s-0 aw__sc-ngllmo-0 epAWpq fzYpjk yle__article__paragraph\">Uutistoimisto AFP:n l\u00e4hteen mukaan galleriaan ei kuitenkaan asetella jalokivi\u00e4 n\u00e4ytteille. Ranskan kulttuuriministerin <strong class=\"aw__sc-ngllmo-2 gdRrun yle__article__strong\">Catherine P\u00e9gardin<\/strong> on m\u00e4\u00e4r\u00e4 olla paikalla avajaisissa.<\/p>\n<p class=\"aw__sc-1qwuw0s-0 aw__sc-ngllmo-0 epAWpq fzYpjk yle__article__paragraph\">Taidemuseon johtaja <strong class=\"aw__sc-ngllmo-2 gdRrun yle__article__strong\">Christophe Leribault<\/strong> oli jo aiemmin ilmoittanut ranskalaislehti <a class=\"aw__sc-ngllmo-1 bTDnwX yle__article__link\" href=\"https:\/\/www.leparisien.fr\/culture-loisirs\/expositions\/les-bijoux-reviendront-dans-une-chambre-forte-sans-fenetres-la-galerie-dapollon-du-louvre-rouvre-mais-vide-20-07-2026-62R3FIFVH5H3LFJJMYEEOROVFM.php\" role=\"link\" rel=\"nofollow noopener\" target=\"_blank\">Le Parisienin<\/a> haastattelussa, ett\u00e4 ennen ry\u00f6st\u00f6\u00e4 esill\u00e4 olleet kokoelmat ja arvokkaat esineet oli siirretty.<\/p>\n<p class=\"aw__sc-1qwuw0s-0 aw__sc-ngllmo-0 epAWpq fzYpjk yle__article__paragraph\">Viime vuoden lokakuussa naamioituneet varkaat tekiv\u00e4t ry\u00f6st\u00f6n museoon. Saaliikseen he saivat galleriasta kahdeksan mittaamattoman arvokasta jalokivikorua, jotka ovat edelleen kateissa.<\/p>\n<p class=\"aw__sc-1qwuw0s-0 aw__sc-ngllmo-0 epAWpq fzYpjk yle__article__paragraph\">Helmikuussa Louvre kertoi laajasta p\u00e4\u00e4sylippuhuijauksesta, joka aiheutti museolle arviolta jopa 10 miljoonan euron tappiot. Skandaalien my\u00f6t\u00e4 Louvren taidemuseon johtaja <strong class=\"aw__sc-ngllmo-2 gdRrun yle__article__strong\">Laurence des Cars<\/strong> <a class=\"aw__sc-ngllmo-1 bTDnwX yle__article__link\" href=\"https:\/\/yle.fi\/a\/74-20212166\" role=\"link\" rel=\"nofollow noopener\" target=\"_blank\">j\u00e4tti lopulta helmikuussa eropyynt\u00f6nst\u00e4<\/a> Ranskan presidentti <strong class=\"aw__sc-ngllmo-2 gdRrun yle__article__strong\">Emmanuel Macronille<\/strong>.<\/p>\n<p class=\"aw__sc-1qwuw0s-0 aw__sc-ngllmo-0 epAWpq fzYpjk yle__article__paragraph\">Louvre on yksi Pariisin suosituimpia n\u00e4ht\u00e4vyyksi\u00e4. Museossa vierailee vuosittain noin yhdeks\u00e4n miljoonaa ihmist\u00e4.<\/p>\n<p class=\"aw__sc-1qwuw0s-0 aw__sc-ngllmo-0 epAWpq fzYpjk yle__article__paragraph\">L\u00e4hde: AFP<\/p>\n","protected":false},"excerpt":{"rendered":"Taidemuseon johtaja Christophe Leribault oli jo aiemmin ilmoittanut, ett\u00e4 ennen ry\u00f6st\u00f6\u00e4 esill\u00e4 olleet kokoelmat ja arvokkaat esineet oli&hellip;\n","protected":false},"author":2,"featured_media":305666,"comment_status":"","ping_status":"","sticky":false,"template":"","format":"standard","meta":{"footnotes":"","_share_on_mastodon":"0"},"categories":[135],"tags":[389,387,388,390,137,33,31,30,15136,966,4684,1422,32,394,393,391,392,56,109],"class_list":["post-305665","post","type-post","status-publish","format-standard","has-post-thumbnail","category-taiteet-ja-suunnittelu","tag-arts","tag-arts-and-design","tag-artsanddesign","tag-design","tag-entertainment","tag-fi","tag-finland","tag-finnish","tag-louvre","tag-museot","tag-pariisi","tag-ranska","tag-suomi","tag-suunnittelu","tag-taiteet","tag-taiteet-ja-suunnittelu","tag-taiteetsuunnittelu","tag-ulkomaat","tag-viihde"],"share_on_mastodon":{"url":"https:\/\/pubeurope.com\/@fi\/116954695598482831","error":""},"_links":{"self":[{"href":"https:\/\/www.europesays.com\/fi\/wp-json\/wp\/v2\/posts\/305665","targetHints":{"allow":["GET"]}}],"collection":[{"href":"https:\/\/www.europesays.com\/fi\/wp-json\/wp\/v2\/posts"}],"about":[{"href":"https:\/\/www.europesays.com\/fi\/wp-json\/wp\/v2\/types\/post"}],"author":[{"embeddable":true,"href":"https:\/\/www.europesays.com\/fi\/wp-json\/wp\/v2\/users\/2"}],"replies":[{"embeddable":true,"href":"https:\/\/www.europesays.com\/fi\/wp-json\/wp\/v2\/comments?post=305665"}],"version-history":[{"count":0,"href":"https:\/\/www.europesays.com\/fi\/wp-json\/wp\/v2\/posts\/305665\/revisions"}],"wp:featuredmedia":[{"embeddable":true,"href":"https:\/\/www.europesays.com\/fi\/wp-json\/wp\/v2\/media\/305666"}],"wp:attachment":[{"href":"https:\/\/www.europesays.com\/fi\/wp-json\/wp\/v2\/media?parent=305665"}],"wp:term":[{"taxonomy":"category","embeddable":true,"href":"https:\/\/www.europesays.com\/fi\/wp-json\/wp\/v2\/categories?post=305665"},{"taxonomy":"post_tag","embeddable":true,"href":"https:\/\/www.europesays.com\/fi\/wp-json\/wp\/v2\/tags?post=305665"}],"curies":[{"name":"wp","href":"https:\/\/api.w.org\/{rel}","templated":true}]}}