{"id":305681,"date":"2026-07-20T23:07:10","date_gmt":"2026-07-20T23:07:10","guid":{"rendered":"https:\/\/www.europesays.com\/fi\/305681\/"},"modified":"2026-07-20T23:07:10","modified_gmt":"2026-07-20T23:07:10","slug":"veikkausliigassa-harvinainen-naky-maalivahti-torjui-kaksi-pilkkua-alle-minuutissa-urheilu","status":"publish","type":"post","link":"https:\/\/www.europesays.com\/fi\/305681\/","title":{"rendered":"Veikkausliigassa harvinainen n\u00e4ky \u2013 maalivahti torjui kaksi pilkkua alle minuutissa | Urheilu"},"content":{"rendered":"<p>Jalkapallon Veikkausliigassa n\u00e4htiin maanantaina harvinainen tilanne, kun IFK Mariehamnin ruotsalaismaalivahti <strong>Kevin Lund<\/strong> venyi alle minuutin sis\u00e4ll\u00e4 kahteen rangaistuspotkutorjuntaan.<\/p>\n<p>Ensimm\u00e4isen torjuntansa Lund nappasi 41. peliminuutilla, kun h\u00e4n pys\u00e4ytti FC Lahden laitapuolustajan <strong>Romain Sansin<\/strong> laukauksen maalivahdista katsottuna oikeasta alakulmasta. Juhlat j\u00e4iv\u00e4t kuitenkin lyhyiksi, kun tuomari huomasi Lundin l\u00e4hteneen maaliviivalta liian aikaisin. T\u00e4st\u00e4 syyst\u00e4 rangaistuspotku m\u00e4\u00e4r\u00e4ttiin uusittavaksi.<\/p>\n<p>Sansin toisen yrityksen ruotsalaisvahti torjui aavistamalla vasemmalle, eik\u00e4 t\u00e4t\u00e4 torjuntaa en\u00e4\u00e4 viety pois.<\/p>\n<blockquote class=\"twitter-tweet\">\n<p lang=\"fi\" dir=\"ltr\">Ei mik\u00e4\u00e4n ihan jokap\u00e4iv\u00e4inen n\u00e4ky &#8211; Kevin Lund torjui kaksi rankkaria per\u00e4j\u00e4lkeen Maarianhaminan maalilla! \ud83d\udcaa FC Lahti on onnistunut rankkarista t\u00e4ll\u00e4 kaudella ainoastaan yhden kerran lukuisista yrityksist\u00e4 huolimatta. \ud83e\udee3 <a href=\"https:\/\/x.com\/hashtag\/veikkausliiga?src=hash&amp;ref_src=twsrc%5Etfw\" rel=\"nofollow\">#veikkausliiga<\/a> <a href=\"https:\/\/x.com\/hashtag\/jalkapallo?src=hash&amp;ref_src=twsrc%5Etfw\" rel=\"nofollow\">#jalkapallo<\/a> <a href=\"https:\/\/t.co\/vERlkRMiht\" rel=\"nofollow\">pic.twitter.com\/vERlkRMiht<\/a><\/p>\n<p>\u2014 Ruutu Urheilu (@RuutuUrheilu) <a href=\"https:\/\/x.com\/RuutuUrheilu\/status\/2079268813418180665?ref_src=twsrc%5Etfw\" rel=\"nofollow\">July 20, 2026<\/a><\/p><\/blockquote>\n<p>Lundin pelastuksista huolimatta Mariehamn h\u00e4visi kotiottelunsa 0\u20132, ja joukkueen tappioputki kasvoi kahdeksan ottelun mittaiseksi. Vain nelj\u00e4 pistett\u00e4 koko kaudella ker\u00e4nnyt ahvenanmaalaisryhm\u00e4 on sarjajumbona kahdeksan pisteen erolla.<\/p>\n<p>Sarjanousija Lahti puolestaan nappasi kolmannen voittonsa per\u00e4kk\u00e4in ja nousi sarjataulukossa seitsem\u00e4nneksi.<\/p>\n<p>\t\t\t\t\t\t\t\t\t<script async src=\"https:\/\/platform.twitter.com\/widgets.js\" charset=\"utf-8\"><\/script><\/p>\n","protected":false},"excerpt":{"rendered":"Jalkapallon Veikkausliigassa n\u00e4htiin maanantaina harvinainen tilanne, kun IFK Mariehamnin ruotsalaismaalivahti Kevin Lund venyi alle minuutin sis\u00e4ll\u00e4 kahteen rangaistuspotkutorjuntaan.&hellip;\n","protected":false},"author":2,"featured_media":305682,"comment_status":"","ping_status":"","sticky":false,"template":"","format":"standard","meta":{"footnotes":"","_share_on_mastodon":"0"},"categories":[158],"tags":[14646,33,31,30,43,42,564,2864,41,72,159,32,2865,160],"class_list":["post-305681","post","type-post","status-publish","format-standard","has-post-thumbnail","category-urheilu","tag-fc-lahti","tag-fi","tag-finland","tag-finnish","tag-jalkapallo","tag-jalkapalloon-perustuvat-lajit","tag-juhlat","tag-kasinot","tag-liikunta-ja-urheilu","tag-luonto","tag-sports","tag-suomi","tag-uhkapelit-ja-rahapeli-ja-vedonlyontipalvelut","tag-urheilu"],"share_on_mastodon":{"url":"https:\/\/pubeurope.com\/@fi\/116954821236537972","error":""},"_links":{"self":[{"href":"https:\/\/www.europesays.com\/fi\/wp-json\/wp\/v2\/posts\/305681","targetHints":{"allow":["GET"]}}],"collection":[{"href":"https:\/\/www.europesays.com\/fi\/wp-json\/wp\/v2\/posts"}],"about":[{"href":"https:\/\/www.europesays.com\/fi\/wp-json\/wp\/v2\/types\/post"}],"author":[{"embeddable":true,"href":"https:\/\/www.europesays.com\/fi\/wp-json\/wp\/v2\/users\/2"}],"replies":[{"embeddable":true,"href":"https:\/\/www.europesays.com\/fi\/wp-json\/wp\/v2\/comments?post=305681"}],"version-history":[{"count":0,"href":"https:\/\/www.europesays.com\/fi\/wp-json\/wp\/v2\/posts\/305681\/revisions"}],"wp:featuredmedia":[{"embeddable":true,"href":"https:\/\/www.europesays.com\/fi\/wp-json\/wp\/v2\/media\/305682"}],"wp:attachment":[{"href":"https:\/\/www.europesays.com\/fi\/wp-json\/wp\/v2\/media?parent=305681"}],"wp:term":[{"taxonomy":"category","embeddable":true,"href":"https:\/\/www.europesays.com\/fi\/wp-json\/wp\/v2\/categories?post=305681"},{"taxonomy":"post_tag","embeddable":true,"href":"https:\/\/www.europesays.com\/fi\/wp-json\/wp\/v2\/tags?post=305681"}],"curies":[{"name":"wp","href":"https:\/\/api.w.org\/{rel}","templated":true}]}}