{"id":305721,"date":"2026-07-21T00:26:12","date_gmt":"2026-07-21T00:26:12","guid":{"rendered":"https:\/\/www.europesays.com\/fi\/305721\/"},"modified":"2026-07-21T00:26:12","modified_gmt":"2026-07-21T00:26:12","slug":"sometahti-irene-idanvalon-synkka-avautuminen-olen-alkoholisti","status":"publish","type":"post","link":"https:\/\/www.europesays.com\/fi\/305721\/","title":{"rendered":"Somet\u00e4hti Irene Id\u00e4nvalon synkk\u00e4 avautuminen: Olen alkoholisti"},"content":{"rendered":"<p class=\"article-content article-content-width !bg-background\">Useilla eri somealustoilla komediasis\u00e4lt\u00f6\u00e4 luova <a alt=\"Haku\" class=\"text-primary-red font-extrabold\" href=\"https:\/\/www.seiska.fi\/haku?q=Irene Id\u00e4nvalo\" rel=\"nofollow noopener\" target=\"_blank\">Irene Id\u00e4nvalo<\/a> kertoo ensimm\u00e4ist\u00e4 kertaa julkisesti p\u00e4ihderiippuvuudestaan.<\/p>\n<p class=\"font-weight-bold m-font-weight-bold article-content article-content-width !bg-background\">Arkistovideolla Erika Vikman kertoo alkoholin k\u00e4yt\u00f6st\u00e4\u00e4n:<\/p>\n<p class=\"article-content article-content-width !bg-background\">Youtubessa, Instagramissa ja Tiktokissa uraa luova sis\u00e4ll\u00f6ntuottaja Irene julkaisi keskiviikkona (15.7.) videon, jossa h\u00e4n kertoo el\u00e4m\u00e4\u00e4ns\u00e4 hankaloittaneista haasteista. P\u00e4\u00e4osaa on n\u00e4ytellyt viime vuosien aikana p\u00e4ihdesairaus.<\/p>\n<p class=\"article-content article-content-width !bg-background\">Irenen julkaisema video kantaa nime\u00e4 &#8221;Alkoholistin itkuinen avautuminen&#8221;.<\/p>\n<p class=\"article-content article-content-width !bg-background\">Videolla Irene puhuu aluksi muun muassa julkaisupaineistaan ja siit\u00e4, miten h\u00e4n ei saa aikaiseksi julkaista videoita suomenkieliselle Youtube-kanavalleen.<\/p>\n<p class=\"article-content article-content-width !bg-background\">Irene on tullut tunnetuksi Suomessa ja maailmalla pitk\u00e4lti englanninkielisist\u00e4 huumorivideoistaan.<\/p>\n<p>Menetti t\u00f6it\u00e4\u00e4n<\/p>\n<p class=\"article-content article-content-width !bg-background\">Videon edetess\u00e4 Irene herkistyy ja ryhtyy avaamaan viime vuosina k\u00e4ym\u00e4\u00e4ns\u00e4 kamppailua alkoholismisairauden kanssa.<\/p>\n<p class=\"article-content article-content-width !bg-background\">Alkoholi on n\u00e4ytellyt isoa osaa h\u00e4nen el\u00e4m\u00e4ss\u00e4\u00e4n ja kertomansa mukaan h\u00e4n on menett\u00e4nyt juomisen vuoksi my\u00f6s ty\u00f6mahdollisuuksia.<\/p>\n<p class=\"article-content article-content-width !bg-background\">T\u00e4ll\u00e4 hetkell\u00e4 Irene el\u00e4\u00e4 kuitenkin raitista el\u00e4m\u00e4\u00e4. Ainakin mit\u00e4 tulee alkoholiin.\u00a0Irene kertoo kuitenkin edelleen polttavansa s\u00e4\u00e4nn\u00f6llisen ep\u00e4s\u00e4\u00e4nn\u00f6llisesti pilve\u00e4 eli kannabista.<\/p>\n<p class=\"article-content article-content-width !bg-background\">Vaikka juomattomuutta on kulunut jo noin vuoden p\u00e4iv\u00e4t, Irene taistelee edelleen vaikeiden ajatusten kanssa.<\/p>\n<p class=\"article-content article-content-width !bg-background\">\u2013 P\u00e4iv\u00e4\u00e4k\u00e4\u00e4n ei ole kulunut t\u00e4m\u00e4n vuoden aikana, milloin m\u00e4 en olisi himoinnut alkoholia, Irene kertoo.<\/p>\n<p>Paino putosi<\/p>\n<p class=\"article-content article-content-width !bg-background\">Irene kamppailee my\u00f6s jonkinlaisesta identiteettikriisist\u00e4, sill\u00e4 raittiina h\u00e4n ei ole rohkaistunut tutustumaan esimerkiksi uusiin ihmisiin.<\/p>\n<p class=\"article-content article-content-width !bg-background\">\u2013 En ole katunut lopettaa alkoholin juomista, mutta kyll\u00e4 t\u00e4m\u00e4 on vitun raskasta ja yksin\u00e4ist\u00e4.<\/p>\n<p class=\"article-content article-content-width !bg-background\">Hyvi\u00e4 puolia alkoholin j\u00e4tt\u00e4misess\u00e4 on ollut muun muassa se, ett\u00e4 Irene on kertomansa mukaan pudottanut painoaan eik\u00e4 h\u00e4nell\u00e4 ole en\u00e4\u00e4 samanlaisia iho-ongelmia kuin ennen.<\/p>\n<p class=\"article-content article-content-width !bg-background\">My\u00f6s ahdistus on v\u00e4hentynyt huomattavasti.<\/p>\n<p class=\"article-content article-content-width !bg-background\">Katso Irenen avautuminen kokonaisuudessaan alta:<\/p>\n","protected":false},"excerpt":{"rendered":"Useilla eri somealustoilla komediasis\u00e4lt\u00f6\u00e4 luova Irene Id\u00e4nvalo kertoo ensimm\u00e4ist\u00e4 kertaa julkisesti p\u00e4ihderiippuvuudestaan. Arkistovideolla Erika Vikman kertoo alkoholin k\u00e4yt\u00f6st\u00e4\u00e4n:&hellip;\n","protected":false},"author":2,"featured_media":305722,"comment_status":"","ping_status":"","sticky":false,"template":"","format":"standard","meta":{"footnotes":"","_share_on_mastodon":"0"},"categories":[130],"tags":[137,33,31,30,39712,696,7225,697,7696,2210,32,167,12657,109],"class_list":["post-305721","post","type-post","status-publish","format-standard","has-post-thumbnail","category-viihde","tag-entertainment","tag-fi","tag-finland","tag-finnish","tag-irene-idanvalo","tag-paihderiippuvuus","tag-raittius","tag-riippuvuus","tag-sometahti","tag-somevaikuttaja","tag-suomi","tag-terveys","tag-tubettaja","tag-viihde"],"share_on_mastodon":{"url":"https:\/\/pubeurope.com\/@fi\/116955131915042341","error":""},"_links":{"self":[{"href":"https:\/\/www.europesays.com\/fi\/wp-json\/wp\/v2\/posts\/305721","targetHints":{"allow":["GET"]}}],"collection":[{"href":"https:\/\/www.europesays.com\/fi\/wp-json\/wp\/v2\/posts"}],"about":[{"href":"https:\/\/www.europesays.com\/fi\/wp-json\/wp\/v2\/types\/post"}],"author":[{"embeddable":true,"href":"https:\/\/www.europesays.com\/fi\/wp-json\/wp\/v2\/users\/2"}],"replies":[{"embeddable":true,"href":"https:\/\/www.europesays.com\/fi\/wp-json\/wp\/v2\/comments?post=305721"}],"version-history":[{"count":0,"href":"https:\/\/www.europesays.com\/fi\/wp-json\/wp\/v2\/posts\/305721\/revisions"}],"wp:featuredmedia":[{"embeddable":true,"href":"https:\/\/www.europesays.com\/fi\/wp-json\/wp\/v2\/media\/305722"}],"wp:attachment":[{"href":"https:\/\/www.europesays.com\/fi\/wp-json\/wp\/v2\/media?parent=305721"}],"wp:term":[{"taxonomy":"category","embeddable":true,"href":"https:\/\/www.europesays.com\/fi\/wp-json\/wp\/v2\/categories?post=305721"},{"taxonomy":"post_tag","embeddable":true,"href":"https:\/\/www.europesays.com\/fi\/wp-json\/wp\/v2\/tags?post=305721"}],"curies":[{"name":"wp","href":"https:\/\/api.w.org\/{rel}","templated":true}]}}