{"id":305792,"date":"2026-07-21T03:03:14","date_gmt":"2026-07-21T03:03:14","guid":{"rendered":"https:\/\/www.europesays.com\/fi\/305792\/"},"modified":"2026-07-21T03:03:14","modified_gmt":"2026-07-21T03:03:14","slug":"shirly-karvinen-intiimi-paljasus-podcastissa-tata-ei-nahda-haissa","status":"publish","type":"post","link":"https:\/\/www.europesays.com\/fi\/305792\/","title":{"rendered":"Shirly Karvinen: Intiimi paljasus podcastissa &#8211; t\u00e4t\u00e4 ei n\u00e4hd\u00e4 h\u00e4iss\u00e4!"},"content":{"rendered":"<p>            Timo Korhonen\n        <\/p>\n<p class=\"subtitle \">Shirly on jo tovin pit\u00e4nyt yht\u00e4 r\u00e4pp\u00e4rirakkaansa kanssa.<\/p>\n<p class=\"article-content article-content-width !bg-background\">Juontaja  on joutunut tottumaan olemaan esill\u00e4 paitsi ty\u00f6ns\u00e4 my\u00f6s rakkausel\u00e4m\u00e4ns\u00e4 osalta.\u00a0<\/p>\n<p class=\"font-weight-bold m-font-weight-bold article-content article-content-width !bg-background\">Videolla kerrotaan Shirlyn ja Ahdin kotitalosta:<\/p>\n<p class=\"article-content article-content-width !bg-background\">Shirly seurusteli pitk\u00e4\u00e4n laulajana tunnetun  kanssa. Parin erosta huhuttiin pitk\u00e4\u00e4n. Vahvistus asialle saatiin Shirlyn hempeilty\u00e4 avoimesti rap-t\u00e4hti  kanssa. Nykyisin kaksikko asustaa yhdess\u00e4 suuressa omakotitalossa Shirlyn koiralauman kanssa.\u00a0<\/p>\n<p>Alusvaatteet aiheuttavat \u00e4l\u00e4m\u00f6l\u00f6n<\/p>\n<p class=\"article-content article-content-width !bg-background\">Missikisoista aikanaan julkisuuteen ponnistanut Shirly ei ole varsinaisesti piilotellut parisuhteitaan. Tuoreessa <a href=\"https:\/\/podme.com\/fi\/podcast\/olipa-kerran-otsikko\/\" target=\"_blank\" rel=\"nofollow noopener\">Olipa kerran otsikko -podcastissa <\/a>h\u00e4n kuitenkin onnistuu yll\u00e4tt\u00e4m\u00e4\u00e4n suorasanaisuudellaan.<\/p>\n<p>        <a itemprop=\"url\" href=\"https:\/\/www.seiska.fi\/kotimaa\/podcast-sannista-yleinen-harhaluulo-ehka-siks-moni-pelkaa-mua\/2208585\" rel=\"nofollow noopener\" target=\"_blank\"><\/p>\n<p>\nAvautuu podcastissa\n<\/p>\n<p class=\"section-date\">\n        <strong class=\"article-section\" data-section=\"kotimaa\"><br \/>\n            kotimaa<br \/>\n        <\/strong><br \/>\n        15.7. 14:15\n    <\/p>\n<p>Podcast: Sannista yleinen harhaluulo \u2013 \u201cEhk\u00e4 siks moni pelk\u00e4\u00e4 mua\u201d\n    <\/p>\n<p itemprop=\"description\" class=\"subtitle \">\n    Sanni avautui podcastissa ennakkoluulosta, joka tuntuu seuraavan h\u00e4nt\u00e4 vuodesta toiseen.\n<\/p>\n<p>        <\/a><\/p>\n<p>                <img decoding=\"async\" src=\"https:\/\/www.europesays.com\/fi\/wp-content\/uploads\/2026\/07\/2212529.webp\" width=\"576\" height=\"432\" alt=\"Shirly lataa podcastissa rajun mielipiteens\u00e4 perinteisist\u00e4 h\u00e4\u00e4menoista.\" loading=\"lazy\" \/>            <\/p>\n<p>\n            Shirly lataa podcastissa rajun mielipiteens\u00e4 perinteisist\u00e4 h\u00e4\u00e4menoista.<br \/>\n            Juhamatti Nieminen\n        <\/p>\n<p class=\"article-content article-content-width !bg-background\">Shirly juttelee juontajakollegansa  kanssa alusvaatteista. Keskustelu etenee nopeasti siihen, kuinka etenkin entisaikona naisten hepeneet olivat tytt\u00f6m\u00e4isi\u00e4.\u00a0<\/p>\n<p class=\"article-content article-content-width !bg-background\">\u2013 Minusta on sairasta, ett\u00e4 tytt\u00f6m\u00e4isyys on seksik\u00e4st\u00e4. Siin\u00e4 on jotain \u00e4ll\u00f6tt\u00e4v\u00e4\u00e4, Shirly lataa tiukan mielipiteens\u00e4 Juliannan kompatessa t\u00e4m\u00e4n n\u00e4kemyst\u00e4.\u00a0<\/p>\n<p>Kypsyys on kaunista?<\/p>\n<p class=\"article-content article-content-width !bg-background\">Shirly valistaa Juliannaa sek\u00e4 kuuntelijoita siit\u00e4, ett\u00e4 tytt\u00f6m\u00e4isyys ja neitsellisyys liitet\u00e4\u00e4n puhtauteen. Ajatus saa Shirlyn selv\u00e4sti n\u00e4kem\u00e4\u00e4n punaista.<\/p>\n<p class=\"article-content article-content-width !bg-background\">\u2013 Kyll\u00e4 naisellisuus on vahva naiseus, se on hottia.\u00a0<\/p>\n<p class=\"article-content article-content-width !bg-background\">\u2013 Mit\u00e4 enemm\u00e4n naiselle tulee ik\u00e4\u00e4, sen kuumemmaksi se muuttuu, Shirly paasaa jaksossa.<\/p>\n<p>        <a itemprop=\"url\" href=\"https:\/\/www.seiska.fi\/katso\/shirly-karvisen-rehellinen-avautuminen-katuu-kauneusleikkaustaan\/2196483\" rel=\"nofollow noopener\" target=\"_blank\"><\/p>\n<p>\nShirly Karvisen rehellinen avautuminen\n<\/p>\n<p class=\"section-date\">\n        <strong class=\"article-section\" data-section=\"katso\"><br \/>\n            katso<br \/>\n        <\/strong><br \/>\n        4.7. 07:15\n    <\/p>\n<p>Shirly Karvisen rehellinen avautuminen \u2013 katuu kauneusleikkaustaan\n    <\/p>\n<p itemprop=\"description\" class=\"subtitle \">\n    Shirly Karvinen puhuu avoimesti kauneusoperaatioistaan ja yhteiskunnassa vallitsevista kauneusihanteista.\n<\/p>\n<p>        <\/a><\/p>\n<p>Ei Shirlyn h\u00e4iss\u00e4<\/p>\n<p class=\"article-content article-content-width !bg-background\">Juliannan ja Shirlyn kikatuksen siivitt\u00e4m\u00e4 keskustelu siirtyy sukkanauhoihin. Se on kapeasta kankaasta tehty vaatekappale, joka kiinnitet\u00e4\u00e4n jalan ymp\u00e4rille. Er\u00e4\u00e4n h\u00e4\u00e4perinteen mukaan sulhanen riisuu tuoreen vaimonsa sukkanauhan suullaan.\u00a0<\/p>\n<p class=\"article-content article-content-width !bg-background\">Juontajaparia perinne l\u00e4hinn\u00e4 kummastuttaa. Shirlyn mukaan h\u00e4nen h\u00e4iss\u00e4\u00e4n ei tulla vastaavaa n\u00e4kem\u00e4\u00e4n.\u00a0<\/p>\n<p class=\"article-content article-content-width !bg-background\">\u2013 Olisi kiusallista, ett\u00e4 sulhanen kaivautuisi hameen alle is\u00e4ni katsoessa vieress\u00e4, Shirly huudahtaa.\u00a0<\/p>\n<p>        <a itemprop=\"url\" href=\"https:\/\/www.seiska.fi\/kotimaa\/shirly-karviselta-tiukka-seksitilitys-podcastissa\/2192306\" rel=\"nofollow noopener\" target=\"_blank\"><\/p>\n<p>\nShirly Karvinen podcastissa\n<\/p>\n<p class=\"section-date\">\n        <strong class=\"article-section\" data-section=\"kotimaa\"><br \/>\n            kotimaa<br \/>\n        <\/strong><br \/>\n        27.6. 14:30\n    <\/p>\n<p>Shirly Karviselta tiukka seksitilitys podcastissa\n    <\/p>\n<p itemprop=\"description\" class=\"subtitle \">\n    Ex-missi suivaantui naisille asetetuista seksipaineista podcastissa.\n<\/p>\n<p>        <\/a><\/p>\n<p>&#8221;Lahkolaisfiilis&#8221;<\/p>\n<p class=\"article-content article-content-width !bg-background\">Ex-missi menee viel\u00e4kin pidemm\u00e4lle. Shirly toteaa jaksossa, ettei muutenkaan ole h\u00e4iden yst\u00e4v\u00e4\u00a0\u2013 etenk\u00e4\u00e4n perinteisten.\u00a0<\/p>\n<p class=\"article-content article-content-width !bg-background\">\u2013 Ja kirkkoh\u00e4iss\u00e4, anteeksi vaan, on outo lahkolaisfiilis, h\u00e4n tokaisee.<\/p>\n<p class=\"article-content article-content-width !bg-background\">Kritiikki\u00e4 Shirlylt\u00e4 saa tapa, jossa is\u00e4 saattaa valkoiseen pukeutuneen morsiamen alttarille. Siell\u00e4 h\u00e4net vastaanottaa toinen mies, ik\u00e4\u00e4n kuin omistaja.\u00a0\u00a0<\/p>\n<p class=\"article-content article-content-width !bg-background\">\u2013 Outo klangi, Shirly p\u00e4ivittelee podcastissa.\u00a0<\/p>\n","protected":false},"excerpt":{"rendered":"Timo Korhonen Shirly on jo tovin pit\u00e4nyt yht\u00e4 r\u00e4pp\u00e4rirakkaansa kanssa. Juontaja on joutunut tottumaan olemaan esill\u00e4 paitsi ty\u00f6ns\u00e4&hellip;\n","protected":false},"author":2,"featured_media":305793,"comment_status":"","ping_status":"","sticky":false,"template":"","format":"standard","meta":{"footnotes":"","_share_on_mastodon":"0"},"categories":[130],"tags":[5461,137,33,31,30,1208,4493,31342,28886,1496,2923,1311,5458,5457,651,32,109],"class_list":["post-305792","post","type-post","status-publish","format-standard","has-post-thumbnail","category-viihde","tag-ahti","tag-entertainment","tag-fi","tag-finland","tag-finnish","tag-haat","tag-julianna-jokela","tag-nainen","tag-olipa-kerran-otsikko","tag-parisuhde","tag-podcast","tag-rakkaus","tag-sanni","tag-shirly-karvinen","tag-suhteet","tag-suomi","tag-viihde"],"share_on_mastodon":{"url":"https:\/\/pubeurope.com\/@fi\/116955749446352545","error":""},"_links":{"self":[{"href":"https:\/\/www.europesays.com\/fi\/wp-json\/wp\/v2\/posts\/305792","targetHints":{"allow":["GET"]}}],"collection":[{"href":"https:\/\/www.europesays.com\/fi\/wp-json\/wp\/v2\/posts"}],"about":[{"href":"https:\/\/www.europesays.com\/fi\/wp-json\/wp\/v2\/types\/post"}],"author":[{"embeddable":true,"href":"https:\/\/www.europesays.com\/fi\/wp-json\/wp\/v2\/users\/2"}],"replies":[{"embeddable":true,"href":"https:\/\/www.europesays.com\/fi\/wp-json\/wp\/v2\/comments?post=305792"}],"version-history":[{"count":0,"href":"https:\/\/www.europesays.com\/fi\/wp-json\/wp\/v2\/posts\/305792\/revisions"}],"wp:featuredmedia":[{"embeddable":true,"href":"https:\/\/www.europesays.com\/fi\/wp-json\/wp\/v2\/media\/305793"}],"wp:attachment":[{"href":"https:\/\/www.europesays.com\/fi\/wp-json\/wp\/v2\/media?parent=305792"}],"wp:term":[{"taxonomy":"category","embeddable":true,"href":"https:\/\/www.europesays.com\/fi\/wp-json\/wp\/v2\/categories?post=305792"},{"taxonomy":"post_tag","embeddable":true,"href":"https:\/\/www.europesays.com\/fi\/wp-json\/wp\/v2\/tags?post=305792"}],"curies":[{"name":"wp","href":"https:\/\/api.w.org\/{rel}","templated":true}]}}