{"id":305945,"date":"2026-07-21T07:30:13","date_gmt":"2026-07-21T07:30:13","guid":{"rendered":"https:\/\/www.europesays.com\/fi\/305945\/"},"modified":"2026-07-21T07:30:13","modified_gmt":"2026-07-21T07:30:13","slug":"sipoon-puukotuksesta-epailty-mies-loytyi-kuolleena-jarvesta-kotimaa","status":"publish","type":"post","link":"https:\/\/www.europesays.com\/fi\/305945\/","title":{"rendered":"Sipoon puukotuksesta ep\u00e4ilty mies l\u00f6ytyi kuolleena j\u00e4rvest\u00e4 | Kotimaa"},"content":{"rendered":"<p class=\"aw__sc-1qwuw0s-0 aw__sc-1vg2sqm-0 epAWpq ecELkD yle__article__paragraph\">Poliisi etsi ep\u00e4ilty\u00e4 miest\u00e4 useiden p\u00e4ivien ajan.  Poliisi jatkaa asian selvitt\u00e4mist\u00e4 kuoleman\u00adsyyn\u00adtutkintana.<\/p>\n<p><img decoding=\"async\" alt=\"Poliisin hihamerkki. \" src=\"https:\/\/www.europesays.com\/fi\/wp-content\/uploads\/2026\/07\/1782912465.jpeg\" class=\"aw__sc-dklauk-0 LPzKX\"\/><\/p>\n<p>Avaa kuvien katselu<\/p>\n<p>Ep\u00e4ilty mies l\u00f6ytyi j\u00e4rvest\u00e4 useiden p\u00e4ivien etsint\u00f6jen j\u00e4lkeen. Kuva: Matti Myller \/ Yle<\/p>\n<p class=\"aw__sc-1qwuw0s-0 aw__sc-ngllmo-0 epAWpq fzYpjk yle__article__paragraph\">Sipoossa tapahtui torstaina 16. hein\u00e4kuuta ep\u00e4ilty t\u00f6rke\u00e4 pahoinpitely, jossa miehen ep\u00e4iltiin puukottaneen naisyst\u00e4v\u00e4\u00e4ns\u00e4 ja h\u00e4nen koiraansa.<\/p>\n<p class=\"aw__sc-1qwuw0s-0 aw__sc-ngllmo-0 epAWpq fzYpjk yle__article__paragraph\">Teosta ep\u00e4ilty noin 19-vuotias mies on maanantaina l\u00f6ytynyt kuolleena Sipoon Taasj\u00e4rvest\u00e4. Poliisi jatkaa asian selvitt\u00e4mist\u00e4 kuolemansyyntutkintana.<\/p>\n<p class=\"aw__sc-1qwuw0s-0 aw__sc-ngllmo-0 epAWpq fzYpjk yle__article__paragraph\">Puukotus tapahtui Sipoon S\u00f6derkullassa sijaitsevassa yksityisasunnossa, ep\u00e4ilee poliisi.<\/p>\n<p class=\"aw__sc-1qwuw0s-0 aw__sc-ngllmo-0 epAWpq fzYpjk yle__article__paragraph\">Nainen sai tilanteessa sairaalahoitoa vaativia vammoja. Koira oli karannut omistajaltaan, mutta poliisi l\u00f6ysi el\u00e4imen perjantai-iltana liev\u00e4sti haavoittuneena.<\/p>\n<p class=\"aw__sc-1qwuw0s-0 aw__sc-ngllmo-0 epAWpq fzYpjk yle__article__paragraph\">Poliisi etsi miest\u00e4 useiden p\u00e4ivien ajan. Sipoon Taasj\u00e4rven rannalta l\u00f6ytyi torstaina vaatteita, mink\u00e4 vuoksi alueella suoritettiin etsint\u00f6j\u00e4 mahdollisesta veden varaan joutuneesta henkil\u00f6st\u00e4.<\/p>\n","protected":false},"excerpt":{"rendered":"Poliisi etsi ep\u00e4ilty\u00e4 miest\u00e4 useiden p\u00e4ivien ajan. Poliisi jatkaa asian selvitt\u00e4mist\u00e4 kuoleman\u00adsyyn\u00adtutkintana. Avaa kuvien katselu Ep\u00e4ilty mies l\u00f6ytyi&hellip;\n","protected":false},"author":2,"featured_media":305946,"comment_status":"","ping_status":"","sticky":false,"template":"","format":"standard","meta":{"footnotes":"","_share_on_mastodon":"0"},"categories":[12],"tags":[22,23,26,27,33,31,30,17,39725,71,24,25,28,29,15,18,21,2944,1263,2293,32,19,20,1168,16],"class_list":["post-305945","post","type-post","status-publish","format-standard","has-post-thumbnail","category-suomi","tag-breaking-news","tag-breakingnews","tag-featured-news","tag-featurednews","tag-fi","tag-finland","tag-finnish","tag-headlines","tag-ita-uudenmaan-maakunta-hist","tag-kotimaa","tag-latest-news","tag-latestnews","tag-main-news","tag-mainnews","tag-news","tag-otsikot","tag-paauutiset","tag-pahoinpitely","tag-rikosepailyt","tag-sipoo","tag-suomi","tag-top-stories","tag-topstories","tag-uusimaa","tag-uutiset"],"share_on_mastodon":{"url":"https:\/\/pubeurope.com\/@fi\/116956799582592114","error":""},"_links":{"self":[{"href":"https:\/\/www.europesays.com\/fi\/wp-json\/wp\/v2\/posts\/305945","targetHints":{"allow":["GET"]}}],"collection":[{"href":"https:\/\/www.europesays.com\/fi\/wp-json\/wp\/v2\/posts"}],"about":[{"href":"https:\/\/www.europesays.com\/fi\/wp-json\/wp\/v2\/types\/post"}],"author":[{"embeddable":true,"href":"https:\/\/www.europesays.com\/fi\/wp-json\/wp\/v2\/users\/2"}],"replies":[{"embeddable":true,"href":"https:\/\/www.europesays.com\/fi\/wp-json\/wp\/v2\/comments?post=305945"}],"version-history":[{"count":0,"href":"https:\/\/www.europesays.com\/fi\/wp-json\/wp\/v2\/posts\/305945\/revisions"}],"wp:featuredmedia":[{"embeddable":true,"href":"https:\/\/www.europesays.com\/fi\/wp-json\/wp\/v2\/media\/305946"}],"wp:attachment":[{"href":"https:\/\/www.europesays.com\/fi\/wp-json\/wp\/v2\/media?parent=305945"}],"wp:term":[{"taxonomy":"category","embeddable":true,"href":"https:\/\/www.europesays.com\/fi\/wp-json\/wp\/v2\/categories?post=305945"},{"taxonomy":"post_tag","embeddable":true,"href":"https:\/\/www.europesays.com\/fi\/wp-json\/wp\/v2\/tags?post=305945"}],"curies":[{"name":"wp","href":"https:\/\/api.w.org\/{rel}","templated":true}]}}