{"id":30629,"date":"2025-09-10T06:15:08","date_gmt":"2025-09-10T06:15:08","guid":{"rendered":"https:\/\/www.europesays.com\/fi\/30629\/"},"modified":"2025-09-10T06:15:08","modified_gmt":"2025-09-10T06:15:08","slug":"kolmannes-kuntien-tyontekijoista-elakoitymassa-verkkouutiset","status":"publish","type":"post","link":"https:\/\/www.europesays.com\/fi\/30629\/","title":{"rendered":"Kolmannes kuntien ty\u00f6ntekij\u00f6ist\u00e4 el\u00e4k\u00f6itym\u00e4ss\u00e4 | Verkkouutiset"},"content":{"rendered":"<p class=\"ai-optimize-6 ai-optimize-introduction\">Kuntien el\u00e4kevakuutus Kevan ennusteen mukaan jopa 30 prosenttia kuntien ty\u00f6ntekij\u00f6ist\u00e4 el\u00e4k\u00f6ityy seuraavan kymmenen vuoden aikana. My\u00f6s hyvinvointialueiden ty\u00f6ntekij\u00f6ist\u00e4 28 prosenttia el\u00e4k\u00f6ityy samassa aikaikkunassa.<\/p>\n<p class=\"ai-optimize-7\">Vaikka tulevia rekrytointim\u00e4\u00e4ri\u00e4 on vaikea ennustaa, on selv\u00e4\u00e4, ett\u00e4 julkisilla ty\u00f6nantajilla on l\u00e4hitulevaisuudessa suuri tarve uusille osaajille, nykyisen osaamisen poistuessa ty\u00f6el\u00e4m\u00e4st\u00e4.<\/p>\n<p class=\"ai-optimize-8\">El\u00e4k\u00f6itymist\u00e4 tapahtuu Kevan mukaan ripe\u00e4sti my\u00f6s aloilla, joilla koetaan jo nyt ty\u00f6voimapulaa. My\u00f6s ty\u00f6kyvytt\u00f6myysriski tuo haasteita tietyiss\u00e4 ammattiryhmiss\u00e4.<\/p>\n<p class=\"ai-optimize-9\">Kuntarekryn kampanjan p\u00e4\u00e4viesti on: \u201cSuomen suurin (julkinen) piiloty\u00f6paikka\u201d. Kampanja n\u00e4kyy ja kuuluu syyskuun ensimm\u00e4isin\u00e4 viikkoina verkossa, ulkomainosn\u00e4yt\u00f6iss\u00e4 ja kauppakeskuksissa ymp\u00e4ri maan.<\/p>\n<p class=\"ai-optimize-10\">Kampanjalla Kuntarekry haluaa tuoda esiin kuntien ja hyvinvointialueiden monipuolisia ty\u00f6mahdollisuuksia, sek\u00e4 kannustaa ty\u00f6nhakijoita tulkitsemaan tilastoja tulevista ty\u00f6voimatarpeista ja aktivoitumaan heti: \u201cTee hakuvahti nyt.\u201d<\/p>\n<p class=\"ai-optimize-10\">Kevan tilastoanalyytikko <strong>Petra Sohlman<\/strong> toteaa, ett\u00e4 ennuste kuvaa ammattiryhmien el\u00e4k\u00f6itymistahtia eri puolilla maata ja auttaa hahmottamaan sit\u00e4, mille aloille tulevina vuosina tarvitaan ty\u00f6voimaa.<\/p>\n<p class=\"ai-optimize-11\">\u2013 Hoitoalalla, jolla on n\u00e4hty viime vuosina my\u00f6s ty\u00f6voimapulaa, el\u00e4k\u00f6itymistahti on nyt ripe\u00e4. Esimerkiksi nykyisi\u00e4 l\u00e4hihoitajia siirtyy pois ty\u00f6el\u00e4m\u00e4st\u00e4 el\u00e4k\u00f6itymisen vuoksi yli 15 000 kymmenen vuoden sis\u00e4ll\u00e4. Pelk\u00e4st\u00e4\u00e4n Pohjois-Savon alueelle tarvitaan arviolta 1 100 l\u00e4hihoitajaa, mik\u00e4 on alueen nykyisest\u00e4 m\u00e4\u00e4r\u00e4st\u00e4 35 prosenttia.<\/p>\n","protected":false},"excerpt":{"rendered":"Kuntien el\u00e4kevakuutus Kevan ennusteen mukaan jopa 30 prosenttia kuntien ty\u00f6ntekij\u00f6ist\u00e4 el\u00e4k\u00f6ityy seuraavan kymmenen vuoden aikana. My\u00f6s hyvinvointialueiden ty\u00f6ntekij\u00f6ist\u00e4&hellip;\n","protected":false},"author":2,"featured_media":30630,"comment_status":"","ping_status":"","sticky":false,"template":"","format":"standard","meta":{"footnotes":""},"categories":[12],"tags":[22,23,26,27,33,31,30,17,1833,24,25,28,29,15,18,21,32,19,20,16],"class_list":{"0":"post-30629","1":"post","2":"type-post","3":"status-publish","4":"format-standard","5":"has-post-thumbnail","7":"category-suomi","8":"tag-breaking-news","9":"tag-breakingnews","10":"tag-featured-news","11":"tag-featurednews","12":"tag-fi","13":"tag-finland","14":"tag-finnish","15":"tag-headlines","16":"tag-kunnat","17":"tag-latest-news","18":"tag-latestnews","19":"tag-main-news","20":"tag-mainnews","21":"tag-news","22":"tag-otsikot","23":"tag-paauutiset","24":"tag-suomi","25":"tag-top-stories","26":"tag-topstories","27":"tag-uutiset"},"share_on_mastodon":{"url":"","error":""},"_links":{"self":[{"href":"https:\/\/www.europesays.com\/fi\/wp-json\/wp\/v2\/posts\/30629","targetHints":{"allow":["GET"]}}],"collection":[{"href":"https:\/\/www.europesays.com\/fi\/wp-json\/wp\/v2\/posts"}],"about":[{"href":"https:\/\/www.europesays.com\/fi\/wp-json\/wp\/v2\/types\/post"}],"author":[{"embeddable":true,"href":"https:\/\/www.europesays.com\/fi\/wp-json\/wp\/v2\/users\/2"}],"replies":[{"embeddable":true,"href":"https:\/\/www.europesays.com\/fi\/wp-json\/wp\/v2\/comments?post=30629"}],"version-history":[{"count":0,"href":"https:\/\/www.europesays.com\/fi\/wp-json\/wp\/v2\/posts\/30629\/revisions"}],"wp:featuredmedia":[{"embeddable":true,"href":"https:\/\/www.europesays.com\/fi\/wp-json\/wp\/v2\/media\/30630"}],"wp:attachment":[{"href":"https:\/\/www.europesays.com\/fi\/wp-json\/wp\/v2\/media?parent=30629"}],"wp:term":[{"taxonomy":"category","embeddable":true,"href":"https:\/\/www.europesays.com\/fi\/wp-json\/wp\/v2\/categories?post=30629"},{"taxonomy":"post_tag","embeddable":true,"href":"https:\/\/www.europesays.com\/fi\/wp-json\/wp\/v2\/tags?post=30629"}],"curies":[{"name":"wp","href":"https:\/\/api.w.org\/{rel}","templated":true}]}}