{"id":30647,"date":"2025-09-10T06:39:08","date_gmt":"2025-09-10T06:39:08","guid":{"rendered":"https:\/\/www.europesays.com\/fi\/30647\/"},"modified":"2025-09-10T06:39:08","modified_gmt":"2025-09-10T06:39:08","slug":"tutkijat-kehittivat-kasvomaskin-jonka-kanssa-on-helppo-hengittaa-ja-jota-voi-kayttaa-uudelleen-etela-karjala","status":"publish","type":"post","link":"https:\/\/www.europesays.com\/fi\/30647\/","title":{"rendered":"Tutkijat kehittiv\u00e4t kasvomaskin, jonka kanssa on helppo hengitt\u00e4\u00e4 ja jota voi k\u00e4ytt\u00e4\u00e4 uudelleen | Etel\u00e4-Karjala"},"content":{"rendered":"<p class=\"sc-jYczwO sc-dNFkOE biRopy fvdpYw yle__article__paragraph\">Uudelleen k\u00e4ytett\u00e4v\u00e4\u00e4 kasvomaskia on tarkoitus testata Suomessa ja Espanjassa. Se on ensimm\u00e4inen merkitt\u00e4v\u00e4 innovaatio alalla 30 vuoteen.<\/p>\n<p><img decoding=\"async\" alt=\"Mies sovittaa p\u00e4\u00e4h\u00e4ns\u00e4 uudenlaista hengityssuojainta toimistotilassa suuren ikkunan \u00e4\u00e4rell\u00e4.\" src=\"https:\/\/www.europesays.com\/fi\/wp-content\/uploads\/2025\/09\/39-151957868c00488408bc.jpeg\" class=\"sc-dntSTA iywpZY\"\/><\/p>\n<p>Avaa kuvien katselu<\/p>\n<p>Yliopettaja Ari K\u00e4nk\u00e4nen sovittaa uudenlaista hengityksensuojainta kasvoilleen. Hengitysosa on l\u00e4pin\u00e4kyv\u00e4\u00e4 muovia, jotta suun liikkeet n\u00e4kyv\u00e4t. Kuva: Ville Toijonen \/ Yle<\/p>\n<ul aria-label=\"Tekij\u00e4t\" class=\"sc-cCVJLD hgYMQq\">\n<li class=\"sc-pYNGo dfIAWA\">Helena Korpela, <\/li>\n<li class=\"sc-pYNGo dfIAWA\">Ville Toijonen<\/li>\n<\/ul>\n<p>Juttu tiivistettyn\u00e4<\/p>\n<ul class=\"sc-dMmcxd iwejNa yle__article__list yle__article__list--ul\">\n<li class=\"sc-fGqoZs gCclqo\">LUT-yliopisto, LAB-ammattikorkeakoulu ja VTT kehitt\u00e4v\u00e4t yhdess\u00e4 uudelleenk\u00e4ytett\u00e4v\u00e4\u00e4 kasvomaskia.<\/li>\n<li class=\"sc-fGqoZs gCclqo\">Maskin tavoitteena on olla kest\u00e4v\u00e4, hengitt\u00e4v\u00e4 ja pitk\u00e4ik\u00e4inen.<\/li>\n<li class=\"sc-fGqoZs gCclqo\">Kasvomaski on ensimm\u00e4inen innovaatio hengityssuojaimien alalla 30 vuoteen. Tutkimushanke saa rahoitusta EU:lta.<\/li>\n<\/ul>\n<p class=\"sc-jYczwO sc-ciCoXh biRopy bFUjNZ yle__article__paragraph\">T\u00e4m\u00e4 on teko\u00e4lyn avulla tuotettu, toimittajan tarkistama tiivistelm\u00e4.<\/p>\n<p class=\"sc-jYczwO sc-ciCoXh biRopy bFUjNZ yle__article__paragraph\">Kasvomaskit saattavat olla jo l\u00e4hitulevaisuudessa uudelleenk\u00e4ytett\u00e4vi\u00e4.<\/p>\n<p class=\"sc-jYczwO sc-ciCoXh biRopy bFUjNZ yle__article__paragraph\">LAB-ammattikorkeakoulu, Lappeenrannan-Lahden teknillinen yliopisto (LUT) ja Teknologian tutkimuskeskus VTT kehitt\u00e4v\u00e4t uudelleenk\u00e4ytett\u00e4v\u00e4\u00e4 kasvomaskia yhdess\u00e4.<\/p>\n<p class=\"sc-jYczwO sc-ciCoXh biRopy bFUjNZ yle__article__paragraph\">Kasvomaskin on tarkoitus olla kest\u00e4v\u00e4 ja helposti hengitt\u00e4v\u00e4. Sit\u00e4 voi k\u00e4ytt\u00e4\u00e4 pitki\u00e4kin aikoja.<\/p>\n<p class=\"sc-jYczwO sc-ciCoXh biRopy bFUjNZ yle__article__paragraph\">Maskin kehitysty\u00f6 on saanut alkunsa terveydenhuollon henkil\u00f6kunnan kokemuksista kasvomaskien k\u00e4yt\u00f6st\u00e4 korona-aikana.<\/p>\n<p class=\"sc-jYczwO sc-ciCoXh biRopy bFUjNZ yle__article__paragraph\">\u2013 Kokemusten mukaan hengitt\u00e4minen vaikeutui ja ty\u00f6nteko oli raskaampaa. Ilmeni p\u00e4\u00e4ns\u00e4rky\u00e4 ja v\u00e4symyst\u00e4, kertoo johtava asiantuntija <strong class=\"sc-eEHciv bAjptV yle__article__strong\">Susanna Tella<\/strong> LAB-ammattikorkeakoulusta.<\/p>\n<p><img decoding=\"async\" alt=\"VTT:n ja LAB-ammattikorkeakoulun yhteisty\u00f6ss\u00e4 suunnitteleman s\u00e4hk\u00f6suodatteisen hengityssuojan osia p\u00f6yd\u00e4ll\u00e4..\" src=\"https:\/\/www.europesays.com\/fi\/wp-content\/uploads\/2025\/09\/39-151969368c0198223322.jpeg\" loading=\"lazy\" class=\"sc-dntSTA iywpZY\"\/><\/p>\n<p>Avaa kuvien katselu<\/p>\n<p>Kehityksess\u00e4 olevan uudelleenk\u00e4ytett\u00e4v\u00e4n kasvomaskin hengitysosia. Ilmansuodatus tapahtuu s\u00e4hk\u00f6suodattimen avulla. Kuva: Kare Lehtonen \/ Yle<\/p>\n<p class=\"sc-jYczwO sc-ciCoXh biRopy bFUjNZ yle__article__paragraph\">Tellan mukaan perinteisten hengityssuojaimien k\u00e4ytt\u00f6\u00f6n on liittynyt my\u00f6s turvallisuuskysymyksi\u00e4.<\/p>\n<p class=\"sc-jYczwO sc-ciCoXh biRopy bFUjNZ yle__article__paragraph\">\u2013 Kuuleminen ja puhuminen ovat vaikeutuneet. My\u00f6s ihmiskontakti on voinut maskin takia heiket\u00e4, jos on hoidettu lapsia tai ik\u00e4\u00e4ntyneit\u00e4, Tella kertoo.<\/p>\n<p class=\"sc-jYczwO sc-ciCoXh biRopy bFUjNZ yle__article__paragraph\"><strong class=\"sc-eEHciv bAjptV yle__article__strong\">Yliopettaja Ari K\u00e4nk\u00e4nen kertoo uudelleenk\u00e4ytett\u00e4v\u00e4n kasvomaskin ominaisuuksista:<\/strong><\/p>\n<p>Video: Kare Lehtonen \/ YleUusi innovaatio<\/p>\n<p class=\"sc-jYczwO sc-ciCoXh biRopy bFUjNZ yle__article__paragraph\">Susanna Tellan mukaan Suomessa nyt kehitett\u00e4v\u00e4 kasvomaski on ensimm\u00e4inen merkitt\u00e4v\u00e4 innovaatio hengityssuojaimien alalla 30 vuoteen.<\/p>\n<p class=\"sc-jYczwO sc-ciCoXh biRopy bFUjNZ yle__article__paragraph\">\u2013 Kaupallisesti hyv\u00e4ksytyiss\u00e4 hengityssuojaimissa t\u00e4llaista teknologiaa ei ole aiemmin ollut. Kokeiluja on ollut, mutta toimivaa ja vaatimukset t\u00e4ytt\u00e4v\u00e4\u00e4 ratkaisua ei ole aiemmin l\u00f6ytynyt, kertoo johtava tutkija <strong class=\"sc-eEHciv bAjptV yle__article__strong\">Ilpo Kulmala<\/strong> VTT:lt\u00e4.<\/p>\n<p class=\"sc-jYczwO sc-ciCoXh biRopy bFUjNZ yle__article__paragraph\">Kasvomaskin kehitt\u00e4minen on saanut rahaa Euroopan komission ohjelmasta, jonka tarkoituksena on vahvistaa EU:n kriisivalmiutta. Tutkimusprojektin viiden miljoonan euron rahoituksesta 80 prosenttia on per\u00e4isin EU:lta.<\/p>\n<p><img decoding=\"async\" alt=\"Nainen seisoo upeassa j\u00e4rvimaisemassa valoisassa huoneessa, pukeutuneena kirkkaan oranssiin t-paitaan.\" src=\"https:\/\/www.europesays.com\/fi\/wp-content\/uploads\/2025\/09\/39-151957768c00487c65c4.jpeg\" loading=\"lazy\" class=\"sc-dntSTA iywpZY\"\/><\/p>\n<p>Avaa kuvien katselu<\/p>\n<p>Uudelleenk\u00e4ytett\u00e4v\u00e4 kasvomaski on ekologinen, koska se v\u00e4hent\u00e4\u00e4 kertak\u00e4ytt\u00f6isist\u00e4 hengityksensuojaimista tulevaa j\u00e4tem\u00e4\u00e4r\u00e4\u00e4, sanoo johtava asiantuntija Susanna Tella LAB-ammattikorkeakoulusta. Kuva: Ville Toijonen \/ YleUlkon\u00e4k\u00f6 poikkeaa totutusta<\/p>\n<p class=\"sc-jYczwO sc-ciCoXh biRopy bFUjNZ yle__article__paragraph\">Uudelleenk\u00e4ytett\u00e4v\u00e4 kasvomaski koostuu kolmesta eri osasta. Niin sanottu tekninen osa sijoittuu p\u00e4\u00e4n takapuolelle. Ilma kulkee maskin etuosaan virtausputkia pitkin. Kasvoille tuleva hengitysosa on l\u00e4pin\u00e4kyv\u00e4\u00e4 muovia.<\/p>\n<p class=\"sc-jYczwO sc-ciCoXh biRopy bFUjNZ yle__article__paragraph\">\u2013 N\u00e4in suun liikkeet pystyy n\u00e4kem\u00e4\u00e4n, mik\u00e4 auttaa kuulemista, kertoo yliopettaja <strong class=\"sc-eEHciv bAjptV yle__article__strong\">Ari K\u00e4nk\u00e4nen<\/strong> LAB-ammattikorkeakoulusta.<\/p>\n<p class=\"sc-jYczwO sc-ciCoXh biRopy bFUjNZ yle__article__paragraph\">Ilma suodattuu s\u00e4hk\u00f6suodattimen avulla. Virtal\u00e4hteen\u00e4 on ladattava akku.<\/p>\n<p class=\"sc-jYczwO sc-ciCoXh biRopy bFUjNZ yle__article__paragraph\">K\u00e4nk\u00e4nen on ollut mukana suunnittelemassa kasvomaskin ulkoasua. Se poikkeaa merkitt\u00e4v\u00e4sti siit\u00e4, mihin moni on tottunut kasvomaskien kanssa.<\/p>\n<p class=\"sc-jYczwO sc-ciCoXh biRopy bFUjNZ yle__article__paragraph\">\u2013 Ulkon\u00e4\u00f6n pit\u00e4\u00e4 olla sellainen, ettei maski pelota k\u00e4ytt\u00e4j\u00e4\u00e4 eik\u00e4 kohdeyleis\u00f6\u00e4 esimerkiksi terveydenhuollossa, h\u00e4n sanoo.<\/p>\n<p><img decoding=\"async\" alt=\"VTT:n ja LAB-ammattikorkeakoulun yhteisty\u00f6ss\u00e4 suunnitteleman s\u00e4hk\u00f6suodatteisen hengityssuojan osia p\u00f6yd\u00e4ll\u00e4..\" src=\"https:\/\/www.europesays.com\/fi\/wp-content\/uploads\/2025\/09\/39-151969668c01985b0336.jpeg\" loading=\"lazy\" class=\"sc-dntSTA iywpZY\"\/><\/p>\n<p>Avaa kuvien katselu<\/p>\n<p>Hengityksensuojaimen osia p\u00f6yd\u00e4ll\u00e4. Tutkijoiden ajatuksena on, ett\u00e4 maskin virtal\u00e4hteen\u00e4 toimii ladattava akku. Kuva: Kare Lehtonen \/ YleTestej\u00e4 Suomessa ja Espanjassa<\/p>\n<p class=\"sc-jYczwO sc-ciCoXh biRopy bFUjNZ yle__article__paragraph\">Tutkimusprojekti on nelivuotinen. Ensimm\u00e4iset kaksi vuotta on tarkoitus k\u00e4ytt\u00e4\u00e4 kasvomaskin kehitt\u00e4miseen.<\/p>\n<p class=\"sc-jYczwO sc-ciCoXh biRopy bFUjNZ yle__article__paragraph\">Sen j\u00e4lkeen on vuorossa kaksi vuotta kest\u00e4v\u00e4 maskin k\u00e4yt\u00e4nn\u00f6n testaus. Testauksia on tarkoitus tehd\u00e4 sek\u00e4 Suomessa ett\u00e4 Espanjassa muun muassa terveydenhuollon ty\u00f6ntekij\u00f6iden parissa.<\/p>\n<p class=\"sc-jYczwO sc-ciCoXh biRopy bFUjNZ yle__article__paragraph\">\u2013 Sitten tarkoituksena on saada kasvomaski tuotantoon ja markkinoille, Susanna Tella sanoo.<\/p>\n<p class=\"sc-jYczwO sc-ciCoXh biRopy bFUjNZ yle__article__paragraph\">Uudelleenk\u00e4ytett\u00e4v\u00e4n kasvomaskin on tarkoitus tulla sek\u00e4 sote-henkil\u00f6st\u00f6n ett\u00e4 tavallisten kansalaisten k\u00e4ytett\u00e4v\u00e4ksi.<\/p>\n","protected":false},"excerpt":{"rendered":"Uudelleen k\u00e4ytett\u00e4v\u00e4\u00e4 kasvomaskia on tarkoitus testata Suomessa ja Espanjassa. Se on ensimm\u00e4inen merkitt\u00e4v\u00e4 innovaatio alalla 30 vuoteen. Avaa&hellip;\n","protected":false},"author":2,"featured_media":30648,"comment_status":"","ping_status":"","sticky":false,"template":"","format":"standard","meta":{"footnotes":"","_share_on_mastodon":"0"},"categories":[76],"tags":[79,77,1302,2207,33,31,30,9124,766,71,1446,1268,721,9125,32,78,472,4744,2416],"class_list":["post-30647","post","type-post","status-publish","format-standard","has-post-thumbnail","category-talous","tag-business","tag-economy","tag-etela-karjala","tag-euroopan-komissio","tag-fi","tag-finland","tag-finnish","tag-kasvomaskit","tag-koronavirus","tag-kotimaa","tag-lappeenranta","tag-paijat-hame","tag-rahoitus","tag-suojanaamiot","tag-suomi","tag-talous","tag-tutkimus","tag-tutkimuslaitokset","tag-vtt"],"share_on_mastodon":{"url":"","error":""},"_links":{"self":[{"href":"https:\/\/www.europesays.com\/fi\/wp-json\/wp\/v2\/posts\/30647","targetHints":{"allow":["GET"]}}],"collection":[{"href":"https:\/\/www.europesays.com\/fi\/wp-json\/wp\/v2\/posts"}],"about":[{"href":"https:\/\/www.europesays.com\/fi\/wp-json\/wp\/v2\/types\/post"}],"author":[{"embeddable":true,"href":"https:\/\/www.europesays.com\/fi\/wp-json\/wp\/v2\/users\/2"}],"replies":[{"embeddable":true,"href":"https:\/\/www.europesays.com\/fi\/wp-json\/wp\/v2\/comments?post=30647"}],"version-history":[{"count":0,"href":"https:\/\/www.europesays.com\/fi\/wp-json\/wp\/v2\/posts\/30647\/revisions"}],"wp:featuredmedia":[{"embeddable":true,"href":"https:\/\/www.europesays.com\/fi\/wp-json\/wp\/v2\/media\/30648"}],"wp:attachment":[{"href":"https:\/\/www.europesays.com\/fi\/wp-json\/wp\/v2\/media?parent=30647"}],"wp:term":[{"taxonomy":"category","embeddable":true,"href":"https:\/\/www.europesays.com\/fi\/wp-json\/wp\/v2\/categories?post=30647"},{"taxonomy":"post_tag","embeddable":true,"href":"https:\/\/www.europesays.com\/fi\/wp-json\/wp\/v2\/tags?post=30647"}],"curies":[{"name":"wp","href":"https:\/\/api.w.org\/{rel}","templated":true}]}}