{"id":306605,"date":"2026-07-22T04:30:12","date_gmt":"2026-07-22T04:30:12","guid":{"rendered":"https:\/\/www.europesays.com\/fi\/306605\/"},"modified":"2026-07-22T04:30:12","modified_gmt":"2026-07-22T04:30:12","slug":"abdul-hussein-oli-jo-finnairin-lahtoportilla-kun-puhelin-soi-tule-heti-pois-sielta","status":"publish","type":"post","link":"https:\/\/www.europesays.com\/fi\/306605\/","title":{"rendered":"Abdul Hussein oli jo Finnairin l\u00e4ht\u00f6portilla, kun puhelin soi: \u201dTule heti pois sielt\u00e4!\u201d"},"content":{"rendered":"<p>UFC-sopimus syntyi h\u00e4mm\u00e4stytt\u00e4vien k\u00e4\u00e4nteiden kautta.<\/p>\n<p class=\"paragraph\"><strong>Abdul Hussein<\/strong> ja <strong>Rodrigo Vera<\/strong> olivat puulla p\u00e4\u00e4h\u00e4n ly\u00f6tyj\u00e4, kun yksi toisensa per\u00e4\u00e4n tuli valituksi ennen heit\u00e4.<\/p>\n<p class=\"paragraph\">K\u00e4ynniss\u00e4 olivat The Ultimate Fighter -ohjelman (TUF) kuvaukset, viel\u00e4 tarkemmin kilpailun karsintavaihe. Suomen vapaaottelut\u00e4hti Hussein ja Vera olivat porukan kokeneimmat ja meritoituneimmat ottelijat. He olivat viikkoa aikaisemmin siirtyneet eristyksiin lasvegasilaiseen hotelliin.<\/p>\n<p class=\"paragraph\">\u2013\u2009Olin toki jo aiemmin laskeskellut, ett\u00e4 meit\u00e4 on kaksi ottelijaa liikaa mukana, Hussein kertaa.<\/p>\n<p class=\"paragraph\">TUF-ohjelmassa seurataan vapaaottelijoita, jotka kisaavat sopimuksesta maailman kovimpaan organisaatioon UFC:hen.<\/p>\n<p class=\"paragraph\">Joukkueiden valmentajat <strong>Daniel Cormier<\/strong> ja <strong>Michael Bisping<\/strong> olivat pit\u00e4neet ottelijoille treenit ennen karsintaa. Kun joukkueet olivat valitut, Hussein ja Vera seisoivat yh\u00e4 valintariviss\u00e4. Se oli merkki siit\u00e4, ett\u00e4 he eiv\u00e4t p\u00e4\u00e4sseet mukaan ohjelmaan.<\/p>\n<p><img decoding=\"async\" class=\"image image-show image-preview\" src=\"https:\/\/www.europesays.com\/fi\/wp-content\/uploads\/2026\/07\/6597227ac23ac684ca8bb36a457c9f674c1fbc449b59deab7f5ba7c8156a7568.jpg\" alt=\"\"\/><img decoding=\"async\" class=\"image image-show\" src=\"https:\/\/www.europesays.com\/fi\/wp-content\/uploads\/2026\/07\/1784694612_958_6597227ac23ac684ca8bb36a457c9f674c1fbc449b59deab7f5ba7c8156a7568.jpg\" alt=\"\"\/><\/p>\n<p>Abdul Husseinin on odotettu p\u00e4\u00e4sev\u00e4n UFC:hen. Vuosien ty\u00f6n j\u00e4lkeen tuli palkinto. Pete Anikari<\/p>\n<p class=\"paragraph\">Tilanne oli h\u00e4mm\u00e4stytt\u00e4v\u00e4.<\/p>\n<p class=\"paragraph\">\u2013\u2009En ajatellut, ett\u00e4 he eiv\u00e4t valitsisi minua. Meille ei selitetty, olimmeko huonoja vai liian hyvi\u00e4 vai muuten ep\u00e4sopivia ohjelmaan. Sitten k\u00e4ttelin koutsit ja <strong>Dana Whiten<\/strong>, Hussein jatkaa.<\/p>\n<p>Ison pomon toimistoon<\/p>\n<p class=\"paragraph\">Heti karsintaihmetyksen j\u00e4lkeen Vera ja Hussein kutsuttiin UFC:n toimitusjohtajan Whiten toimistoon.<\/p>\n<p class=\"paragraph\">\u2013\u2009White sanoi, ett\u00e4 valinnat eiv\u00e4t vain osuneet meihin ja ett\u00e4 olemme niin kovia, ett\u00e4 p\u00e4\u00e4semme v\u00e4hint\u00e4\u00e4nkin ottelemaan UFC:n Contender Series -ohjelmassa.<\/p>\n<p class=\"paragraph\">Kyseess\u00e4 on TUF:ia suoraviivaisempi ohjelma, jossa yhdell\u00e4 ottelulla voi ansaita UFC-sopimuksen. Se kuulosti ihan hyv\u00e4lt\u00e4, mutta TUF-pettymyst\u00e4 se ei t\u00e4ysin pyyhkinyt Husseinin mielest\u00e4.<\/p>\n<p class=\"paragraph\">Husseinin piti j\u00e4\u00e4d\u00e4 viel\u00e4 kahdeksi p\u00e4iv\u00e4ksi Las Vegasiin. Silloin manageri <strong>Majdi Shammas<\/strong> soitti.<\/p>\n<p>Kesken kaiken TUF-kuvauksista Suomeen palannut Abdul Hussein p\u00e4\u00e4si nyrkkeilem\u00e4\u00e4n Ice Cageen, mutta ei saanut hiiskua UFC:n ohjelman tapahtumista. jussi saarinen<\/p>\n<p class=\"paragraph\">\u2013\u2009H\u00e4n kysyi, p\u00e4\u00e4senk\u00f6 seuraavaksi p\u00e4iv\u00e4ksi painoihin. UFC:ll\u00e4 oli tulossa viikonloppuna ilta Kanadan Winnipegiss\u00e4. Olin juuri sy\u00f6nyt buffetissa, mutta sanoin, ett\u00e4 p\u00e4\u00e4sen tietenkin.<\/p>\n<p class=\"paragraph\">Se tilaisuus kuitenkin kariutui, kun Husseinille kaavailtu ottelu vedettiin pois kortilta.<\/p>\n<p class=\"paragraph\">Kotimatka oli jo k\u00e4ynniss\u00e4. Hussein odotti jo Dallasin kent\u00e4n portilla jatkolentoaan Helsinkiin, kun manageri soitti taas.<\/p>\n<p class=\"paragraph\">\u2013\u2009H\u00e4n sanoi: \u201dTule heti pois sielt\u00e4, ottelet viikon p\u00e4\u00e4st\u00e4 Vegasissa!\u201d<\/p>\n<p class=\"paragraph\">Hussein sai laukkunsa Finnairin koneesta ja l\u00e4hti takaisin Nevadan osavaltioon.<\/p>\n<p class=\"paragraph\">Sekin ottelu peruuntui, kun lyhyt varoitusaika ei riitt\u00e4nyt urheilijoille tarkoitetun P-1A-viisumin saamiseen. UFC:st\u00e4 ilmoitettiin Husseinille, ett\u00e4 h\u00e4n voisi vihdoin palata Suomeen ja ett\u00e4 h\u00e4nelle yritet\u00e4\u00e4n l\u00f6yt\u00e4\u00e4 ottelua l\u00e4hiviikoille.<\/p>\n<p>Manageri ved\u00e4tti<\/p>\n<p>Iltalehden asiantuntija Jaakko Dahlbacka on seurannut Husseinin uraa pitk\u00e4\u00e4n ja l\u00e4helt\u00e4. Pete Anikari<\/p>\n<p class=\"paragraph\">Suomessa viikot olivat raskaita. UFC:n tiedet\u00e4\u00e4n olevan arvaamaton promootio, kaikki on mahdollista. Sen Hussein sai todella kokea.<\/p>\n<p class=\"paragraph\">\u2013\u2009Olin niin poikki kaikesta, ett\u00e4 nukuin ensimm\u00e4iset pari p\u00e4iv\u00e4\u00e4.<\/p>\n<p class=\"paragraph\">Lis\u00e4ksi h\u00e4nen ja UFC:n v\u00e4lill\u00e4 vallitsi tiukka vaikenemispyk\u00e4l\u00e4. TUF-kuvausten tapahtumista ei saisi hiiskua mit\u00e4\u00e4n tai muuten postilaatikosta tipahtaisi miljoonien dollarien sakko.<\/p>\n<p class=\"paragraph\">Kaiken lis\u00e4ksi Hussein bongattiin Suomessa l\u00e4hes heti h\u00e4nen saavuttuaan.<\/p>\n<p class=\"paragraph\">\u2013\u2009Kaikki spekuloivat, olinko h\u00e4vinnyt heti ensimm\u00e4isen otteluni vai mit\u00e4 oli tapahtunut. Jouduin vain sanomaan, ett\u00e4 kaikki on hyvin ja ett\u00e4 olin mukana ohjelmassa. Se oli todella rankkaa.<\/p>\n<p class=\"paragraph\">Hussein ja h\u00e4nen tiimins\u00e4 laati kuitenkin treeniohjelman, joka t\u00e4ht\u00e4si hein\u00e4kuun 25. p\u00e4iv\u00e4n\u00e4 kalenterissa olevaan Abu Dhabin UFC-iltaan.<\/p>\n<p class=\"paragraph\">Sitten manageri Shammas vuoti amerikkalaiselle luottotoimittajalle vinkin, ett\u00e4 Hussein oli saanut UFC-sopimuksen.<\/p>\n<p class=\"paragraph\">\u2013\u2009H\u00e4n soitti minulle ja sanoi, ett\u00e4 UFC ei oikein ollut tyk\u00e4nnyt siit\u00e4 tempusta ja ett\u00e4 Husseinin UFC-debyytist\u00e4 ei keskusteltaisi hetkeen.<\/p>\n<p class=\"paragraph\">H\u00f6yry alkoi nousta korvista. Rauhallinen espoolainen ehti jo tuohtua. Shammas jatkoi, ett\u00e4 h\u00e4nell\u00e4 oli toisesta organisaatiosta PFL:st\u00e4 ottelutarjous, jonka h\u00e4n halusi n\u00e4ytt\u00e4\u00e4 videopuhelussa.<\/p>\n<p class=\"paragraph\">\u2013\u2009Sitten siin\u00e4 lukikin \u201dUFC Abu Dhabi, sopimus\u201d.<\/p>\n<p class=\"paragraph\">Ved\u00e4tys onnistui. Husseinin kauan jahtaama tavoite muuttui konkretiaksi. Lauantaina Suomen lippu palaa UFC-l\u00e4hetykseen, kun Hussein kohtaa yhdysvaltalaisen <strong>Cody Gibsonin<\/strong>.<\/p>\n<p>Suomi esille<\/p>\n<p>Hussein haluaa tuoda Suomea ja suomalaisia ottelijoita esille maailman suurimmassa promootiossa. Pete Anikari<\/p>\n<p class=\"paragraph\">UFC-sopimus tuo validiteettia kaikelle sille, mit\u00e4 Husseinista on viime vuodet puhuttu, sanoo Iltalehden asiantuntija ja Husseininkin valmennustiimiin kuuluva <strong>Jaakko Dahlbacka<\/strong>.<\/p>\n<p class=\"paragraph\">Hussein oli todella l\u00e4hell\u00e4 tarunhohtoista UFC:t\u00e4 jo vuonna 2021, kun h\u00e4n otteli todella tiukan matsin <strong>Muhammad Mokajevin<\/strong> kanssa Brave-organisaatiossa. Mokajev voitti pisteill\u00e4 ja nousi sen j\u00e4lkeen 61,2-kiloisten eliittiin UFC:ss\u00e4.<\/p>\n<p class=\"paragraph\">Nyt 28-vuotias ja 15\u20132-listainen Hussein on kuitenkin valmiimpi maailmanvalloitukseen.<\/p>\n<p class=\"paragraph\">\u2013\u2009Kuukausi sitten se ei tuntunut viel\u00e4 oikein milt\u00e4\u00e4n, mutta nyt se tuntuu konkreettiselta. Fiilis on tosi hyv\u00e4 ja odottava. Treenit ovat kulkeneet hyvin. Hienoa n\u00e4hd\u00e4, mit\u00e4 kaikkea maailman suurimmassa organisaatiossa tapahtuu, kun sinne saavutaan.<\/p>\n<p class=\"paragraph\">Tunne on my\u00f6s helpottunut. Dahlbacka on seurannut Husseinin uraa pitk\u00e4\u00e4n l\u00e4helt\u00e4, mutta jopa h\u00e4n my\u00f6nt\u00e4\u00e4, ett\u00e4 v\u00e4lill\u00e4 odottaminen tuntui tuskallisen pitk\u00e4lt\u00e4.<\/p>\n<p class=\"paragraph\">\u2013\u2009Tunnen my\u00f6s ylpeytt\u00e4 siit\u00e4, ett\u00e4 p\u00e4\u00e4sen pitk\u00e4st\u00e4 aikaa edustamaan Suomea<\/p>\n<p class=\"paragraph\"><strong>Makwan Amirkhanin<\/strong> pitk\u00e4 taival UFC:ss\u00e4 p\u00e4\u00e4ttyi kes\u00e4ll\u00e4 2023.<\/p>\n<p class=\"paragraph\">\u2013\u2009Sen lis\u00e4ksi, ett\u00e4 aion voittaa UFC:n mestaruuden, niin aion my\u00f6s tuoda suomalaisottelijoita esille ja kertoa, ett\u00e4 muillakin on potentiaalia sinne. Kerron heille, keit\u00e4 ovat <strong>Omar Tugarev<\/strong>, <strong>Sani Br\u00e4nnfors<\/strong> ja <strong>Omran Chaaban<\/strong>, jotta suomalaisia n\u00e4hd\u00e4\u00e4n siell\u00e4 lis\u00e4\u00e4 tulevaisuudessa.<\/p>\n<p>Suomalaiset UFC:ss\u00e4<\/p>\n<ul>\n<li>Tony Halme (0 voittoa, 1 tappio) 1997<\/li>\n<li>Anton Kuivanen (1\u20132) 2012\u20132013<\/li>\n<li>Tom Niinim\u00e4ki (1\u20133) 2013\u20132014<\/li>\n<li>Tina L\u00e4hdem\u00e4ki (0\u20131) 2014<\/li>\n<li>Teemu Packal\u00e9n (1\u20133) 2015\u20132019<\/li>\n<li>Makwan Amirkhani (7\u20137) 2015\u20132023<\/li>\n<\/ul>\n","protected":false},"excerpt":{"rendered":"UFC-sopimus syntyi h\u00e4mm\u00e4stytt\u00e4vien k\u00e4\u00e4nteiden kautta. Abdul Hussein ja Rodrigo Vera olivat puulla p\u00e4\u00e4h\u00e4n ly\u00f6tyj\u00e4, kun yksi toisensa per\u00e4\u00e4n&hellip;\n","protected":false},"author":2,"featured_media":306606,"comment_status":"","ping_status":"","sticky":false,"template":"","format":"standard","meta":{"footnotes":"","_share_on_mastodon":"0"},"categories":[5],"tags":[35,22,23,26,27,33,31,30,17,3844,24,25,2910,41,28,29,15,18,21,32,19,20,8503,16,4455],"class_list":["post-306605","post","type-post","status-publish","format-standard","has-post-thumbnail","category-otsikot","tag-24h","tag-breaking-news","tag-breakingnews","tag-featured-news","tag-featurednews","tag-fi","tag-finland","tag-finnish","tag-headlines","tag-kamppailu-urheilu","tag-latest-news","tag-latestnews","tag-lentoliikenne-ilmaliikenne","tag-liikunta-ja-urheilu","tag-main-news","tag-mainnews","tag-news","tag-otsikot","tag-paauutiset","tag-suomi","tag-top-stories","tag-topstories","tag-ultimate-fighting-championship","tag-uutiset","tag-vapaaottelu"],"share_on_mastodon":{"url":"","error":""},"_links":{"self":[{"href":"https:\/\/www.europesays.com\/fi\/wp-json\/wp\/v2\/posts\/306605","targetHints":{"allow":["GET"]}}],"collection":[{"href":"https:\/\/www.europesays.com\/fi\/wp-json\/wp\/v2\/posts"}],"about":[{"href":"https:\/\/www.europesays.com\/fi\/wp-json\/wp\/v2\/types\/post"}],"author":[{"embeddable":true,"href":"https:\/\/www.europesays.com\/fi\/wp-json\/wp\/v2\/users\/2"}],"replies":[{"embeddable":true,"href":"https:\/\/www.europesays.com\/fi\/wp-json\/wp\/v2\/comments?post=306605"}],"version-history":[{"count":0,"href":"https:\/\/www.europesays.com\/fi\/wp-json\/wp\/v2\/posts\/306605\/revisions"}],"wp:featuredmedia":[{"embeddable":true,"href":"https:\/\/www.europesays.com\/fi\/wp-json\/wp\/v2\/media\/306606"}],"wp:attachment":[{"href":"https:\/\/www.europesays.com\/fi\/wp-json\/wp\/v2\/media?parent=306605"}],"wp:term":[{"taxonomy":"category","embeddable":true,"href":"https:\/\/www.europesays.com\/fi\/wp-json\/wp\/v2\/categories?post=306605"},{"taxonomy":"post_tag","embeddable":true,"href":"https:\/\/www.europesays.com\/fi\/wp-json\/wp\/v2\/tags?post=306605"}],"curies":[{"name":"wp","href":"https:\/\/api.w.org\/{rel}","templated":true}]}}