{"id":306731,"date":"2026-07-22T08:39:11","date_gmt":"2026-07-22T08:39:11","guid":{"rendered":"https:\/\/www.europesays.com\/fi\/306731\/"},"modified":"2026-07-22T08:39:11","modified_gmt":"2026-07-22T08:39:11","slug":"la-la-hand-piinasi-ryan-goslingia-vuosia-uusi-juliste-toi-helpotuksen-kulttuuri","status":"publish","type":"post","link":"https:\/\/www.europesays.com\/fi\/306731\/","title":{"rendered":"La La Hand piinasi Ryan Goslingia vuosia \u2013 uusi juliste toi helpotuksen | Kulttuuri"},"content":{"rendered":"<p class=\"aw__sc-1qwuw0s-0 aw__sc-1vg2sqm-0 epAWpq ecELkD yle__article__paragraph\">Ryan Goslingin k\u00e4si ei ole elokuvan alkuper\u00e4isess\u00e4 julisteessa suora samalla tavalla kuin h\u00e4nen vastinparinsa Emma Stonen k\u00e4si.<\/p>\n<p><img decoding=\"async\" alt=\"Elokuvayhti\u00f6 Lionsgaten varatoimitusjohtaja Justin Manfredi esitteli La La Landin uudistettua julistetta \" src=\"https:\/\/www.europesays.com\/fi\/wp-content\/uploads\/2026\/07\/1784702311.jpeg\" class=\"aw__sc-dklauk-0 LPzKX\"\/><\/p>\n<p>Avaa kuvien katselu<\/p>\n<p>Elokuvastudio Lionsgaten varatoimitusjohtaja esitteli La La Land -elokuvan uuden julisteen maanantaina. Kuva: Jon Kopaloff \/ Getty Images<\/p>\n<p class=\"aw__sc-1qwuw0s-0 aw__sc-ngllmo-0 epAWpq fzYpjk yle__article__paragraph\">N\u00e4yttelij\u00e4 <strong class=\"aw__sc-ngllmo-2 gdRrun yle__article__strong\">Ryan Goslingin<\/strong> toive on vihdoin toteutunut: h\u00e4nen k\u00e4tens\u00e4 asento <a class=\"aw__sc-ngllmo-1 bTDnwX yle__article__link\" href=\"https:\/\/variety.com\/2026\/film\/news\/la-la-land-poster-fixes-ryan-gosling-hand-1236817281\/\" role=\"link\" rel=\"nofollow noopener\" target=\"_blank\">on korjattu<\/a> La La Land -elokuvan uusitusta julisteesta.<\/p>\n<p class=\"aw__sc-1qwuw0s-0 aw__sc-ngllmo-0 epAWpq fzYpjk yle__article__paragraph\">Elokuva kertoo Goslingin esitt\u00e4m\u00e4n jazz-pianisti Sebastianin ja aloittelevan n\u00e4yttelij\u00e4n Mian rakkaustarinan. Miaa esitt\u00e4\u00e4 <strong class=\"aw__sc-ngllmo-2 gdRrun yle__article__strong\">Emma<\/strong> <strong class=\"aw__sc-ngllmo-2 gdRrun yle__article__strong\">Stone<\/strong>.<\/p>\n<p class=\"aw__sc-1qwuw0s-0 aw__sc-ngllmo-0 epAWpq fzYpjk yle__article__paragraph\">Elokuvan julisteeseen on valittu kuva Sebastianin ja Mian tanssikohtauksesta. Molempien k\u00e4det ovat ylh\u00e4\u00e4ll\u00e4, mutta Goslingin k\u00e4si ei ole suoraan kuten Stonen.<\/p>\n<p class=\"aw__sc-1qwuw0s-0 aw__sc-ngllmo-0 epAWpq fzYpjk yle__article__paragraph\">Gosling on kertonut useissa haastatteluissa, ett\u00e4 julisteeseen p\u00e4\u00e4tynyt k\u00e4den asento on h\u00e4irinnyt h\u00e4nt\u00e4.<\/p>\n<p class=\"aw__sc-1qwuw0s-0 aw__sc-ngllmo-0 epAWpq fzYpjk yle__article__paragraph\">\u2013 Tanssimme Emman kanssa ja en tiennyt, ett\u00e4 t\u00e4st\u00e4 kohtauksesta otetaan elokuvalle juliste. K\u00e4siemme oli tarkoitus olla ylh\u00e4\u00e4ll\u00e4. Ajattelin, ett\u00e4 olisi siisti\u00e4 laittaa k\u00e4teni enemm\u00e4n kulmaan, vaikka kaikki sanoivat, ettei se olisi siisti\u00e4. Olin varma, ett\u00e4 se olisi, Gosling avautui <a class=\"aw__sc-ngllmo-1 bTDnwX yle__article__link\" href=\"https:\/\/www.tiktok.com\/@wallstreetjournal\/video\/7364485670825364778?lang=en\" role=\"link\" rel=\"nofollow noopener\" target=\"_blank\">Wall Street Journalin<\/a> haastattelussa.<\/p>\n<p class=\"aw__sc-1qwuw0s-0 aw__sc-ngllmo-0 epAWpq fzYpjk yle__article__paragraph\">H\u00e4n kertoo n\u00e4kev\u00e4ns\u00e4 julisteen \u201dkaikkialla koko ajan\u201d ja harmittelevansa k\u00e4den asentoa.<\/p>\n<p class=\"aw__sc-1qwuw0s-0 aw__sc-ngllmo-0 epAWpq fzYpjk yle__article__paragraph\">\u2013 Se tappoi energian. Kutsun sit\u00e4 La La Handiksi.<\/p>\n<p class=\"aw__sc-1qwuw0s-0 aw__sc-ngllmo-0 epAWpq fzYpjk yle__article__paragraph\">La La Hand on nyt kuitenkin historiaa.<\/p>\n<p class=\"aw__sc-1qwuw0s-0 aw__sc-ngllmo-0 epAWpq fzYpjk yle__article__paragraph\">Elokuvastudio Lionsgate julkaisi maanantaina uuden version julisteesta La La Landin 10-vuotisp\u00e4iv\u00e4n kunniaksi. Lionsgaten varatoimitusjohtaja <strong class=\"aw__sc-ngllmo-2 gdRrun yle__article__strong\">Justin<\/strong> <strong class=\"aw__sc-ngllmo-2 gdRrun yle__article__strong\">Manfredi<\/strong> <a class=\"aw__sc-ngllmo-1 bTDnwX yle__article__link\" href=\"https:\/\/www.nytimes.com\/2026\/07\/21\/movies\/la-la-land-poster-gosling-hand.html\" role=\"link\" rel=\"nofollow noopener\" target=\"_blank\">vitsaili<\/a> t\u00e4ll\u00f6in uuden ja vanhan julisteen eron olevan kuin \u201dy\u00f6n ja p\u00e4iv\u00e4n\u201d.<\/p>\n<p class=\"aw__sc-1qwuw0s-0 aw__sc-ngllmo-0 epAWpq fzYpjk yle__article__paragraph\">Elokuvasta julkaistaan t\u00e4n\u00e4 vuonna my\u00f6s juhlavuosiversio.<\/p>\n<p class=\"aw__sc-1qwuw0s-0 aw__sc-ngllmo-0 epAWpq fzYpjk yle__article__paragraph\">La La Land voitti kuusi Oscaria, mukaan lukien parhaan naisn\u00e4yttelij\u00e4n ja ohjauksen palkinnot. Se oli ehdolla my\u00f6s parhaaksi elokuvaksi.<\/p>\n<p><img decoding=\"async\" alt=\"Pariskunta tanssii y\u00f6ll\u00e4 La la Land -julisteen kuvassa.\" src=\"https:\/\/www.europesays.com\/fi\/wp-content\/uploads\/2026\/07\/1784702895.jpeg\" class=\"aw__sc-dklauk-0 LPzKX\"\/><img decoding=\"async\" alt=\"Elokuvayhti\u00f6 Lionsgaten varatoimitusjohtaja Justin Manfredi esitteli La La Landin uudistettua julistetta \" src=\"https:\/\/www.europesays.com\/fi\/wp-content\/uploads\/2026\/07\/1784702311.jpeg\" class=\"aw__sc-dklauk-0 LPzKX\"\/>Yksityiskohta vanhasta ja uudesta La La Land -julisteesta. Kuvat: Alamy Stock Photo (vasen), Jon Kopaloff \/ Getty Images (oikea)<script async src=\"\/\/www.tiktok.com\/embed.js\"><\/script><\/p>\n","protected":false},"excerpt":{"rendered":"Ryan Goslingin k\u00e4si ei ole elokuvan alkuper\u00e4isess\u00e4 julisteessa suora samalla tavalla kuin h\u00e4nen vastinparinsa Emma Stonen k\u00e4si. Avaa&hellip;\n","protected":false},"author":2,"featured_media":306732,"comment_status":"","ping_status":"","sticky":false,"template":"","format":"standard","meta":{"footnotes":"","_share_on_mastodon":"0"},"categories":[136],"tags":[407,155,137,33,31,30,1104,408,108,39762,3265,32,109],"class_list":["post-306731","post","type-post","status-publish","format-standard","has-post-thumbnail","category-julkkikset","tag-celebrities","tag-elokuvat","tag-entertainment","tag-fi","tag-finland","tag-finnish","tag-julisteet","tag-julkkikset","tag-kulttuuri","tag-la-la-land","tag-ryan-gosling","tag-suomi","tag-viihde"],"share_on_mastodon":{"url":"https:\/\/pubeurope.com\/@fi\/116962733032117708","error":""},"_links":{"self":[{"href":"https:\/\/www.europesays.com\/fi\/wp-json\/wp\/v2\/posts\/306731","targetHints":{"allow":["GET"]}}],"collection":[{"href":"https:\/\/www.europesays.com\/fi\/wp-json\/wp\/v2\/posts"}],"about":[{"href":"https:\/\/www.europesays.com\/fi\/wp-json\/wp\/v2\/types\/post"}],"author":[{"embeddable":true,"href":"https:\/\/www.europesays.com\/fi\/wp-json\/wp\/v2\/users\/2"}],"replies":[{"embeddable":true,"href":"https:\/\/www.europesays.com\/fi\/wp-json\/wp\/v2\/comments?post=306731"}],"version-history":[{"count":0,"href":"https:\/\/www.europesays.com\/fi\/wp-json\/wp\/v2\/posts\/306731\/revisions"}],"wp:featuredmedia":[{"embeddable":true,"href":"https:\/\/www.europesays.com\/fi\/wp-json\/wp\/v2\/media\/306732"}],"wp:attachment":[{"href":"https:\/\/www.europesays.com\/fi\/wp-json\/wp\/v2\/media?parent=306731"}],"wp:term":[{"taxonomy":"category","embeddable":true,"href":"https:\/\/www.europesays.com\/fi\/wp-json\/wp\/v2\/categories?post=306731"},{"taxonomy":"post_tag","embeddable":true,"href":"https:\/\/www.europesays.com\/fi\/wp-json\/wp\/v2\/tags?post=306731"}],"curies":[{"name":"wp","href":"https:\/\/api.w.org\/{rel}","templated":true}]}}