{"id":30687,"date":"2025-09-10T07:28:08","date_gmt":"2025-09-10T07:28:08","guid":{"rendered":"https:\/\/www.europesays.com\/fi\/30687\/"},"modified":"2025-09-10T07:28:08","modified_gmt":"2025-09-10T07:28:08","slug":"licorice-pizza-elokuva-tuntuu-hajanaiselta-ja-paamaarattomalta","status":"publish","type":"post","link":"https:\/\/www.europesays.com\/fi\/30687\/","title":{"rendered":"Licorice Pizza -elokuva tuntuu hajanaiselta ja p\u00e4\u00e4m\u00e4\u00e4r\u00e4tt\u00f6m\u00e4lt\u00e4"},"content":{"rendered":"<p>\n  Kolme Oscar-ehdokkuutta saanut Licorice pizza tavoittaa hienosti 1970-luvun hengen, mutta tuntuu pitk\u00e4veteiselt\u00e4.<\/p>\n<p>Tehty\u00e4\u00e4n Haim-sisarusb\u00e4ndille lukuisia musiikkivideoita ohjaaja<strong> Paul Thomas Anderson<\/strong> antoi Licorice Pizza \u2013elokuvan p\u00e4\u00e4osan yhtyeen j\u00e4senelle <strong>Alana Haimille<\/strong>. H\u00e4n esitt\u00e4\u00e4 n\u00e4yttelev\u00e4n teinipojan kanssa yhteen ly\u00f6tt\u00e4ytyv\u00e4\u00e4 valokuvaajaa.\u00a0<\/p>\n<p>Entisen lapsit\u00e4hden <strong>Gary Goetzmanin<\/strong> el\u00e4m\u00e4\u00e4n l\u00f6yh\u00e4sti perustuva elokuva sijoittuu vuoteen 1973 ja on saanut innoituksensa sellaisista elokuvista kuin Svengijengi -62 ja Kuumat kinkut. <\/p>\n<p>Kolme Oscar-ehdokkuutta aikanaan saaneen Licorice Pizzan ongelma on se, ett\u00e4 vaikka 1970-luvun ilme on siin\u00e4 hienosti tavoitettu, elokuva tuntuu hajanaiselta ja p\u00e4\u00e4m\u00e4\u00e4r\u00e4tt\u00f6m\u00e4lt\u00e4 ja sellaisena my\u00f6s hieman pitk\u00e4veteiselt\u00e4.\u00a0Ehk\u00e4 Andersonin tarkoitus on ollut satirisoida lempe\u00e4sti 1970-luvun ilmi\u00f6it\u00e4 ja nuorisoelokuvia, mutta j\u00e4tt\u00e4\u00e4 v\u00e4h\u00e4n pettyneen olon.<\/p>\n<p> \u272a\u272a\u00bd<\/p>\n<p> Licorice pizza, keskiviikko 10.9. klo 21.00,\u2009<a href=\"https:\/\/www.imdb.com\/title\/tt11271038\/\" rel=\"nofollow noopener\" target=\"_blank\">Teema &amp; Fem<\/a><\/p>\n<p><a href=\"https:\/\/seura.fi\/tv\/elokuva-arvio-jenkkiteinit-irrottelevat-kulttimainetta-saaneessa-surutta-sekaisin-draamakomediassa\/\" target=\"_blank\" rel=\"noreferrer noopener nofollow\">Elokuva-arvio: Jenkkiteinit irrottelevat kulttimainetta saaneessa Surutta? Sekaisin -draamakomediassa<\/a><\/p>\n","protected":false},"excerpt":{"rendered":"Kolme Oscar-ehdokkuutta saanut Licorice pizza tavoittaa hienosti 1970-luvun hengen, mutta tuntuu pitk\u00e4veteiselt\u00e4. Tehty\u00e4\u00e4n Haim-sisarusb\u00e4ndille lukuisia musiikkivideoita ohjaaja Paul&hellip;\n","protected":false},"author":2,"featured_media":30688,"comment_status":"","ping_status":"","sticky":false,"template":"","format":"standard","meta":{"footnotes":""},"categories":[130],"tags":[7425,3530,137,33,31,30,32,109],"class_list":{"0":"post-30687","1":"post","2":"type-post","3":"status-publish","4":"format-standard","5":"has-post-thumbnail","7":"category-viihde","8":"tag-1970-luku","9":"tag-draamakomedia","10":"tag-entertainment","11":"tag-fi","12":"tag-finland","13":"tag-finnish","14":"tag-suomi","15":"tag-viihde"},"share_on_mastodon":{"url":"","error":""},"_links":{"self":[{"href":"https:\/\/www.europesays.com\/fi\/wp-json\/wp\/v2\/posts\/30687","targetHints":{"allow":["GET"]}}],"collection":[{"href":"https:\/\/www.europesays.com\/fi\/wp-json\/wp\/v2\/posts"}],"about":[{"href":"https:\/\/www.europesays.com\/fi\/wp-json\/wp\/v2\/types\/post"}],"author":[{"embeddable":true,"href":"https:\/\/www.europesays.com\/fi\/wp-json\/wp\/v2\/users\/2"}],"replies":[{"embeddable":true,"href":"https:\/\/www.europesays.com\/fi\/wp-json\/wp\/v2\/comments?post=30687"}],"version-history":[{"count":0,"href":"https:\/\/www.europesays.com\/fi\/wp-json\/wp\/v2\/posts\/30687\/revisions"}],"wp:featuredmedia":[{"embeddable":true,"href":"https:\/\/www.europesays.com\/fi\/wp-json\/wp\/v2\/media\/30688"}],"wp:attachment":[{"href":"https:\/\/www.europesays.com\/fi\/wp-json\/wp\/v2\/media?parent=30687"}],"wp:term":[{"taxonomy":"category","embeddable":true,"href":"https:\/\/www.europesays.com\/fi\/wp-json\/wp\/v2\/categories?post=30687"},{"taxonomy":"post_tag","embeddable":true,"href":"https:\/\/www.europesays.com\/fi\/wp-json\/wp\/v2\/tags?post=30687"}],"curies":[{"name":"wp","href":"https:\/\/api.w.org\/{rel}","templated":true}]}}