{"id":307387,"date":"2026-07-23T05:55:19","date_gmt":"2026-07-23T05:55:19","guid":{"rendered":"https:\/\/www.europesays.com\/fi\/307387\/"},"modified":"2026-07-23T05:55:19","modified_gmt":"2026-07-23T05:55:19","slug":"7-000-kilometrin-paassa-on-paikka-missa-suomalainen-tunnistetaan-heti","status":"publish","type":"post","link":"https:\/\/www.europesays.com\/fi\/307387\/","title":{"rendered":"7\u00a0000 kilometrin p\u00e4\u00e4ss\u00e4 on paikka, miss\u00e4 suomalainen tunnistetaan heti"},"content":{"rendered":"<p>Abdul Hussein on tuttu kasvo Arabiemiraateissa.<\/p>\n<p class=\"paragraph\">7\u00a0000 kilometri\u00e4 autolla, 4\u00a0600 kilometri\u00e4 lentokoneella.<\/p>\n<p class=\"paragraph\">Niinkin kauas kun matkustaa, voi kaduilla kuulla <strong>Abdul \u201dAbba\u201d Husseinin<\/strong> nimen.<\/p>\n<p class=\"paragraph\">Suomalainen vapaaottelulupaus ottelee Abu Dhabissa nyt jo kuudetta kertaa, kun h\u00e4n tekee UFC-debyyttins\u00e4 lauantai-iltana Suomen aikaa.<\/p>\n<p class=\"paragraph\">Hussein voitti paikallisessa UAE Warriors -promootiossa vuosina 2024\u20132025 kaikki viisi otteluaan, eik\u00e4 yksik\u00e4\u00e4n niist\u00e4 kest\u00e4nyt t\u00e4ytt\u00e4 aikaa.<\/p>\n<p class=\"paragraph\">\u2013 Kun t\u00e4t\u00e4 UFC-korttia on analysoitu, minusta on puhuttu paljon, \u201dAbba\u201d lataa.<\/p>\n<p class=\"paragraph\">\u2013 Yksi journalisti Arabiemiraateista sanoi, ett\u00e4 kaikki ovat tulossa katsomaan matsiani. Vissiin jengi tiet\u00e4\u00e4 minut t\u00e4\u00e4ll\u00e4, kun olen otellut t\u00e4\u00e4ll\u00e4 monesti.<\/p>\n<p><img decoding=\"async\" class=\"image image-show image-preview\" src=\"https:\/\/www.europesays.com\/fi\/wp-content\/uploads\/2026\/07\/b636fd8b95314b09bcc11501670d11d49384be82744bb88d9c1d209cb07c59d7.jpg\" alt=\"\"\/><img decoding=\"async\" class=\"image image-show\" src=\"https:\/\/www.europesays.com\/fi\/wp-content\/uploads\/2026\/07\/1784786119_719_b636fd8b95314b09bcc11501670d11d49384be82744bb88d9c1d209cb07c59d7.jpg\" alt=\"\"\/><\/p>\n<p>Abdul Hussein saa tulikasteensa UFC:ss\u00e4. Pete Anikari<\/p>\n<p class=\"paragraph\">Jopa yksi UFC:n kommentaattoreista hehkutti Husseinia heti viikon alkajaisiksi.<\/p>\n<p class=\"paragraph\">\u2013 H\u00e4n sanoi, ett\u00e4 on katsonut matsejani, ja ett\u00e4 olen todella viihdytt\u00e4v\u00e4 ottelija. Kaikki ovat ottaneet minut hyvin vastaan, ja n\u00e4ytt\u00e4\u00e4 silt\u00e4, ett\u00e4 he ovat tehneet taustaty\u00f6ns\u00e4, suomalainen kiittelee.<\/p>\n<p class=\"paragraph\">Hussein kohtaa Abu Dhabin otteluillan ensimm\u00e4isess\u00e4 kamppailussa yhdysvaltalaisen <a href=\"https:\/\/www.iltalehti.fi\/henkilot\/Cody Gibson\" class=\"article-link-person-page\" rel=\"nofollow noopener\" target=\"_blank\">Cody Gibsonin<\/a>. Vedonly\u00f6ntikertoimien perusteella Hussein on selv\u00e4 ennakkosuosikki.<\/p>\n","protected":false},"excerpt":{"rendered":"Abdul Hussein on tuttu kasvo Arabiemiraateissa. 7\u00a0000 kilometri\u00e4 autolla, 4\u00a0600 kilometri\u00e4 lentokoneella. Niinkin kauas kun matkustaa, voi kaduilla&hellip;\n","protected":false},"author":2,"featured_media":307388,"comment_status":"","ping_status":"","sticky":false,"template":"","format":"standard","meta":{"footnotes":"","_share_on_mastodon":"0"},"categories":[5],"tags":[35,22,23,26,27,33,31,30,17,3844,24,25,2910,41,28,29,15,18,21,32,19,20,8503,16,4455],"class_list":["post-307387","post","type-post","status-publish","format-standard","has-post-thumbnail","category-otsikot","tag-24h","tag-breaking-news","tag-breakingnews","tag-featured-news","tag-featurednews","tag-fi","tag-finland","tag-finnish","tag-headlines","tag-kamppailu-urheilu","tag-latest-news","tag-latestnews","tag-lentoliikenne-ilmaliikenne","tag-liikunta-ja-urheilu","tag-main-news","tag-mainnews","tag-news","tag-otsikot","tag-paauutiset","tag-suomi","tag-top-stories","tag-topstories","tag-ultimate-fighting-championship","tag-uutiset","tag-vapaaottelu"],"share_on_mastodon":{"url":"https:\/\/pubeurope.com\/@fi\/116967750163752758","error":""},"_links":{"self":[{"href":"https:\/\/www.europesays.com\/fi\/wp-json\/wp\/v2\/posts\/307387","targetHints":{"allow":["GET"]}}],"collection":[{"href":"https:\/\/www.europesays.com\/fi\/wp-json\/wp\/v2\/posts"}],"about":[{"href":"https:\/\/www.europesays.com\/fi\/wp-json\/wp\/v2\/types\/post"}],"author":[{"embeddable":true,"href":"https:\/\/www.europesays.com\/fi\/wp-json\/wp\/v2\/users\/2"}],"replies":[{"embeddable":true,"href":"https:\/\/www.europesays.com\/fi\/wp-json\/wp\/v2\/comments?post=307387"}],"version-history":[{"count":0,"href":"https:\/\/www.europesays.com\/fi\/wp-json\/wp\/v2\/posts\/307387\/revisions"}],"wp:featuredmedia":[{"embeddable":true,"href":"https:\/\/www.europesays.com\/fi\/wp-json\/wp\/v2\/media\/307388"}],"wp:attachment":[{"href":"https:\/\/www.europesays.com\/fi\/wp-json\/wp\/v2\/media?parent=307387"}],"wp:term":[{"taxonomy":"category","embeddable":true,"href":"https:\/\/www.europesays.com\/fi\/wp-json\/wp\/v2\/categories?post=307387"},{"taxonomy":"post_tag","embeddable":true,"href":"https:\/\/www.europesays.com\/fi\/wp-json\/wp\/v2\/tags?post=307387"}],"curies":[{"name":"wp","href":"https:\/\/api.w.org\/{rel}","templated":true}]}}