{"id":307406,"date":"2026-07-23T06:42:09","date_gmt":"2026-07-23T06:42:09","guid":{"rendered":"https:\/\/www.europesays.com\/fi\/307406\/"},"modified":"2026-07-23T06:42:09","modified_gmt":"2026-07-23T06:42:09","slug":"seitsematta-vuotta-perakkain-jarjestettava-terassikesa-turussa-alkaa-pian-katso-ohjelmisto-taalta","status":"publish","type":"post","link":"https:\/\/www.europesays.com\/fi\/307406\/","title":{"rendered":"Seitsem\u00e4tt\u00e4 vuotta per\u00e4kk\u00e4in j\u00e4rjestett\u00e4v\u00e4 Terassikes\u00e4 Turussa alkaa pian \u2013 katso ohjelmisto t\u00e4\u00e4lt\u00e4"},"content":{"rendered":"<p>Seitsem\u00e4tt\u00e4 vuotta per\u00e4kk\u00e4in j\u00e4rjestett\u00e4v\u00e4 Logomon Terassikes\u00e4 Turussa alkaa keskiviikkona 29. p\u00e4iv\u00e4 hein\u00e4kuuta. Kuudentoista tapahtumap\u00e4iv\u00e4n ohjelmisto sis\u00e4lt\u00e4\u00e4 niin ik\u00e4rajattomia keikkailtoja, kansainv\u00e4lisi\u00e4 legendoja, erikoiskeikkoja kuin eri genrejen suosituimpia kotimaisia artisteja.<\/p>\n<p>Logomon Terassikes\u00e4n keikkojen kapasiteetti on rajallinen ja osa keikoista myyd\u00e4\u00e4n luultavasti ennakkoon loppuun. Kaikille keikoille p\u00e4\u00e4syn sis\u00e4lt\u00e4v\u00e4 kausikortti on loppuunmyyty. Lippuja keikoilla saat <a href=\"https:\/\/logomo.fi\/terassikesa\" rel=\"nofollow noopener\" target=\"_blank\">t\u00e4\u00e4lt\u00e4<\/a>.<\/p>\n<p>Kaikki Logomon terassikes\u00e4n artistit ja b\u00e4ndit l\u00f6yd\u00e4t alta.<\/p>\n<p>Lue my\u00f6s: <a href=\"https:\/\/www.rumba.fi\/uutiset\/vuonna-1983-julkaistu-jattihitti-soi-suomessa-yha-kaikkialla-nyt-sen-esittajat-saapuvat-ensimmaista-kertaa-koskaan-maahamme\/\" title=\"Vuonna 1983 julkaistu j\u00e4ttihitti soi Suomessa yh\u00e4 kaikkialla \u2013 nyt sen esitt\u00e4j\u00e4t saapuvat ensimm\u00e4ist\u00e4 kertaa koskaan maahamme\" class=\"underline-custom !font-montserrat !font-bold !underline-offset-4 !decoration-4 !decoration-tilt-light !text-md\" rel=\"nofollow noopener\" target=\"_blank\">Vuonna 1983 julkaistu j\u00e4ttihitti soi Suomessa yh\u00e4 kaikkialla \u2013 nyt sen esitt\u00e4j\u00e4t saapuvat ensimm\u00e4ist\u00e4 kertaa koskaan maahamme<\/a><\/p>\n<p>Lue my\u00f6s: <a href=\"https:\/\/www.rumba.fi\/uutiset\/hyppysellinen-fleetwood-macia-ripaus-the-cranberriesia-ja-paljon-muuta-irlantilaisduo-dea-matrona-saapuu-suomeen\/\" title=\"Hyppysellinen Fleetwood Macia, ripaus The Cranberriesia ja paljon muuta \u2013 irlantilaisduo Dea Matrona saapuu Suomeen\" class=\"underline-custom !font-montserrat !font-bold !underline-offset-4 !decoration-4 !decoration-tilt-light !text-md\" rel=\"nofollow noopener\" target=\"_blank\">Hyppysellinen Fleetwood Macia, ripaus The Cranberriesia ja paljon muuta \u2013 irlantilaisduo Dea Matrona saapuu Suomeen<\/a><\/p>\n<p>KE 29.7.2026 THE WAILERS (JAM) \u2013 50 Years Of Positive Vibrations<br \/>TO 30.7.2026 ENDSTAND, NYRKKITAPPELU, AINO &amp; HAJONNEET<br \/>PE 31.7.2026 MOKOMA, VIIKATE 30V.<br \/>LA 1.8.2026 MAIJA VILKKUMAA, TIISU<br \/>TI 4.8.2026 THE ARK (SE) + support: US<br \/>KE 5.8.2026 ARPPA, N\u00d6SS\u00d6 NOVA<br \/>TO 6.8.2026 OLAVI UUSIVIRTA<br \/>PE 7.8.2026 JENNI VARTIAINEN<br \/>LA 8.8.2026 MARCUS &amp; MARTINUS (NO) \u2013 \u201cThe Room Tour\u201d (ik\u00e4rajaton)<br \/>KE 12.8.2026 MIRELLA (ik\u00e4rajaton)<br \/>TO 13.8.2026 PEPE &amp; SAIMAA (Turun taiteiden y\u00f6)\u00a0<br \/>PE 14.8.2026 J. KARJALAINEN<br \/>LA 15.8.2026 LINDA LAMPENIUS x PETE PARKKONEN<br \/>TO 20.8.2026 ISMO ALANKO, JONNA TERVOMAA<br \/>PE 21.8.2026 LORDI \u2013 THE AROCKALYPSE 20th Anniversary show + special guest: Rabbit Cult<br \/>LA 22.8.2026 AMORPHIS, MARKO HIETALA<\/p>\n<p>Lue my\u00f6s: <a href=\"https:\/\/www.rumba.fi\/uutiskirje\/\" title=\"Tilaa Rumban uutiskirje\" class=\"underline-custom !font-montserrat !font-bold !underline-offset-4 !decoration-4 !decoration-red-600 !text-md\" rel=\"nofollow noopener\" target=\"_blank\">Tilaa Rumban uutiskirje ja tied\u00e4t mist\u00e4 kahvitauolla puhutaan! Nappaa ajankohtaiset musiikin uutiset ja puheenaiheet suoraan s\u00e4hk\u00f6postiin t\u00e4st\u00e4.<\/a><\/p>\n","protected":false},"excerpt":{"rendered":"Seitsem\u00e4tt\u00e4 vuotta per\u00e4kk\u00e4in j\u00e4rjestett\u00e4v\u00e4 Logomon Terassikes\u00e4 Turussa alkaa keskiviikkona 29. p\u00e4iv\u00e4 hein\u00e4kuuta. Kuudentoista tapahtumap\u00e4iv\u00e4n ohjelmisto sis\u00e4lt\u00e4\u00e4 niin ik\u00e4rajattomia&hellip;\n","protected":false},"author":2,"featured_media":307407,"comment_status":"","ping_status":"","sticky":false,"template":"","format":"standard","meta":{"footnotes":"","_share_on_mastodon":"0"},"categories":[130],"tags":[137,33,31,30,22165,32,109],"class_list":["post-307406","post","type-post","status-publish","format-standard","has-post-thumbnail","category-viihde","tag-entertainment","tag-fi","tag-finland","tag-finnish","tag-logomo","tag-suomi","tag-viihde"],"share_on_mastodon":{"url":"https:\/\/pubeurope.com\/@fi\/116967934916586616","error":""},"_links":{"self":[{"href":"https:\/\/www.europesays.com\/fi\/wp-json\/wp\/v2\/posts\/307406","targetHints":{"allow":["GET"]}}],"collection":[{"href":"https:\/\/www.europesays.com\/fi\/wp-json\/wp\/v2\/posts"}],"about":[{"href":"https:\/\/www.europesays.com\/fi\/wp-json\/wp\/v2\/types\/post"}],"author":[{"embeddable":true,"href":"https:\/\/www.europesays.com\/fi\/wp-json\/wp\/v2\/users\/2"}],"replies":[{"embeddable":true,"href":"https:\/\/www.europesays.com\/fi\/wp-json\/wp\/v2\/comments?post=307406"}],"version-history":[{"count":0,"href":"https:\/\/www.europesays.com\/fi\/wp-json\/wp\/v2\/posts\/307406\/revisions"}],"wp:featuredmedia":[{"embeddable":true,"href":"https:\/\/www.europesays.com\/fi\/wp-json\/wp\/v2\/media\/307407"}],"wp:attachment":[{"href":"https:\/\/www.europesays.com\/fi\/wp-json\/wp\/v2\/media?parent=307406"}],"wp:term":[{"taxonomy":"category","embeddable":true,"href":"https:\/\/www.europesays.com\/fi\/wp-json\/wp\/v2\/categories?post=307406"},{"taxonomy":"post_tag","embeddable":true,"href":"https:\/\/www.europesays.com\/fi\/wp-json\/wp\/v2\/tags?post=307406"}],"curies":[{"name":"wp","href":"https:\/\/api.w.org\/{rel}","templated":true}]}}