{"id":30777,"date":"2025-09-10T09:18:11","date_gmt":"2025-09-10T09:18:11","guid":{"rendered":"https:\/\/www.europesays.com\/fi\/30777\/"},"modified":"2025-09-10T09:18:11","modified_gmt":"2025-09-10T09:18:11","slug":"pahassa-paihdekoukussa-ollut-mika-myllyla-juoksi-uskomattoman-tuloksen-cooperin-testissa","status":"publish","type":"post","link":"https:\/\/www.europesays.com\/fi\/30777\/","title":{"rendered":"Pahassa p\u00e4ihdekoukussa ollut Mika Myllyl\u00e4 juoksi uskomattoman tuloksen Cooperin testiss\u00e4"},"content":{"rendered":"<p>Marko Lempisen teos Langennut legenda \u2013 Mika Myllyl\u00e4 ilmestyy t\u00e4ll\u00e4 viikolla.<\/p>\n<p><img decoding=\"async\" class=\"image image-show image-preview\" src=\"https:\/\/www.europesays.com\/fi\/wp-content\/uploads\/2025\/09\/69577f14db1bbb594d048124d132a85e960715477faecdaccf566ef563997d51.jpg\" alt=\"\"\/><img decoding=\"async\" class=\"image image-show\" src=\"https:\/\/www.europesays.com\/fi\/wp-content\/uploads\/2025\/09\/1757495888_923_69577f14db1bbb594d048124d132a85e960715477faecdaccf566ef563997d51.jpg\" alt=\"\"\/><\/p>\n<p>Mika Myllyl\u00e4n viimeiset vuodet olivat taistelua p\u00e4ihteiden kanssa. Kuva on vuodelta 2006. MARKKU RUOTTINEN<\/p>\n<p class=\"paragraph\">Toimittaja-tietokirjailija <strong>Marko Lempinen<\/strong> taustoittaa <strong>Mika Myllyl\u00e4n<\/strong> viimeisi\u00e4 p\u00e4ivi\u00e4 uunituoreessa kirjassaan Langennut Legenda (Tammi).<\/p>\n<p class=\"paragraph\">Lempinen vie lukijat hein\u00e4kuun ensimm\u00e4iseen p\u00e4iv\u00e4\u00e4n vuonna 2011, jolloin kymmenvuotias <strong>Wiljami Myllyl\u00e4<\/strong> havaitsee humaltuneen is\u00e4ns\u00e4 kokkolalaisen marketin pullojenpalautuspisteell\u00e4.<\/p>\n<p class=\"paragraph\">\u2013\u2009Wiljami n\u00e4kee jo kaukaa, ett\u00e4 h\u00e4nen is\u00e4ns\u00e4 toinen silm\u00e4 on mustelmilla. Is\u00e4n raihnainen olemus askarruttaa, Lempinen kirjoittaa.<\/p>\n<p class=\"paragraph\">\u2013\u2009Wiljami katsoo is\u00e4ns\u00e4 laihtuneilla lanteilla roikkuvia likaisia ja haalistuneita farkkuja, ja ik\u00e4v\u00e4t muistot vy\u00f6ryv\u00e4t mieleen.<\/p>\n<p class=\"paragraph\">Lempinen kuvaa karusti Myllyl\u00e4n sy\u00f6ksy\u00e4 sankariurheilijasta \u201dp\u00e4ihteiden sekak\u00e4ytt\u00e4j\u00e4ksi\u201d.<\/p>\n<p class=\"paragraph\">\u2013\u2009Uutta kaveriseuraa Myllyl\u00e4 on alkanut l\u00f6yt\u00e4\u00e4 l\u00e4hinn\u00e4 p\u00e4ihdemaailmasta. H\u00e4n on ajautunut tekemisiin jopa kaikenkarvaisten laitapuolen kulkijoiden ja rikollisten kanssa.<\/p>\n<p class=\"paragraph\">Is\u00e4 ja poika eiv\u00e4t kirjan mukaan kohtaa hein\u00e4kuisena p\u00e4iv\u00e4n\u00e4.<\/p>\n<p class=\"paragraph\">\u2013\u2009Wiljami on j\u00e4rkyttynyt n\u00e4kem\u00e4st\u00e4\u00e4n. Tuoreessa muistissa ovat hetket vain noin viikon takaa, Lempinen kirjoittaa.<\/p>\n<p class=\"paragraph\">\u2013\u2009Is\u00e4 oli juhannuksena juossut Cooperin testiss\u00e4 3\u00a0400 metri\u00e4 ja aiemmin kes\u00e4ll\u00e4 kymmenen kilometri\u00e4 maantiell\u00e4 38 minuuttiin. Tulokset ovat huikeita 41-vuotiaalle miehelle, jolla el\u00e4m\u00e4nhallinta on l\u00e4htenyt lapasesta.<\/p>\n<p class=\"paragraph\">Myllyl\u00e4 kuoli muutamaa p\u00e4iv\u00e4\u00e4 my\u00f6hemmin, 5. hein\u00e4kuuta 2011.<\/p>\n<p class=\"paragraph\">Marko Lempinen: Langennut Legenda \u2013 Mika Myllyl\u00e4. Tammi.<\/p>\n<p class=\"paragraph\">Juttua muokattu 10.9. kello 12.10. Korjattu jutun alusta vuosiluku 2011 oikeaksi.<\/p>\n<p><a href=\"https:\/\/www.iltalehti.fi\/telkku\/?utm_source=iltalehti.fi&amp;utm_medium=almainternal&amp;utm_campaign=urheilu_artikkelibanneri&amp;utm_content=banner_612_a\" rel=\"nofollow noopener\" target=\"_blank\"><img decoding=\"async\" src=\"https:\/\/www.europesays.com\/fi\/wp-content\/uploads\/2025\/08\/7ef604e47d46ca174b7df4149bd3557dbde56a86d520f8e1b2125548b0a2e03a.png\" alt=\"TV-ohjelmat t\u00e4n\u00e4\u00e4n, TV-opas\"\/><\/a><\/p>\n","protected":false},"excerpt":{"rendered":"Marko Lempisen teos Langennut legenda \u2013 Mika Myllyl\u00e4 ilmestyy t\u00e4ll\u00e4 viikolla. Mika Myllyl\u00e4n viimeiset vuodet olivat taistelua p\u00e4ihteiden&hellip;\n","protected":false},"author":2,"featured_media":30778,"comment_status":"","ping_status":"","sticky":false,"template":"","format":"standard","meta":{"footnotes":""},"categories":[5],"tags":[35,22,23,26,27,33,31,30,17,101,99,100,24,25,41,28,29,15,18,21,98,32,19,20,16],"class_list":{"0":"post-30777","1":"post","2":"type-post","3":"status-publish","4":"format-standard","5":"has-post-thumbnail","7":"category-otsikot","8":"tag-24h","9":"tag-breaking-news","10":"tag-breakingnews","11":"tag-featured-news","12":"tag-featurednews","13":"tag-fi","14":"tag-finland","15":"tag-finnish","16":"tag-headlines","17":"tag-ihmissuhteet","18":"tag-lapset","19":"tag-lapset-ja-nuoret","20":"tag-latest-news","21":"tag-latestnews","22":"tag-liikunta-ja-urheilu","23":"tag-main-news","24":"tag-mainnews","25":"tag-news","26":"tag-otsikot","27":"tag-paauutiset","28":"tag-perhe","29":"tag-suomi","30":"tag-top-stories","31":"tag-topstories","32":"tag-uutiset"},"share_on_mastodon":{"url":"","error":""},"_links":{"self":[{"href":"https:\/\/www.europesays.com\/fi\/wp-json\/wp\/v2\/posts\/30777","targetHints":{"allow":["GET"]}}],"collection":[{"href":"https:\/\/www.europesays.com\/fi\/wp-json\/wp\/v2\/posts"}],"about":[{"href":"https:\/\/www.europesays.com\/fi\/wp-json\/wp\/v2\/types\/post"}],"author":[{"embeddable":true,"href":"https:\/\/www.europesays.com\/fi\/wp-json\/wp\/v2\/users\/2"}],"replies":[{"embeddable":true,"href":"https:\/\/www.europesays.com\/fi\/wp-json\/wp\/v2\/comments?post=30777"}],"version-history":[{"count":0,"href":"https:\/\/www.europesays.com\/fi\/wp-json\/wp\/v2\/posts\/30777\/revisions"}],"wp:featuredmedia":[{"embeddable":true,"href":"https:\/\/www.europesays.com\/fi\/wp-json\/wp\/v2\/media\/30778"}],"wp:attachment":[{"href":"https:\/\/www.europesays.com\/fi\/wp-json\/wp\/v2\/media?parent=30777"}],"wp:term":[{"taxonomy":"category","embeddable":true,"href":"https:\/\/www.europesays.com\/fi\/wp-json\/wp\/v2\/categories?post=30777"},{"taxonomy":"post_tag","embeddable":true,"href":"https:\/\/www.europesays.com\/fi\/wp-json\/wp\/v2\/tags?post=30777"}],"curies":[{"name":"wp","href":"https:\/\/api.w.org\/{rel}","templated":true}]}}