{"id":30796,"date":"2025-09-10T09:43:14","date_gmt":"2025-09-10T09:43:14","guid":{"rendered":"https:\/\/www.europesays.com\/fi\/30796\/"},"modified":"2025-09-10T09:43:14","modified_gmt":"2025-09-10T09:43:14","slug":"poliisi-yhytti-100-km-h-kulkeneen-skuutin-espoossa-tapaus-on-vain-jaavuoren-huippu-paikalliset","status":"publish","type":"post","link":"https:\/\/www.europesays.com\/fi\/30796\/","title":{"rendered":"Poliisi yhytti 100 km\/h kulkeneen skuutin Espoossa \u2013 &#8221;Tapaus on vain j\u00e4\u00e4vuoren huippu&#8221; | Paikalliset"},"content":{"rendered":"<p>Poliisi havaitsi maanantaina 8. syyskuuta Espoossa kiinni hurjaa nopeutta kulkeneen s\u00e4hk\u00f6potkulaudan. L\u00e4nsi-Uudenmaan poliisilaitos tiedottaa tapauksesta, jossa poliisin koeajamana laudan nopeus oli l\u00e4hes 100 kilometri\u00e4 tunnissa.<\/p>\n<p>Valvonnassa kyseinen potkulauta rinnastetaan moottoripy\u00f6r\u00e4\u00e4n, jonka kuljettamiseen vaaditaan A-luokan ajo-oikeus, rekister\u00f6inti sek\u00e4 vakuutus. Jotta s\u00e4hk\u00f6potkulauta luokiteltaisiin kevyeksi s\u00e4hk\u00f6ajoneuvoksi, saisi maksiminopeus olla enimmill\u00e4\u00e4n 25 kilometri\u00e4 tunnissa.<\/p>\n<p>\u2013 Tapaus on kuitenkin vain j\u00e4\u00e4vuoren huippu ja kertoo yleisemmin t\u00e4ll\u00e4 hetkell\u00e4 nousevasta liikenneturvallisuushaasteesta, toteaa komisario <strong>Hannu Kontola<\/strong> poliisin tiedotteessa.<\/p>\n<p>Haasteella Kontola viittaa siihen, ett\u00e4 kaupoista voi tilata valmiina esimerkiksi 70 kilometri\u00e4 tunnissa kulkevan rekister\u00f6im\u00e4tt\u00f6m\u00e4n s\u00e4hk\u00f6potkulaudan. Vaikka nopeus pysyisi aisoissa ajettaessa, viritelm\u00e4 on silti laiton.<\/p>\n<p>\u2013 Virheellisen\u00e4 kuvitelmana tuntuu olevan esimerkiksi se, ett\u00e4 liikenteess\u00e4 saisi ajaa laillisesti k\u00e4ytt\u00e4m\u00e4ll\u00e4 ainoastaan laitteen pienint\u00e4 tehoasetusta ja se, ett\u00e4 laitetta ei tarvitsisi rekister\u00f6id\u00e4, mik\u00e4li sit\u00e4 kuljettaa ainoastaan hiljaisella nopeudella. N\u00e4in ei kuitenkaan ole, ja kyseisen laitteen k\u00e4ytt\u00e4minen tieliikenteess\u00e4 on kielletty, kertoo Kontola.<\/p>\n<p>Vuosi sitten syksyll\u00e4 Espoossa puhutti skuuttikuljettaja, joka kaahasi hurjaa vauhtia autoliikenteen seassa Lepp\u00e4vaarassa Mestarintunnelissa.<\/p>\n<p>\t\t\t\t\t<img class=\"diks-card__image\" src=\"https:\/\/www.europesays.com\/fi\/wp-content\/uploads\/2025\/09\/10812259.jpg\" loading=\"lazy\"   decoding=\"sync\" alt=\"\"\/><\/p>\n<p>\t\t\t\t\t<img class=\"diks-card__image\" src=\"https:\/\/www.europesays.com\/fi\/wp-content\/uploads\/2025\/09\/6686539.jpg\" loading=\"lazy\"   decoding=\"sync\" alt=\"\"\/><\/p>\n<p>\t\t\t\t\t<img class=\"diks-card__image\" src=\"https:\/\/www.europesays.com\/fi\/wp-content\/uploads\/2025\/09\/10917859.jpg\" loading=\"lazy\"   decoding=\"sync\" alt=\"\"\/><\/p>\n<p>\t\t\t\t\t<img class=\"diks-card__image\" src=\"https:\/\/www.europesays.com\/fi\/wp-content\/uploads\/2025\/09\/10871153.jpg\" loading=\"lazy\"   decoding=\"sync\" alt=\"\"\/><\/p>\n<p>\t\t\t\t\t<img class=\"diks-card__image\" src=\"https:\/\/www.europesays.com\/fi\/wp-content\/uploads\/2025\/09\/8236937.jpg\" loading=\"lazy\"   decoding=\"sync\" alt=\"\"\/><\/p>\n<p>\t\t\t\t\t<img class=\"diks-card__image\" src=\"https:\/\/www.europesays.com\/fi\/wp-content\/uploads\/2025\/09\/10982277.jpg\" loading=\"lazy\"   decoding=\"sync\" alt=\"\"\/><\/p>\n<p>\t\t\t\t\t<img class=\"diks-card__image\" src=\"https:\/\/www.europesays.com\/fi\/wp-content\/uploads\/2025\/09\/9537759.jpg\" loading=\"lazy\"   decoding=\"sync\" alt=\"\"\/><\/p>\n<p>\t\t\t\t\t<img class=\"diks-card__image\" src=\"https:\/\/www.europesays.com\/fi\/wp-content\/uploads\/2025\/09\/9374993.jpg\" loading=\"lazy\"   decoding=\"sync\" alt=\"\"\/><\/p>\n<p>\t\t\t\t\t<img class=\"diks-card__image\" src=\"https:\/\/www.europesays.com\/fi\/wp-content\/uploads\/2025\/09\/10828582.jpg\" loading=\"lazy\"   decoding=\"sync\" alt=\"\"\/><\/p>\n<p>\t\t\t\t\t<img class=\"diks-card__image\" src=\"https:\/\/www.europesays.com\/fi\/wp-content\/uploads\/2025\/09\/10849727.jpg\" loading=\"lazy\"   decoding=\"sync\" alt=\"\"\/><\/p>\n<p>\t\t\t\t\t<img class=\"diks-card__image\" src=\"https:\/\/www.europesays.com\/fi\/wp-content\/uploads\/2025\/09\/10951547.jpg\" loading=\"lazy\"   decoding=\"sync\" alt=\"\"\/><\/p>\n","protected":false},"excerpt":{"rendered":"Poliisi havaitsi maanantaina 8. syyskuuta Espoossa kiinni hurjaa nopeutta kulkeneen s\u00e4hk\u00f6potkulaudan. L\u00e4nsi-Uudenmaan poliisilaitos tiedottaa tapauksesta, jossa poliisin koeajamana&hellip;\n","protected":false},"author":2,"featured_media":30797,"comment_status":"","ping_status":"","sticky":false,"template":"","format":"standard","meta":{"footnotes":""},"categories":[12],"tags":[22,23,400,26,27,33,31,30,17,403,405,55,24,25,121,28,29,15,18,21,54,32,128,19,20,16],"class_list":{"0":"post-30796","1":"post","2":"type-post","3":"status-publish","4":"format-standard","5":"has-post-thumbnail","7":"category-suomi","8":"tag-breaking-news","9":"tag-breakingnews","10":"tag-espoo","11":"tag-featured-news","12":"tag-featurednews","13":"tag-fi","14":"tag-finland","15":"tag-finnish","16":"tag-headlines","17":"tag-helsingin-seutu","18":"tag-helsingin-seutukunta","19":"tag-lainvalvonta","20":"tag-latest-news","21":"tag-latestnews","22":"tag-liikenne-ja-kuljetus","23":"tag-main-news","24":"tag-mainnews","25":"tag-news","26":"tag-otsikot","27":"tag-paauutiset","28":"tag-pelastuspalvelut","29":"tag-suomi","30":"tag-tieliikenne","31":"tag-top-stories","32":"tag-topstories","33":"tag-uutiset"},"share_on_mastodon":{"url":"","error":""},"_links":{"self":[{"href":"https:\/\/www.europesays.com\/fi\/wp-json\/wp\/v2\/posts\/30796","targetHints":{"allow":["GET"]}}],"collection":[{"href":"https:\/\/www.europesays.com\/fi\/wp-json\/wp\/v2\/posts"}],"about":[{"href":"https:\/\/www.europesays.com\/fi\/wp-json\/wp\/v2\/types\/post"}],"author":[{"embeddable":true,"href":"https:\/\/www.europesays.com\/fi\/wp-json\/wp\/v2\/users\/2"}],"replies":[{"embeddable":true,"href":"https:\/\/www.europesays.com\/fi\/wp-json\/wp\/v2\/comments?post=30796"}],"version-history":[{"count":0,"href":"https:\/\/www.europesays.com\/fi\/wp-json\/wp\/v2\/posts\/30796\/revisions"}],"wp:featuredmedia":[{"embeddable":true,"href":"https:\/\/www.europesays.com\/fi\/wp-json\/wp\/v2\/media\/30797"}],"wp:attachment":[{"href":"https:\/\/www.europesays.com\/fi\/wp-json\/wp\/v2\/media?parent=30796"}],"wp:term":[{"taxonomy":"category","embeddable":true,"href":"https:\/\/www.europesays.com\/fi\/wp-json\/wp\/v2\/categories?post=30796"},{"taxonomy":"post_tag","embeddable":true,"href":"https:\/\/www.europesays.com\/fi\/wp-json\/wp\/v2\/tags?post=30796"}],"curies":[{"name":"wp","href":"https:\/\/api.w.org\/{rel}","templated":true}]}}