{"id":308123,"date":"2026-07-24T04:57:11","date_gmt":"2026-07-24T04:57:11","guid":{"rendered":"https:\/\/www.europesays.com\/fi\/308123\/"},"modified":"2026-07-24T04:57:11","modified_gmt":"2026-07-24T04:57:11","slug":"jere-karalahti-yllattaa-golfkentalla-hata-iski-kesken-kierroksen","status":"publish","type":"post","link":"https:\/\/www.europesays.com\/fi\/308123\/","title":{"rendered":"Jere Karalahti yll\u00e4tt\u00e4\u00e4 golfkent\u00e4ll\u00e4 \u2013 h\u00e4t\u00e4 iski kesken kierroksen"},"content":{"rendered":"<p>\n            20260213, Helsinki. Jere Karalahden huume oikeudenk\u00e4ynti. Kuvassa Jere Karalahti.<br \/>\n            Timo Korhonen\n        <\/p>\n<p class=\"subtitle \">Jere Karalahden vierailu golf-podissa sai heti alkuunsa melkoisen sivupolun, kun ex-kiekkot\u00e4hti poistui k\u00e4rryst\u00e4 omille asioilleen.<\/p>\n<p class=\"article-content article-content-width !bg-background\">, 51, n\u00e4htiin  <a href=\"https:\/\/www.youtube.com\/watch?v=bzjDZ6wPhUw\" target=\"_blank\" rel=\"nofollow noopener\">Break 60 -videopodcastin<\/a> maanantaisessa (20.7.) jaksossa. Golfkent\u00e4ll\u00e4 kuvattu jakso sai nopeasti keskeytyksen, kun Jere katosi kesken kierroksen mummonm\u00f6kin kulmalle niin sanotulle \u00f6ljynvaihdolle.<\/p>\n<p class=\"font-weight-bold m-font-weight-bold article-content article-content-width !bg-background\">Video: Yll\u00e4tysk\u00e4\u00e4nne Nanna ja Jere Karalahden oikeuskiistassa<\/p>\n<p class=\"article-content article-content-width !bg-background\">Kaksikko oli vasta kolmosv\u00e4yl\u00e4ll\u00e4, kun Jere hypp\u00e4si yll\u00e4tt\u00e4en pois k\u00e4rryn kyydist\u00e4. Henrik j\u00e4i h\u00f6lmistyneen\u00e4 ihmettelem\u00e4\u00e4n, minne mies katosi kesken ly\u00f6ntivuoron.<\/p>\n<p class=\"article-content article-content-width !bg-background\">Jere oli suunnannut talon kulmalle kevent\u00e4m\u00e4\u00e4n oloaan.<\/p>\n<p class=\"article-content article-content-width !bg-background\">\u2013 Vanha mies kun on, noi syd\u00e4nl\u00e4\u00e4kkeet, tii\u00e4ks\u00e4 nesteenpoisto, niin kusettaa koko ajan, Jere kuittasi Henrikille.<\/p>\n<p class=\"article-content article-content-width !bg-background\">Henrik ei voinut kuin nauraa tilanteelle.<\/p>\n<p class=\"article-content article-content-width !bg-background\">\u2013 Mets\u00e4\u00e4 olis 600 hehtaaria, niin kusee talolle, Henrik lotkautti.<\/p>\n<p class=\"article-content article-content-width !bg-background\">Vastaus oli taattua Karalahtea.<\/p>\n<p class=\"article-content article-content-width !bg-background\">\u2013 Ei voi mets\u00e4\u00e4n kusta, kun siell\u00e4 on kuitenkin naarasel\u00e4imi\u00e4.<\/p>\n<p>        <a itemprop=\"url\" href=\"https:\/\/www.seiska.fi\/kotimaa\/no-huh-huh-mika-kuumis-nanna-karalahti-jakoi-kuvia-rakkaastaan\/2052055\" rel=\"nofollow noopener\" target=\"_blank\"><\/p>\n<p>\nNo huh huh, mik\u00e4 kuumis!\n<\/p>\n<p class=\"section-date\">\n        <strong class=\"article-section\" data-section=\"kotimaa\"><br \/>\n            kotimaa<br \/>\n        <\/strong><br \/>\n        21.1. 08:41\n    <\/p>\n<p>No huh huh, mik\u00e4 kuumis \u2013 Nanna Karalahti jakoi kuvia rakkaastaan\n    <\/p>\n<p itemprop=\"description\" class=\"subtitle \">\n    Nannan mielitietty tuo mieleen miesmallin \u2013 ehk\u00e4 jopa Sir David Beckhamin.\n<\/p>\n<p>        <\/a><\/p>\n<p>Viheri\u00f6ll\u00e4 lensi l\u00e4pp\u00e4<\/p>\n<p class=\"article-content article-content-width !bg-background\">Vaikka episodi oli omiaan nostattamaan kulmakarvoja, peli jatkui pian entiseen malliin. Ja mik\u00e4 yll\u00e4tt\u00e4vint\u00e4, Jere ei n\u00e4ytt\u00e4nyt olevan lainkaan ruosteessa, vaikka h\u00e4n kertoi pelaavansa golfia vain parin vuoden v\u00e4lein.<\/p>\n<p class=\"article-content article-content-width !bg-background\">Henrik kummasteli kierroksen aikana useaan otteeseen, miten hyvin Jere palloa l\u00f6i. Kehuista ei kuitenkaan ollut Karalahden pelip\u00e4\u00e4lle hy\u00f6ty\u00e4.<\/p>\n<p class=\"article-content article-content-width !bg-background\">Jere toppuutteli ex-lankoaan Henriki\u00e4, ett\u00e4 Jere\u00e4 ei saa kehua, muuten h\u00e4nelt\u00e4 menee pasmat sekaisin. Tunnelma keveni, kun kaksikko p\u00e4\u00e4si veistelem\u00e4\u00e4n\u00a0numerosta 69 \u2013 ja kas kummaa, loppukierroskin alkoi taas kulkea mallikkaammin.<\/p>\n<p>        <a itemprop=\"url\" href=\"https:\/\/www.seiska.fi\/urheilu\/jere-karalahti-ja-rakas-muuttopuuhissa\/2148182\" rel=\"nofollow noopener\" target=\"_blank\"><\/p>\n<p>\nJere Karalahti ja rakas\n<\/p>\n<p class=\"section-date\">\n        <strong class=\"article-section\" data-section=\"urheilu\"><br \/>\n            urheilu<br \/>\n        <\/strong><br \/>\n        9.5. 17:00\n    <\/p>\n<p>Jere Karalahti ja rakas muuttopuuhissa\n    <\/p>\n<p itemprop=\"description\" class=\"subtitle \">\n    Jere &#8221;Jerguson&#8221; Karalahti heitt\u00e4ytyi avuliaaksi.\n<\/p>\n<p>        <\/a><\/p>\n<p>Ex-langot samalla kent\u00e4ll\u00e4<\/p>\n<p class=\"article-content article-content-width !bg-background\">Jeren on ollut viime aikoina otsikoissa useaan otteeseen. Seiska uutisoi hiljattain, ett\u00e4 Jereen liittyv\u00e4 huumerikosvyyhti on siirtym\u00e4ss\u00e4 hovioikeuden k\u00e4sitelt\u00e4v\u00e4ksi.\u00a0Takana on my\u00f6s julkinen eromyllytys kanssa.<\/p>\n<p class=\"article-content article-content-width !bg-background\">Jeren vierailu Henrikin showssa oli yll\u00e4tt\u00e4v\u00e4. Henrik on Nannan pikkuveli, eli Jeren ex-lanko. Videon perusteella v\u00e4lit vaikuttavat kuitenkin olevan kunnossa.<\/p>\n<p class=\"article-content article-content-width !bg-background\">Jere nousi aikanaan koko kansan tietoisuuteen kovanaotteisena j\u00e4\u00e4kiekkopuolustajana. H\u00e4n pelasi urallaan muun muassa Jokereissa, HIFK:ssa, maajoukkueessa ja NHL-kaukaloissa.<\/p>\n<p class=\"article-content article-content-width !bg-background\"> Henrik puolestaan on pelannut uransa HIFK:ss\u00e4 ja keskittynyt kiekkoilijauransa j\u00e4lkeen podcastien tuottamiseen. <\/p>\n<p>        <a itemprop=\"url\" href=\"https:\/\/www.seiska.fi\/rikos\/jere-karalahti-hovioikeuteen-kiirellisyysaste-korkea\/2203136\" rel=\"nofollow noopener\" target=\"_blank\"><\/p>\n<p>\n&#8221;Kiireellisyysaste korkea&#8221;\n<\/p>\n<p class=\"section-date\">\n        <strong class=\"article-section\" data-section=\"rikos\"><br \/>\n            rikos<br \/>\n        <\/strong><br \/>\n        9.7. 16:15\n    <\/p>\n<p>Jere Karalahti hovioikeuteen: &#8221;Kiirellisyysaste korkea&#8221;\n    <\/p>\n<p itemprop=\"description\" class=\"subtitle \">\n    Jere Karalahtea syytettiin kahdesta t\u00f6rke\u00e4st\u00e4 huumausainerikoksesta sek\u00e4 yhdest\u00e4 perusmuotoisesta huumausainerikoksesta. Lopulta k\u00e4r\u00e4j\u00e4oikeus tuomitsi kiekkosankarin vain yhdest\u00e4 t\u00f6rke\u00e4st\u00e4 huumausainerikoksesta ja Karalahti v\u00e4ltti vankilan.\n<\/p>\n<p>        <\/a><\/p>\n","protected":false},"excerpt":{"rendered":"20260213, Helsinki. Jere Karalahden huume oikeudenk\u00e4ynti. Kuvassa Jere Karalahti. Timo Korhonen Jere Karalahden vierailu golf-podissa sai heti alkuunsa&hellip;\n","protected":false},"author":2,"featured_media":308124,"comment_status":"","ping_status":"","sticky":false,"template":"","format":"standard","meta":{"footnotes":"","_share_on_mastodon":"0"},"categories":[158],"tags":[33,31,30,3978,17520,1143,3271,2923,159,32,160,109,920],"class_list":["post-308123","post","type-post","status-publish","format-standard","has-post-thumbnail","category-urheilu","tag-fi","tag-finland","tag-finnish","tag-golf","tag-henrik-koivisto","tag-jaakiekko","tag-jere-karalahti","tag-podcast","tag-sports","tag-suomi","tag-urheilu","tag-viihde","tag-youtube"],"share_on_mastodon":{"url":"https:\/\/pubeurope.com\/@fi\/116973184515526567","error":""},"_links":{"self":[{"href":"https:\/\/www.europesays.com\/fi\/wp-json\/wp\/v2\/posts\/308123","targetHints":{"allow":["GET"]}}],"collection":[{"href":"https:\/\/www.europesays.com\/fi\/wp-json\/wp\/v2\/posts"}],"about":[{"href":"https:\/\/www.europesays.com\/fi\/wp-json\/wp\/v2\/types\/post"}],"author":[{"embeddable":true,"href":"https:\/\/www.europesays.com\/fi\/wp-json\/wp\/v2\/users\/2"}],"replies":[{"embeddable":true,"href":"https:\/\/www.europesays.com\/fi\/wp-json\/wp\/v2\/comments?post=308123"}],"version-history":[{"count":0,"href":"https:\/\/www.europesays.com\/fi\/wp-json\/wp\/v2\/posts\/308123\/revisions"}],"wp:featuredmedia":[{"embeddable":true,"href":"https:\/\/www.europesays.com\/fi\/wp-json\/wp\/v2\/media\/308124"}],"wp:attachment":[{"href":"https:\/\/www.europesays.com\/fi\/wp-json\/wp\/v2\/media?parent=308123"}],"wp:term":[{"taxonomy":"category","embeddable":true,"href":"https:\/\/www.europesays.com\/fi\/wp-json\/wp\/v2\/categories?post=308123"},{"taxonomy":"post_tag","embeddable":true,"href":"https:\/\/www.europesays.com\/fi\/wp-json\/wp\/v2\/tags?post=308123"}],"curies":[{"name":"wp","href":"https:\/\/api.w.org\/{rel}","templated":true}]}}