{"id":309096,"date":"2026-07-25T11:08:11","date_gmt":"2026-07-25T11:08:11","guid":{"rendered":"https:\/\/www.europesays.com\/fi\/309096\/"},"modified":"2026-07-25T11:08:11","modified_gmt":"2026-07-25T11:08:11","slug":"torakkapuolue-sai-vaatimuksensa-lapi-intian-opetusministeri-eroaa-uutisia-lyhyesti","status":"publish","type":"post","link":"https:\/\/www.europesays.com\/fi\/309096\/","title":{"rendered":"Torakkapuolue sai vaatimuksensa l\u00e4pi \u2013 Intian opetusministeri eroaa | Uutisia lyhyesti"},"content":{"rendered":"<p class=\"aw__sc-1qwuw0s-0 aw__sc-ngllmo-0 epAWpq fzYpjk yle__article__paragraph\">Intiassa nopeasti suosiotaan kasvattaneen \u201dtorakkapuolueen\u201d, CJP:n perystaja <strong class=\"aw__sc-ngllmo-2 gdRrun yle__article__strong\">Abhijeet Dipke<\/strong> kertoo sairastuneensa lavantautiin.<\/p>\n<p class=\"aw__sc-1qwuw0s-0 aw__sc-ngllmo-0 epAWpq fzYpjk yle__article__paragraph\">Sosiaalisessa mediassa jakamassaan viestiss\u00e4 Dipke sanoo palaavansa takaisin ty\u00f6h\u00f6n parannuttuaan.<\/p>\n<p class=\"aw__sc-1qwuw0s-0 aw__sc-ngllmo-0 epAWpq fzYpjk yle__article__paragraph\">Samaan aikaan h\u00e4n kehottaa liikkeen kannattajia pysym\u00e4\u00e4n vaatimuksissaan. CJP protestoi varsinkin hallinnon korruptiota ja opiskelijoihin kohdistunutta ep\u00e4oikeudenmukaisuutta vastaan.<\/p>\n<p class=\"aw__sc-1qwuw0s-0 aw__sc-ngllmo-0 epAWpq fzYpjk yle__article__paragraph\">Puolueen ensimm\u00e4inen vaatimus on opetusministeri <strong class=\"aw__sc-ngllmo-2 gdRrun yle__article__strong\">Dharmendra Pradhanin<\/strong> ero, mihin puolue vaatii vastausta jo t\u00e4n\u00e4\u00e4n.<\/p>\n<p class=\"aw__sc-1qwuw0s-0 aw__sc-ngllmo-0 epAWpq fzYpjk yle__article__paragraph\">Jos Narendra Modin hallitus ei taivu, \u201dtorakkaliike\u201d aikoo tehostaa mielenosoituksiaan, kertoo esimerkiksi <a class=\"aw__sc-ngllmo-1 bTDnwX yle__article__link\" href=\"https:\/\/www.ndtv.com\/india-news\/cockroach-janta-party-jantar-mantar-protest-cjps-abhijeet-dipke-diagnosed-with-typhoid-vows-protest-will-go-on-11819700\" role=\"link\" rel=\"nofollow noopener\" target=\"_blank\">NDTV-uutissivusto<\/a>.<\/p>\n","protected":false},"excerpt":{"rendered":"Intiassa nopeasti suosiotaan kasvattaneen \u201dtorakkapuolueen\u201d, CJP:n perystaja Abhijeet Dipke kertoo sairastuneensa lavantautiin. Sosiaalisessa mediassa jakamassaan viestiss\u00e4 Dipke sanoo&hellip;\n","protected":false},"author":2,"featured_media":309097,"comment_status":"","ping_status":"","sticky":false,"template":"","format":"standard","meta":{"footnotes":"","_share_on_mastodon":"0"},"categories":[76],"tags":[79,77,33,31,30,2167,3551,2571,97,637,32,78,56],"class_list":["post-309096","post","type-post","status-publish","format-standard","has-post-thumbnail","category-talous","tag-business","tag-economy","tag-fi","tag-finland","tag-finnish","tag-intia","tag-kansalaistoiminta","tag-mielenosoitukset","tag-opiskelijat","tag-politiikka","tag-suomi","tag-talous","tag-ulkomaat"],"share_on_mastodon":{"url":"https:\/\/pubeurope.com\/@fi\/116980305600934231","error":""},"_links":{"self":[{"href":"https:\/\/www.europesays.com\/fi\/wp-json\/wp\/v2\/posts\/309096","targetHints":{"allow":["GET"]}}],"collection":[{"href":"https:\/\/www.europesays.com\/fi\/wp-json\/wp\/v2\/posts"}],"about":[{"href":"https:\/\/www.europesays.com\/fi\/wp-json\/wp\/v2\/types\/post"}],"author":[{"embeddable":true,"href":"https:\/\/www.europesays.com\/fi\/wp-json\/wp\/v2\/users\/2"}],"replies":[{"embeddable":true,"href":"https:\/\/www.europesays.com\/fi\/wp-json\/wp\/v2\/comments?post=309096"}],"version-history":[{"count":0,"href":"https:\/\/www.europesays.com\/fi\/wp-json\/wp\/v2\/posts\/309096\/revisions"}],"wp:featuredmedia":[{"embeddable":true,"href":"https:\/\/www.europesays.com\/fi\/wp-json\/wp\/v2\/media\/309097"}],"wp:attachment":[{"href":"https:\/\/www.europesays.com\/fi\/wp-json\/wp\/v2\/media?parent=309096"}],"wp:term":[{"taxonomy":"category","embeddable":true,"href":"https:\/\/www.europesays.com\/fi\/wp-json\/wp\/v2\/categories?post=309096"},{"taxonomy":"post_tag","embeddable":true,"href":"https:\/\/www.europesays.com\/fi\/wp-json\/wp\/v2\/tags?post=309096"}],"curies":[{"name":"wp","href":"https:\/\/api.w.org\/{rel}","templated":true}]}}