{"id":309113,"date":"2026-07-25T11:35:13","date_gmt":"2026-07-25T11:35:13","guid":{"rendered":"https:\/\/www.europesays.com\/fi\/309113\/"},"modified":"2026-07-25T11:35:13","modified_gmt":"2026-07-25T11:35:13","slug":"torakkapuolue-sai-vaatimuksensa-lapi-intian-opetusministeri-eroaa-uutisia-lyhyesti-2","status":"publish","type":"post","link":"https:\/\/www.europesays.com\/fi\/309113\/","title":{"rendered":"Torakkapuolue sai vaatimuksensa l\u00e4pi \u2013 Intian opetusministeri eroaa | Uutisia lyhyesti"},"content":{"rendered":"<p class=\"aw__sc-1qwuw0s-0 aw__sc-1vg2sqm-0 epAWpq ecELkD yle__article__paragraph\">Opetusministerin ero on ensimm\u00e4inen merkitt\u00e4v\u00e4\u00e4 my\u00f6nnytys p\u00e4\u00e4ministeri Narendra Modin hallitukselta opiskelijoille.<\/p>\n<p><img decoding=\"async\" alt=\"Intian opetusministeri Dharmendra Pradhanin eroa vaativia kylttej\u00e4 mielenosoituksessa.\" src=\"https:\/\/www.europesays.com\/fi\/wp-content\/uploads\/2026\/07\/1784979313_319_1784974131.jpeg\" class=\"aw__sc-dklauk-0 LPzKX\"\/><\/p>\n<p>Avaa kuvien katselu<\/p>\n<p>Mielenosoituksessa Mumbaissa 2. kes\u00e4kuuta kannettiin Intian opetusministeri Dharmendra Pradhania syytt\u00e4vi\u00e4 kylttej\u00e4. Kuva: Indranil Mukherjee \/ AFP<\/p>\n<p>12:53\u2022P\u00e4ivitetty 13:20<\/p>\n<p class=\"aw__sc-1qwuw0s-0 aw__sc-ngllmo-0 epAWpq fzYpjk yle__article__paragraph\">Intian opetusministeri <strong class=\"aw__sc-ngllmo-2 gdRrun yle__article__strong\">Dharmendra Pradhan<\/strong> on ilmoittanut erostaan lauantaina. Pradhanin eroa on vaadittu mielenosoituksissa, jotka ovat jatkuneet viikkojen ajan eri puolilla maata.<\/p>\n<p class=\"aw__sc-1qwuw0s-0 aw__sc-ngllmo-0 epAWpq fzYpjk yle__article__paragraph\">\u2013 Kunnioitan syv\u00e4sti maamme nuorison toiveita, tunteita ja oikeutettuja odotuksia, Pradhan kirjoitti lyhytviestipalvelu X:ss\u00e4.<\/p>\n<p class=\"aw__sc-1qwuw0s-0 aw__sc-ngllmo-0 epAWpq fzYpjk yle__article__paragraph\">Mielenosoittajat puhkesivat hurraamaan, kun uutinen opetusministerin erosta levisi mielenosoituksissa Delhiss\u00e4 ja muualla.<\/p>\n<p class=\"aw__sc-1qwuw0s-0 aw__sc-ngllmo-0 epAWpq fzYpjk yle__article__paragraph\">Torakkapuolueen j\u00e4rjest\u00e4m\u00e4t mielenosoitukset alkoivat ep\u00e4selvyyksist\u00e4 yliopiston <a class=\"aw__sc-ngllmo-1 bTDnwX yle__article__link\" href=\"https:\/\/yle.fi\/a\/74-20237295\" role=\"link\" rel=\"nofollow noopener\" target=\"_blank\">l\u00e4\u00e4ketieteen p\u00e4\u00e4sykokeissa<\/a>. Yli kaksi miljoonaa opiskelijaa joutui uusimaan p\u00e4\u00e4sykokeen, koska kysymysten ep\u00e4iltiin vuotaneen.<\/p>\n<p class=\"aw__sc-1qwuw0s-0 aw__sc-ngllmo-0 epAWpq fzYpjk yle__article__paragraph\">Nuorten johtamat mielenosoitukset ovat kuitenkin laajentuneet ja heijastaneet intialaisten vihaa ty\u00f6paikkojen niukkuudesta, korruptiosta ja hallituksen vastuullisuudesta.<\/p>\n<p class=\"aw__sc-1qwuw0s-0 aw__sc-ngllmo-0 epAWpq fzYpjk yle__article__paragraph\">Opetusministerin ero on ensimm\u00e4inen merkitt\u00e4v\u00e4\u00e4 my\u00f6nnytys p\u00e4\u00e4ministeri <strong class=\"aw__sc-ngllmo-2 gdRrun yle__article__strong\">Narendra Modin<\/strong> hallitukselta mielenosoittajille.<\/p>\n<p class=\"aw__sc-1qwuw0s-0 aw__sc-ngllmo-0 epAWpq fzYpjk yle__article__paragraph\"><a class=\"aw__sc-ngllmo-1 bTDnwX yle__article__link\" href=\"https:\/\/yle.fi\/a\/74-20227627\" role=\"link\" rel=\"nofollow noopener\" target=\"_blank\">Torakkapuolueen perusti<\/a> 30-vuotias <strong class=\"aw__sc-ngllmo-2 gdRrun yle__article__strong\">Abhijeet Dipke<\/strong>. Se syntyi, kun Intian korkeimman oikeuden tuomari kutsui oikeusistunnossa ty\u00f6tt\u00f6mi\u00e4 nuoria ja aktivisteja yhteiskunnan \u201dloisiksi\u201d.<\/p>\n<p class=\"aw__sc-1qwuw0s-0 aw__sc-ngllmo-0 epAWpq fzYpjk yle__article__paragraph\">Dipken mukaan puolueeseen saavat liitty\u00e4 vain laiskat, ty\u00f6tt\u00f6m\u00e4t ja netiss\u00e4 roikkuvat nuoret. Puolueen nimi on Cockroach Janta Party eli Torakoiden kansanpuolue.<\/p>\n<p class=\"aw__sc-1qwuw0s-0 aw__sc-ngllmo-0 epAWpq fzYpjk yle__article__paragraph\">L\u00e4hteet: AP, Reuters<\/p>\n","protected":false},"excerpt":{"rendered":"Opetusministerin ero on ensimm\u00e4inen merkitt\u00e4v\u00e4\u00e4 my\u00f6nnytys p\u00e4\u00e4ministeri Narendra Modin hallitukselta opiskelijoille. Avaa kuvien katselu Mielenosoituksessa Mumbaissa 2. kes\u00e4kuuta&hellip;\n","protected":false},"author":2,"featured_media":309114,"comment_status":"","ping_status":"","sticky":false,"template":"","format":"standard","meta":{"footnotes":"","_share_on_mastodon":"0"},"categories":[14],"tags":[22,23,26,27,33,31,30,17,2167,3551,24,25,28,29,2571,15,97,18,21,637,32,19,20,56,16,59,60,61],"class_list":["post-309113","post","type-post","status-publish","format-standard","has-post-thumbnail","category-ulkomaat","tag-breaking-news","tag-breakingnews","tag-featured-news","tag-featurednews","tag-fi","tag-finland","tag-finnish","tag-headlines","tag-intia","tag-kansalaistoiminta","tag-latest-news","tag-latestnews","tag-main-news","tag-mainnews","tag-mielenosoitukset","tag-news","tag-opiskelijat","tag-otsikot","tag-paauutiset","tag-politiikka","tag-suomi","tag-top-stories","tag-topstories","tag-ulkomaat","tag-uutiset","tag-world","tag-world-news","tag-worldnews"],"share_on_mastodon":{"url":"https:\/\/pubeurope.com\/@fi\/116980411909003633","error":""},"_links":{"self":[{"href":"https:\/\/www.europesays.com\/fi\/wp-json\/wp\/v2\/posts\/309113","targetHints":{"allow":["GET"]}}],"collection":[{"href":"https:\/\/www.europesays.com\/fi\/wp-json\/wp\/v2\/posts"}],"about":[{"href":"https:\/\/www.europesays.com\/fi\/wp-json\/wp\/v2\/types\/post"}],"author":[{"embeddable":true,"href":"https:\/\/www.europesays.com\/fi\/wp-json\/wp\/v2\/users\/2"}],"replies":[{"embeddable":true,"href":"https:\/\/www.europesays.com\/fi\/wp-json\/wp\/v2\/comments?post=309113"}],"version-history":[{"count":0,"href":"https:\/\/www.europesays.com\/fi\/wp-json\/wp\/v2\/posts\/309113\/revisions"}],"wp:featuredmedia":[{"embeddable":true,"href":"https:\/\/www.europesays.com\/fi\/wp-json\/wp\/v2\/media\/309114"}],"wp:attachment":[{"href":"https:\/\/www.europesays.com\/fi\/wp-json\/wp\/v2\/media?parent=309113"}],"wp:term":[{"taxonomy":"category","embeddable":true,"href":"https:\/\/www.europesays.com\/fi\/wp-json\/wp\/v2\/categories?post=309113"},{"taxonomy":"post_tag","embeddable":true,"href":"https:\/\/www.europesays.com\/fi\/wp-json\/wp\/v2\/tags?post=309113"}],"curies":[{"name":"wp","href":"https:\/\/api.w.org\/{rel}","templated":true}]}}