{"id":30920,"date":"2025-09-10T12:35:09","date_gmt":"2025-09-10T12:35:09","guid":{"rendered":"https:\/\/www.europesays.com\/fi\/30920\/"},"modified":"2025-09-10T12:35:09","modified_gmt":"2025-09-10T12:35:09","slug":"superssuosikki-charles-plogman-aimistyttaa-fanejaan-tata-kaikkea-luvassa","status":"publish","type":"post","link":"https:\/\/www.europesays.com\/fi\/30920\/","title":{"rendered":"Superssuosikki Charles Plogman \u00e4imistytt\u00e4\u00e4 fanejaan &#8211; t\u00e4t\u00e4 kaikkea luvassa"},"content":{"rendered":"<p>Supersuosittu iskelm\u00e4lavojen taitaja Charles Plogman hemmottelee fanejaan t\u00e4n\u00e4 syksyn\u00e4 ja ensi vuonna erityisell\u00e4 tavalla.<\/p>\n<p>Plogman julkaisee el\u00e4m\u00e4kertakirjan 3. lokakuuta. Sit\u00e4 ennen h\u00e4n j\u00e4rjest\u00e4\u00e4 kirjan julkaisukiertueen. Kaikki t\u00e4m\u00e4 on l\u00e4ht\u00f6laukaus ensi vuoden juhlavuodelle, sill\u00e4 maaliskuussa artisti t\u00e4ytt\u00e4\u00e4 60 vuotta.<\/p>\n<p>Jokaiselle jotakin<\/p>\n<p>Iskelm\u00e4-Finlandialla palkittu ja Vuoden miesartistiksikin valittu Plogman julkaisee el\u00e4m\u00e4kertakirjan, joka kantaa nime\u00e4 \u201dNimeni on Plogman\u201d \/ \u201dMitt namn \u00e4r Plogman\u201d (Libraria).<\/p>\n<p>Ennen kirjan julkaisua Charles kiert\u00e4\u00e4 kotiseudullaan julkaisukiertueen merkeiss\u00e4 yhdess\u00e4 kirjailija Dan Kronqvistin kanssa. <\/p>\n<p><strong>Kirjakeikat ovat t\u00e4ss\u00e4:<\/strong><\/p>\n<p>16.9. Hotel Vallonia, Korsholm \/ Mustasaari<br \/>17.9. Gillestugan, Nedervetil \/ Alaveteli<br \/>18.9. Hotel Kurikka \/ Kurikka<br \/>19.9. Hotel Red &amp; Green, N\u00e4rpes \/ N\u00e4rpi\u00f6<br \/>5.10. Turku kirjamessut, klo 14<br \/>26.10. Helsinki kirjamessut, klo 14:30<\/p>\n<p>T\u00e4st\u00e4 matka jatkuu kohti kev\u00e4\u00e4n 2026 juhlakonsertteja, joita on luvassa sek\u00e4 suomen- ett\u00e4 ruotsin kielell\u00e4.<\/p>\n<p>Kyseess\u00e4 on Plogmanin uran ensimm\u00e4inen konserttisalikiertue. Yht\u00e4 juhlaa -konserteissa tarjotaan l\u00e4pileikkaus Charlesin koko tuotannosta ja tietenkin kuullaan my\u00f6s suosituimmat kappaleet vuosien varrelta.<\/p>\n<p><strong>Yht\u00e4 juhlaa, Charles Plogman 60 -juhlakonsertit ovat n\u00e4ill\u00e4 paikkakunnilla:<\/strong><\/p>\n<p>24.10.2025<br \/>Salo, Teatteri Provinssi (orkesterina Kuiskaus)<br \/>2026:<br \/>11.3. Raisio, Martinsali<br \/>12.3. Vantaa, Kulttuuritalo Martinus<br \/>13.3. Kangasala, Kangasala-talo<br \/>14.3. Sein\u00e4joki, Sein\u00e4jokisali<br \/>15.3. Kokkola, Musiikkikeskus Snellman<\/p>\n<p><strong>Bara fest, Charles Plogman 60 -jubileumskonserter 2026:<\/strong><\/p>\n<p>18.3. Borg\u00e5, Kulturhuset Grand<br \/>19.3. Eken\u00e4s, Kulturhuset Karelia<br \/>20.3. N\u00e4rpes, Frans Henrikssonsalen<br \/>21.3. Korsholm, Korsholmssalen<br \/>22.3. Jakobstad, Schaumansalen<\/p>\n<p>Lippuja myyv\u00e4t Lippu.fi ja NetTicket.<\/p>\n<p>Eik\u00e4 t\u00e4ss\u00e4 viel\u00e4 kaikki!<\/p>\n<p>Samanaikaisesti kirjan kanssa julkaistaan my\u00f6s uusi levy nimelt\u00e4\u00e4n Haasta mut.<\/p>\n<p>Viime aikoina Charlesia on kuultu my\u00f6s radiojuontajana. Syksyll\u00e4 h\u00e4n aloittaa lava- ja ravintolakeikkailun Kati &amp; Kuiskaus -yhtyeen kanssa, eli uusi b\u00e4ndikin on tulossa.<\/p>\n<p>Lue my\u00f6s: <a href=\"https:\/\/www.como.fi\/tilaa-comon-uutiskirje\/\" title=\"Tilaa Comon uutiskirje ja tied\u00e4t mist\u00e4 kahvitauolla puhutaan! Nappaa kotimaan tv-vinkit ja puheenaiheet suoraan s\u00e4hk\u00f6postiin t\u00e4st\u00e4.\" class=\"underline-custom !font-montserrat !font-bold !underline-offset-4 !decoration-4 !decoration-red-600 !text-md\" rel=\"nofollow noopener\" target=\"_blank\">Tilaa Comon uutiskirje ja tied\u00e4t mist\u00e4 kahvitauolla puhutaan! Nappaa kotimaan tv-vinkit ja puheenaiheet suoraan s\u00e4hk\u00f6postiin t\u00e4st\u00e4.<\/a><\/p>\n","protected":false},"excerpt":{"rendered":"Supersuosittu iskelm\u00e4lavojen taitaja Charles Plogman hemmottelee fanejaan t\u00e4n\u00e4 syksyn\u00e4 ja ensi vuonna erityisell\u00e4 tavalla. Plogman julkaisee el\u00e4m\u00e4kertakirjan 3.&hellip;\n","protected":false},"author":2,"featured_media":30921,"comment_status":"","ping_status":"","sticky":false,"template":"","format":"standard","meta":{"footnotes":""},"categories":[133],"tags":[9194,137,33,31,30,32,206,156,109],"class_list":{"0":"post-30920","1":"post","2":"type-post","3":"status-publish","4":"format-standard","5":"has-post-thumbnail","7":"category-televisiot","8":"tag-charles-plogman","9":"tag-entertainment","10":"tag-fi","11":"tag-finland","12":"tag-finnish","13":"tag-suomi","14":"tag-televisiot","15":"tag-tv","16":"tag-viihde"},"share_on_mastodon":{"url":"","error":""},"_links":{"self":[{"href":"https:\/\/www.europesays.com\/fi\/wp-json\/wp\/v2\/posts\/30920","targetHints":{"allow":["GET"]}}],"collection":[{"href":"https:\/\/www.europesays.com\/fi\/wp-json\/wp\/v2\/posts"}],"about":[{"href":"https:\/\/www.europesays.com\/fi\/wp-json\/wp\/v2\/types\/post"}],"author":[{"embeddable":true,"href":"https:\/\/www.europesays.com\/fi\/wp-json\/wp\/v2\/users\/2"}],"replies":[{"embeddable":true,"href":"https:\/\/www.europesays.com\/fi\/wp-json\/wp\/v2\/comments?post=30920"}],"version-history":[{"count":0,"href":"https:\/\/www.europesays.com\/fi\/wp-json\/wp\/v2\/posts\/30920\/revisions"}],"wp:featuredmedia":[{"embeddable":true,"href":"https:\/\/www.europesays.com\/fi\/wp-json\/wp\/v2\/media\/30921"}],"wp:attachment":[{"href":"https:\/\/www.europesays.com\/fi\/wp-json\/wp\/v2\/media?parent=30920"}],"wp:term":[{"taxonomy":"category","embeddable":true,"href":"https:\/\/www.europesays.com\/fi\/wp-json\/wp\/v2\/categories?post=30920"},{"taxonomy":"post_tag","embeddable":true,"href":"https:\/\/www.europesays.com\/fi\/wp-json\/wp\/v2\/tags?post=30920"}],"curies":[{"name":"wp","href":"https:\/\/api.w.org\/{rel}","templated":true}]}}