{"id":309433,"date":"2026-07-25T22:01:08","date_gmt":"2026-07-25T22:01:08","guid":{"rendered":"https:\/\/www.europesays.com\/fi\/309433\/"},"modified":"2026-07-25T22:01:08","modified_gmt":"2026-07-25T22:01:08","slug":"venaja-pidatti-kissan","status":"publish","type":"post","link":"https:\/\/www.europesays.com\/fi\/309433\/","title":{"rendered":"Ven\u00e4j\u00e4 pid\u00e4tti kissan"},"content":{"rendered":"<p>Kissa yritti kuljettaa huumeita vankilaan.<\/p>\n<p class=\"paragraph\">Ven\u00e4j\u00e4n federaation vankilaviranomaiset ottivat kiinni kissan, jota k\u00e4ytettiin huumeiden salakuljettamiseen Ni\u017eni Novgorodin vankilaan nro 17.<\/p>\n<p class=\"paragraph\">Uutismediat AP ja CNN kertovat, ett\u00e4 huumeet oli k\u00e4tketty kissan yll\u00e4 olleisiin itsetehtyihin kankaisiin kaulapantoihin.<\/p>\n<p class=\"paragraph\">Karvainen kuriiri her\u00e4tti ep\u00e4ilyksi\u00e4, ennen kun se p\u00e4\u00e4si vankilan tiloihin. Huumekoirat vahvistivat lastin olevan laiton.<\/p>\n<p class=\"paragraph\">Ven\u00e4j\u00e4n federaation vankeinhoitolaitoksen (FSIN) mukaan kissa vapautettiin terveystarkastuksen j\u00e4lkeen.<\/p>\n","protected":false},"excerpt":{"rendered":"Kissa yritti kuljettaa huumeita vankilaan. Ven\u00e4j\u00e4n federaation vankilaviranomaiset ottivat kiinni kissan, jota k\u00e4ytettiin huumeiden salakuljettamiseen Ni\u017eni Novgorodin vankilaan&hellip;\n","protected":false},"author":2,"featured_media":309434,"comment_status":"","ping_status":"","sticky":false,"template":"","format":"standard","meta":{"footnotes":"","_share_on_mastodon":"0"},"categories":[76],"tags":[35,79,77,33,31,30,53,977,1726,38,32,78,8170],"class_list":["post-309433","post","type-post","status-publish","format-standard","has-post-thumbnail","category-talous","tag-24h","tag-business","tag-economy","tag-fi","tag-finland","tag-finnish","tag-laki-oikeus-ja-rikos","tag-oikeusistuimet","tag-rangaistukset","tag-rikos","tag-suomi","tag-talous","tag-vankeus"],"share_on_mastodon":{"url":"https:\/\/pubeurope.com\/@fi\/116982873299916660","error":""},"_links":{"self":[{"href":"https:\/\/www.europesays.com\/fi\/wp-json\/wp\/v2\/posts\/309433","targetHints":{"allow":["GET"]}}],"collection":[{"href":"https:\/\/www.europesays.com\/fi\/wp-json\/wp\/v2\/posts"}],"about":[{"href":"https:\/\/www.europesays.com\/fi\/wp-json\/wp\/v2\/types\/post"}],"author":[{"embeddable":true,"href":"https:\/\/www.europesays.com\/fi\/wp-json\/wp\/v2\/users\/2"}],"replies":[{"embeddable":true,"href":"https:\/\/www.europesays.com\/fi\/wp-json\/wp\/v2\/comments?post=309433"}],"version-history":[{"count":0,"href":"https:\/\/www.europesays.com\/fi\/wp-json\/wp\/v2\/posts\/309433\/revisions"}],"wp:featuredmedia":[{"embeddable":true,"href":"https:\/\/www.europesays.com\/fi\/wp-json\/wp\/v2\/media\/309434"}],"wp:attachment":[{"href":"https:\/\/www.europesays.com\/fi\/wp-json\/wp\/v2\/media?parent=309433"}],"wp:term":[{"taxonomy":"category","embeddable":true,"href":"https:\/\/www.europesays.com\/fi\/wp-json\/wp\/v2\/categories?post=309433"},{"taxonomy":"post_tag","embeddable":true,"href":"https:\/\/www.europesays.com\/fi\/wp-json\/wp\/v2\/tags?post=309433"}],"curies":[{"name":"wp","href":"https:\/\/api.w.org\/{rel}","templated":true}]}}