{"id":309476,"date":"2026-07-25T23:41:12","date_gmt":"2026-07-25T23:41:12","guid":{"rendered":"https:\/\/www.europesays.com\/fi\/309476\/"},"modified":"2026-07-25T23:41:12","modified_gmt":"2026-07-25T23:41:12","slug":"tomas-koski-22-paransi-omaa-suomen-ennatystaan-urheilua-lyhyesti","status":"publish","type":"post","link":"https:\/\/www.europesays.com\/fi\/309476\/","title":{"rendered":"Tomas Koski, 22, paransi omaa Suomen enn\u00e4tyst\u00e4\u00e4n | Urheilua lyhyesti"},"content":{"rendered":"<p class=\"aw__sc-1qwuw0s-0 aw__sc-1vg2sqm-0 epAWpq ecELkD yle__article__paragraph\">Tomas Koski kauhoi SE-ajan 100 metrin vapaauinnissa.<\/p>\n<p><img decoding=\"async\" alt=\"Tomas Koski kuvassa.\" src=\"https:\/\/www.europesays.com\/fi\/wp-content\/uploads\/2026\/07\/1753449382.jpeg\" class=\"aw__sc-dklauk-0 LPzKX\"\/><\/p>\n<p>Avaa kuvien katselu<\/p>\n<p>Kuva: NCAA Photos via Getty Images<\/p>\n<p class=\"aw__sc-1qwuw0s-0 aw__sc-ngllmo-0 epAWpq fzYpjk yle__article__paragraph\"><strong class=\"aw__sc-ngllmo-2 gdRrun yle__article__strong\">Tomas Koski<\/strong>, 22, kellotti uuden pitk\u00e4n radan 100 metrin vapaauinnin Suomen enn\u00e4tyksen 49,08. Aika syntyi Georgian osavaltion mestaruuskisojen alkuer\u00e4ss\u00e4.<\/p>\n<p class=\"aw__sc-1qwuw0s-0 aw__sc-ngllmo-0 epAWpq fzYpjk yle__article__paragraph\">My\u00f6s edellinen SE-aika 49,25 oli Kosken nimiss\u00e4. Kosken lyhyen radan enn\u00e4tys 47,13 on niin ik\u00e4\u00e4n Suomen enn\u00e4tys.<\/p>\n","protected":false},"excerpt":{"rendered":"Tomas Koski kauhoi SE-ajan 100 metrin vapaauinnissa. Avaa kuvien katselu Kuva: NCAA Photos via Getty Images Tomas Koski,&hellip;\n","protected":false},"author":2,"featured_media":309477,"comment_status":"","ping_status":"","sticky":false,"template":"","format":"standard","meta":{"footnotes":"","_share_on_mastodon":"0"},"categories":[158],"tags":[33,31,30,159,164,32,4312,160,15074],"class_list":["post-309476","post","type-post","status-publish","format-standard","has-post-thumbnail","category-urheilu","tag-fi","tag-finland","tag-finnish","tag-sports","tag-suomen-ennatys","tag-suomi","tag-uinti","tag-urheilu","tag-vapaauinti"],"share_on_mastodon":{"url":"https:\/\/pubeurope.com\/@fi\/116983266847542855","error":""},"_links":{"self":[{"href":"https:\/\/www.europesays.com\/fi\/wp-json\/wp\/v2\/posts\/309476","targetHints":{"allow":["GET"]}}],"collection":[{"href":"https:\/\/www.europesays.com\/fi\/wp-json\/wp\/v2\/posts"}],"about":[{"href":"https:\/\/www.europesays.com\/fi\/wp-json\/wp\/v2\/types\/post"}],"author":[{"embeddable":true,"href":"https:\/\/www.europesays.com\/fi\/wp-json\/wp\/v2\/users\/2"}],"replies":[{"embeddable":true,"href":"https:\/\/www.europesays.com\/fi\/wp-json\/wp\/v2\/comments?post=309476"}],"version-history":[{"count":0,"href":"https:\/\/www.europesays.com\/fi\/wp-json\/wp\/v2\/posts\/309476\/revisions"}],"wp:featuredmedia":[{"embeddable":true,"href":"https:\/\/www.europesays.com\/fi\/wp-json\/wp\/v2\/media\/309477"}],"wp:attachment":[{"href":"https:\/\/www.europesays.com\/fi\/wp-json\/wp\/v2\/media?parent=309476"}],"wp:term":[{"taxonomy":"category","embeddable":true,"href":"https:\/\/www.europesays.com\/fi\/wp-json\/wp\/v2\/categories?post=309476"},{"taxonomy":"post_tag","embeddable":true,"href":"https:\/\/www.europesays.com\/fi\/wp-json\/wp\/v2\/tags?post=309476"}],"curies":[{"name":"wp","href":"https:\/\/api.w.org\/{rel}","templated":true}]}}