{"id":309549,"date":"2026-07-26T02:25:11","date_gmt":"2026-07-26T02:25:11","guid":{"rendered":"https:\/\/www.europesays.com\/fi\/309549\/"},"modified":"2026-07-26T02:25:11","modified_gmt":"2026-07-26T02:25:11","slug":"kolumni-jan-vapaavuoren-elahtanyt-pelityyli-on-varoittava-esimerkki-lobbareille-ess-fi","status":"publish","type":"post","link":"https:\/\/www.europesays.com\/fi\/309549\/","title":{"rendered":"Kolumni | Jan Vapaavuoren el\u00e4ht\u00e4nyt pelityyli on varoittava esimerkki lobbareille &#8211; ess.fi"},"content":{"rendered":"<ol>\n<li><a href=\"https:\/\/news.google.com\/rss\/articles\/CBMiXkFVX3lxTE1udERoRUJidEFKbjYzNnVFU3lHWUpmVVNXUmgycFh2WXBoREdHTEdKRmxoXzVsQzlVRFNTTGxzNU1ReHY0YVdoZ3FFeWR5V2syRzhUbEl1OTV5a2tLQ2c?oc=5\" target=\"_blank\" rel=\"nofollow noopener\">Kolumni | Jan Vapaavuoren el\u00e4ht\u00e4nyt pelityyli on varoittava esimerkki lobbareille<\/a>&nbsp;&nbsp;ess.fi<\/li>\n<li><a href=\"https:\/\/news.google.com\/rss\/articles\/CBMinwFBVV95cUxQLWVXaktwTnhUQVQ2WTNhUGVnTmRncE1YNWVGTVVqOGJBOV9TclkyR3ppOFJTeWpkR3dsbndEX25fS2lqZlVEOVNaOE5IRkFpekhQZGhQeGlya1hfdV8yLVJHRkNHLXZ4OF9rWFJRVHdIbnFyZEtjR1g2ZG1hOVlFTzVWS0VnemJONTA4QmZ5OGc1d0FCWUFhcXZ4SXV6OU0?oc=5\" target=\"_blank\" rel=\"nofollow noopener\">Turussa kadonnut nuori tytt\u00f6 on l\u00f6ytynyt<\/a>&nbsp;&nbsp;mtvuutiset.fi<\/li>\n<li><a href=\"https:\/\/news.google.com\/rss\/articles\/CBMiV0FVX3lxTE9xM21UcHFmcXZMX0lOWnBtc0NpVzR4cVdyalN5VVRhMUFleURiUENUXzI0V3FpQmFLVTNEeTZKdDJ4UzdRMmdXTXBfOTBHUm1Fd1FvYnNlYw?oc=5\" target=\"_blank\" rel=\"nofollow noopener\">Seurasimme | Wilma Heltel\u00e4 venytti Suomen mestaruuteen \u2013 kertaa t\u00e4st\u00e4 Kalevan kisojen lauantain tapahtumat<\/a>&nbsp;&nbsp;Tamperelainen<\/li>\n<li><a href=\"https:\/\/news.google.com\/rss\/articles\/CBMiT0FVX3lxTE9STXdfV3FMY0tNcXFveXhLdXJDWGRseU83SVZCWkgwc2F0SlU2V3dRRWNvTlR0dkZWODlTalEzMzFuN2RueFhkM2hGbFkzYmM?oc=5\" target=\"_blank\" rel=\"nofollow noopener\">Kirkolliset | Katso t\u00e4st\u00e4 Lahden alueen seurakunnissa kastetut, vihityt ja kuolleet<\/a>&nbsp;&nbsp;ess.fi<\/li>\n<li><a href=\"https:\/\/news.google.com\/rss\/articles\/CBMiVEFVX3lxTE01bENlVVJUOWJoSVBFV3dyeHdLWWRaNU5kakVMVXppcm9kU2VXeHpUdkwzZk9TblZsMHZtSThhbnBzQjQ5MWhnYl9ncGREZFVTekJKMQ?oc=5\" target=\"_blank\" rel=\"nofollow noopener\">Fingerpori 26.7.2026<\/a>&nbsp;&nbsp;Savon Sanomat<\/li>\n<\/ol>\n","protected":false},"excerpt":{"rendered":"Kolumni | Jan Vapaavuoren el\u00e4ht\u00e4nyt pelityyli on varoittava esimerkki lobbareille&nbsp;&nbsp;ess.fi Turussa kadonnut nuori tytt\u00f6 on l\u00f6ytynyt&nbsp;&nbsp;mtvuutiset.fi Seurasimme |&hellip;\n","protected":false},"author":2,"featured_media":309550,"comment_status":"","ping_status":"","sticky":false,"template":"","format":"standard","meta":{"footnotes":"","_share_on_mastodon":"0"},"categories":[12],"tags":[22,23,26,27,33,31,30,17,2231,104,39943,778,24,25,28,29,15,18,21,885,887,32,19,20,16,2360],"class_list":["post-309549","post","type-post","status-publish","format-standard","has-post-thumbnail","category-suomi","tag-breaking-news","tag-breakingnews","tag-featured-news","tag-featurednews","tag-fi","tag-finland","tag-finnish","tag-headlines","tag-helsingin-kaupunki","tag-helsinki","tag-investointipankit","tag-kolumnit","tag-latest-news","tag-latestnews","tag-main-news","tag-mainnews","tag-news","tag-otsikot","tag-paauutiset","tag-suomen-poliittiset-puolueet","tag-suomen-politiikka","tag-suomi","tag-top-stories","tag-topstories","tag-uutiset","tag-vantaan-sanomat"],"share_on_mastodon":{"url":"https:\/\/pubeurope.com\/@fi\/116983911340525670","error":""},"_links":{"self":[{"href":"https:\/\/www.europesays.com\/fi\/wp-json\/wp\/v2\/posts\/309549","targetHints":{"allow":["GET"]}}],"collection":[{"href":"https:\/\/www.europesays.com\/fi\/wp-json\/wp\/v2\/posts"}],"about":[{"href":"https:\/\/www.europesays.com\/fi\/wp-json\/wp\/v2\/types\/post"}],"author":[{"embeddable":true,"href":"https:\/\/www.europesays.com\/fi\/wp-json\/wp\/v2\/users\/2"}],"replies":[{"embeddable":true,"href":"https:\/\/www.europesays.com\/fi\/wp-json\/wp\/v2\/comments?post=309549"}],"version-history":[{"count":0,"href":"https:\/\/www.europesays.com\/fi\/wp-json\/wp\/v2\/posts\/309549\/revisions"}],"wp:featuredmedia":[{"embeddable":true,"href":"https:\/\/www.europesays.com\/fi\/wp-json\/wp\/v2\/media\/309550"}],"wp:attachment":[{"href":"https:\/\/www.europesays.com\/fi\/wp-json\/wp\/v2\/media?parent=309549"}],"wp:term":[{"taxonomy":"category","embeddable":true,"href":"https:\/\/www.europesays.com\/fi\/wp-json\/wp\/v2\/categories?post=309549"},{"taxonomy":"post_tag","embeddable":true,"href":"https:\/\/www.europesays.com\/fi\/wp-json\/wp\/v2\/tags?post=309549"}],"curies":[{"name":"wp","href":"https:\/\/api.w.org\/{rel}","templated":true}]}}