{"id":309601,"date":"2026-07-26T04:25:08","date_gmt":"2026-07-26T04:25:08","guid":{"rendered":"https:\/\/www.europesays.com\/fi\/309601\/"},"modified":"2026-07-26T04:25:08","modified_gmt":"2026-07-26T04:25:08","slug":"louvren-apollo-galleria-avattiin-uudelleen-varkauden-jalkeen-yle","status":"publish","type":"post","link":"https:\/\/www.europesays.com\/fi\/309601\/","title":{"rendered":"Louvren Apollo-galleria avattiin uudelleen varkauden j\u00e4lkeen &#8211; Yle"},"content":{"rendered":"<ol>\n<li><a href=\"https:\/\/news.google.com\/rss\/articles\/CBMiVkFVX3lxTFB6Y0Vab1hDSVd1dTEyM19LR3pjMlhnOHlldnQwX3AteWt3ZF9lUEpwRkI0QllCdVpHQWZjYlA5RDh3Ukd1OEFZbFJDRFpRcXF5V1lXSXZB?oc=5\" target=\"_blank\" rel=\"nofollow noopener\">Louvren Apollo-galleria avattiin uudelleen varkauden j\u00e4lkeen<\/a>&nbsp;&nbsp;Yle<\/li>\n<li><a href=\"https:\/\/news.google.com\/rss\/articles\/CBMiQkFVX3lxTE5zMXhoTmY3TVpGR3Q1RC1sSC1vQXZJY2JuazlmV3ZOUEFrcGhFbHpjT2JmUW9PbEdMUHdsbFlwS21MUQ?oc=5\" target=\"_blank\" rel=\"nofollow noopener\">Volker T\u00fcrk jatkaa YK:n ihmisoikeusvaltuutettuna seuraavat nelj\u00e4 vuotta<\/a>&nbsp;&nbsp;Yle<\/li>\n<li><a href=\"https:\/\/news.google.com\/rss\/articles\/CBMibkFVX3lxTE96ZVZ4ZlB6aVhlel9oME9Vajh0QzdRTUdkVERqaG5RR2hnNTE5M191UVdzNGhMRTNCYlpDV2VYc3paT0ZzWGRxanZIbVNESjJpZlJVUjF5bFlwYzQ2TnVKUG9FdnhfOFZYaVUtUFZR?oc=5\" target=\"_blank\" rel=\"nofollow noopener\">Lukijalta | Ministeri Rydmanille | P\u00e4\u00e4kirjoitus &amp; mielipide<\/a>&nbsp;&nbsp;Kouvolan Sanomat<\/li>\n<li><a href=\"https:\/\/news.google.com\/rss\/articles\/CBMiQEFVX3lxTE9DakdfN2dicExRcV9XT2tQOVdwY1BPVldfQzgwdU10UkF6bUtET0VxOHhIbEdLYWx5TGlRb0R3YzQ?oc=5\" target=\"_blank\" rel=\"nofollow noopener\">Yle: Turun yliopisto syytt\u00e4\u00e4 ministeri Rydmania toimivallan ylitt\u00e4misest\u00e4 ja harkintavallan v\u00e4\u00e4rink\u00e4yt\u00f6st\u00e4<\/a>&nbsp;&nbsp;ts.fi<\/li>\n<li><a href=\"https:\/\/news.google.com\/rss\/articles\/CBMiYEFVX3lxTE9vTE5MbXg1UmhZQ2N5aW1YSEk2bXE0aW1OQ3hzWEFzU1BDTlFHQzc5VjRvdkxyX2ZRcmVSQk5rNVNONjVCb3JORjB1TktZTWxjWkZzOWlpSlpJcU5QWEF1TQ?oc=5\" target=\"_blank\" rel=\"nofollow noopener\">Yle: Turun yliopisto pit\u00e4\u00e4 Rydmanin p\u00e4\u00e4t\u00f6st\u00e4 lainvastaisena \u2013 ryhtyi toimiin<\/a>&nbsp;&nbsp;Ilta-Sanomat<\/li>\n<\/ol>\n","protected":false},"excerpt":{"rendered":"Louvren Apollo-galleria avattiin uudelleen varkauden j\u00e4lkeen&nbsp;&nbsp;Yle Volker T\u00fcrk jatkaa YK:n ihmisoikeusvaltuutettuna seuraavat nelj\u00e4 vuotta&nbsp;&nbsp;Yle Lukijalta | Ministeri Rydmanille&hellip;\n","protected":false},"author":2,"featured_media":309602,"comment_status":"","ping_status":"","sticky":false,"template":"","format":"standard","meta":{"footnotes":"","_share_on_mastodon":"0"},"categories":[135],"tags":[389,387,388,390,137,33,31,30,15136,966,1422,581,4678,32,394,393,391,392,56,109],"class_list":["post-309601","post","type-post","status-publish","format-standard","has-post-thumbnail","category-taiteet-ja-suunnittelu","tag-arts","tag-arts-and-design","tag-artsanddesign","tag-design","tag-entertainment","tag-fi","tag-finland","tag-finnish","tag-louvre","tag-museot","tag-ranska","tag-rikokset","tag-ryosto","tag-suomi","tag-suunnittelu","tag-taiteet","tag-taiteet-ja-suunnittelu","tag-taiteetsuunnittelu","tag-ulkomaat","tag-viihde"],"share_on_mastodon":{"url":"https:\/\/pubeurope.com\/@fi\/116984383103874246","error":""},"_links":{"self":[{"href":"https:\/\/www.europesays.com\/fi\/wp-json\/wp\/v2\/posts\/309601","targetHints":{"allow":["GET"]}}],"collection":[{"href":"https:\/\/www.europesays.com\/fi\/wp-json\/wp\/v2\/posts"}],"about":[{"href":"https:\/\/www.europesays.com\/fi\/wp-json\/wp\/v2\/types\/post"}],"author":[{"embeddable":true,"href":"https:\/\/www.europesays.com\/fi\/wp-json\/wp\/v2\/users\/2"}],"replies":[{"embeddable":true,"href":"https:\/\/www.europesays.com\/fi\/wp-json\/wp\/v2\/comments?post=309601"}],"version-history":[{"count":0,"href":"https:\/\/www.europesays.com\/fi\/wp-json\/wp\/v2\/posts\/309601\/revisions"}],"wp:featuredmedia":[{"embeddable":true,"href":"https:\/\/www.europesays.com\/fi\/wp-json\/wp\/v2\/media\/309602"}],"wp:attachment":[{"href":"https:\/\/www.europesays.com\/fi\/wp-json\/wp\/v2\/media?parent=309601"}],"wp:term":[{"taxonomy":"category","embeddable":true,"href":"https:\/\/www.europesays.com\/fi\/wp-json\/wp\/v2\/categories?post=309601"},{"taxonomy":"post_tag","embeddable":true,"href":"https:\/\/www.europesays.com\/fi\/wp-json\/wp\/v2\/tags?post=309601"}],"curies":[{"name":"wp","href":"https:\/\/api.w.org\/{rel}","templated":true}]}}