{"id":309923,"date":"2026-07-26T14:35:11","date_gmt":"2026-07-26T14:35:11","guid":{"rendered":"https:\/\/www.europesays.com\/fi\/309923\/"},"modified":"2026-07-26T14:35:11","modified_gmt":"2026-07-26T14:35:11","slug":"tangokuningas-juho-punkeri-nain-kay-kruunun","status":"publish","type":"post","link":"https:\/\/www.europesays.com\/fi\/309923\/","title":{"rendered":"Tangokuningas Juho Punkeri: N\u00e4in k\u00e4y kruunun"},"content":{"rendered":"<p>            Jani Korpela\n        <\/p>\n<p class=\"subtitle \">Juho Punkeri valittiin tangokuninkaaksi parisen viikkoa sitten.<\/p>\n<p class=\"article-content article-content-width !bg-background\">H\u00e4meenlinnalainen , 38, on nyt osa musiikkihistoriaa. H\u00e4net kruunattiin hein\u00e4kuun alkupuolella vuoden 2026 tangokuninkaaksi.\u00a0<\/p>\n<p class=\"font-weight-bold m-font-weight-bold article-content article-content-width !bg-background\">Video: Seiska pelasti Marita Taavitsaisen kruunun!<\/p>\n<p class=\"article-content article-content-width !bg-background\">Juho on ehtinyt totutella uuteen titteliins\u00e4 sek\u00e4 sen mukanaan tuomaan julkisuuteen parisen viikkoa. Seiska tapasi t\u00e4m\u00e4n voittoa seuraavana aamuna, jolloin todellisuus ei kenties viel\u00e4 t\u00e4ysin ollut miehelle valjennut.\u00a0<\/p>\n<p class=\"article-content article-content-width !bg-background\">\u2013 Kun her\u00e4sin, piti hetki mietti\u00e4, mik\u00e4 oli unta ja mik\u00e4 totta, Juho kuvaili tunteumuksiaan tuoreeltaan.\u00a0<\/p>\n<p>        <a itemprop=\"url\" href=\"https:\/\/www.seiska.fi\/kotimaa\/tangokuningas-juho-punkeri-paljastus-parisuhteesta\/2213127\" rel=\"nofollow noopener\" target=\"_blank\"><\/p>\n<p>\nTangokuningas Juho Punkeri\n<\/p>\n<p class=\"section-date\">\n        <strong class=\"article-section\" data-section=\"kotimaa\"><br \/>\n            kotimaa<br \/>\n        <\/strong><br \/>\n        21.7. 20:00\n    <\/p>\n<p>Tangokuningas Juho Punkeri: Paljastus parisuhteesta!\n    <\/p>\n<p itemprop=\"description\" class=\"subtitle \">\n    T\u00e4ll\u00e4 hetkell\u00e4 tangokunkulla on kanttorin virka, mutta virkavapaus siintelee mieless\u00e4, jos keikkakysynt\u00e4 sit\u00e4 vaatii.\n<\/p>\n<p>        <\/a><\/p>\n<p>                <img decoding=\"async\" src=\"https:\/\/www.europesays.com\/fi\/wp-content\/uploads\/2026\/07\/2216201.webp\" width=\"576\" height=\"322\" alt=\"Raija M\u00e4ntyniemi ja Juho Punkeri ovat vuoden 2026 tangokuninkaalliset.\" loading=\"lazy\" \/>            <\/p>\n<p>\n            Raija M\u00e4ntyniemi ja Juho Punkeri ovat vuoden 2026 tangokuninkaalliset.<br \/>\n            Jani Korpela\n        <\/p>\n<p>Paljastaa kruununsa kohtalon<\/p>\n<p class=\"article-content article-content-width !bg-background\">Tangokuningaspari kulki haastattelusta toiseen kruunut p\u00e4\u00e4ss\u00e4\u00e4n, kuten on ollut tapana. Koko vuotta Juho ei kuitenkaan suunnittele kruunun kanssa patsastelevansa.\u00a0<\/p>\n<p class=\"article-content article-content-width !bg-background\">\u2013 En miss\u00e4\u00e4n nimess\u00e4, h\u00e4n nauraa.\u00a0<\/p>\n<p class=\"article-content article-content-width !bg-background\">\u2013 Saamme kyll\u00e4 pit\u00e4\u00e4 kruunut itsell\u00e4mme. Toisin kuin joskus aiemmin, nyt niist\u00e4 on tehty kopiot, jotka saamme omaksemme, Juho paljastaa.\u00a0<\/p>\n<p>Harvinainen kirppisl\u00f6yt\u00f6<\/p>\n<p class=\"article-content article-content-width !bg-background\">Tangomarkkinat j\u00e4rjestettiin ensimm\u00e4isen kerran vuonna 1985. Kuninkaallisia on siis kertynyt melkoinen liuta.\u00a0Kaikkien kruunujen kohtalot eiv\u00e4t ole selvill\u00e4, mutta er\u00e4s tiara p\u00e4\u00e4tyi otsikoihin viime syksyn\u00e4.\u00a0<\/p>\n<p>        <a itemprop=\"url\" href=\"https:\/\/www.seiska.fi\/vain-seiskassa\/tangokuningas-juho-punkeri-yllattava-ongelma\/2208185\" rel=\"nofollow noopener\" target=\"_blank\"><\/p>\n<p>\nTangokuningas Juho Punkeri\n<\/p>\n<p class=\"section-date\">\n        <strong class=\"article-section\" data-section=\"vain seiskassa\"><br \/>\n            vain seiskassa<br \/>\n        <\/strong><br \/>\n        18.7. 15:00\n    <\/p>\n<p>Tangokuningas Juho Punkeri: Yll\u00e4tt\u00e4v\u00e4 ongelma\n    <\/p>\n<p itemprop=\"description\" class=\"subtitle \">\n    Juholla on oma kes\u00e4m\u00f6kki, joka houkuttelee my\u00f6s vierailijoita.\n<\/p>\n<p>        <\/a><\/p>\n<p>                <img decoding=\"async\" src=\"https:\/\/www.europesays.com\/fi\/wp-content\/uploads\/2026\/07\/2216203.webp\" width=\"576\" height=\"322\" alt=\"Juho heitt\u00e4ytyi kameran edess\u00e4 kuninkaalliseen tangoposeeraukseen!\" loading=\"lazy\" \/>            <\/p>\n<p>\n            Juho heitt\u00e4ytyi kameran edess\u00e4 kuninkaalliseen tangoposeeraukseen!<br \/>\n            Jani Korpela\n        <\/p>\n<p class=\"article-content article-content-width !bg-background\">Vuoden 1995 tangokuningatar  <a href=\"https:\/\/www.seiska.fi\/kotimaa\/seiska-pelasti-marita-taavitsaisen-kruunun\/1941846\" target=\"_blank\" rel=\"nofollow noopener\">kauppasi kruunuaan hyvink\u00e4\u00e4l\u00e4isell\u00e4 kirpputorilla<\/a>. Seiska sy\u00f6ksyi paikalle salamannopeasti ja pelasti arvotavaran.\u00a0<\/p>\n<p class=\"article-content article-content-width !bg-background\">My\u00f6s Marita sattui paikalle, kuin Seiska oli ostopuuhissa. Laulaja katseli ostotapahtumaa sivummalta, mutta ei ilmeisesti tullut myynnin suhteen toisiin aatoksiin, sill\u00e4 antoi vanhan kruununsa l\u00e4hte\u00e4 uuteen kotiin.\u00a0<\/p>\n<p>        <a itemprop=\"url\" href=\"https:\/\/www.seiska.fi\/katso\/aki-samulilta-suorat-sanat-uudesta-tangokuningattaresta-nostaa-taustan-esiin\/2207682\" rel=\"nofollow noopener\" target=\"_blank\"><\/p>\n<p>\nAki Samuli:\n<\/p>\n<p class=\"section-date\">\n        <strong class=\"article-section\" data-section=\"katso\"><br \/>\n            katso<br \/>\n        <\/strong><br \/>\n        15.7. 11:15\n    <\/p>\n<p>Aki Samulilta suorat sanat uudesta tangokuningattaresta \u2013 nostaa taustan esiin\n    <\/p>\n<p itemprop=\"description\" class=\"subtitle \">\n    Vuoden 2015 tangokuningas ei s\u00e4\u00e4stele sanojaan puhuessaan aiheesta.\n<\/p>\n<p>        <\/a><\/p>\n<p class=\"article-content article-content-width !bg-background\">Kovinkaan suurta tili\u00e4 ei ex-tangokuningatar helyll\u00e4\u00e4n p\u00e4\u00e4ssyt tekem\u00e4\u00e4n. Alkujaan Marita oli hinnoitellut tiaransa 59 euron arvoiseksi. Seiskan saapuessa ostoksille olivat kirpparip\u00f6yd\u00e4n antimet kuitenkin 50 prosentin alennuksessa, joten hintaa kruunulle j\u00e4i vain kolmisen kymppi\u00e4.\u00a0<\/p>\n","protected":false},"excerpt":{"rendered":"Jani Korpela Juho Punkeri valittiin tangokuninkaaksi parisen viikkoa sitten. H\u00e4meenlinnalainen , 38, on nyt osa musiikkihistoriaa. H\u00e4net kruunattiin&hellip;\n","protected":false},"author":2,"featured_media":309924,"comment_status":"","ping_status":"","sticky":false,"template":"","format":"standard","meta":{"footnotes":"","_share_on_mastodon":"0"},"categories":[130],"tags":[137,33,31,30,38853,4438,212,7813,39326,32,3111,4304,109],"class_list":["post-309923","post","type-post","status-publish","format-standard","has-post-thumbnail","category-viihde","tag-entertainment","tag-fi","tag-finland","tag-finnish","tag-juho-punkeri","tag-kruunu","tag-lifestyle","tag-marita-taavitsainen","tag-raija-mantyniemi","tag-suomi","tag-tangokuningas","tag-tangomarkkinat","tag-viihde"],"share_on_mastodon":{"url":"https:\/\/pubeurope.com\/@fi\/116986781648731699","error":""},"_links":{"self":[{"href":"https:\/\/www.europesays.com\/fi\/wp-json\/wp\/v2\/posts\/309923","targetHints":{"allow":["GET"]}}],"collection":[{"href":"https:\/\/www.europesays.com\/fi\/wp-json\/wp\/v2\/posts"}],"about":[{"href":"https:\/\/www.europesays.com\/fi\/wp-json\/wp\/v2\/types\/post"}],"author":[{"embeddable":true,"href":"https:\/\/www.europesays.com\/fi\/wp-json\/wp\/v2\/users\/2"}],"replies":[{"embeddable":true,"href":"https:\/\/www.europesays.com\/fi\/wp-json\/wp\/v2\/comments?post=309923"}],"version-history":[{"count":0,"href":"https:\/\/www.europesays.com\/fi\/wp-json\/wp\/v2\/posts\/309923\/revisions"}],"wp:featuredmedia":[{"embeddable":true,"href":"https:\/\/www.europesays.com\/fi\/wp-json\/wp\/v2\/media\/309924"}],"wp:attachment":[{"href":"https:\/\/www.europesays.com\/fi\/wp-json\/wp\/v2\/media?parent=309923"}],"wp:term":[{"taxonomy":"category","embeddable":true,"href":"https:\/\/www.europesays.com\/fi\/wp-json\/wp\/v2\/categories?post=309923"},{"taxonomy":"post_tag","embeddable":true,"href":"https:\/\/www.europesays.com\/fi\/wp-json\/wp\/v2\/tags?post=309923"}],"curies":[{"name":"wp","href":"https:\/\/api.w.org\/{rel}","templated":true}]}}