{"id":310161,"date":"2026-07-26T22:25:09","date_gmt":"2026-07-26T22:25:09","guid":{"rendered":"https:\/\/www.europesays.com\/fi\/310161\/"},"modified":"2026-07-26T22:25:09","modified_gmt":"2026-07-26T22:25:09","slug":"jere-uronen-siirtyy-pysyvasti-ruotsista-kreikan-paasarjaan-urheilua-lyhyesti","status":"publish","type":"post","link":"https:\/\/www.europesays.com\/fi\/310161\/","title":{"rendered":"Jere Uronen siirtyy pysyv\u00e4sti Ruotsista Kreikan p\u00e4\u00e4sarjaan | Urheilua lyhyesti"},"content":{"rendered":"<p class=\"aw__sc-1qwuw0s-0 aw__sc-1vg2sqm-0 epAWpq ecELkD yle__article__paragraph\">Uronen on pelannut A-maajoukkueessa 75 ottelua.<\/p>\n<p><img decoding=\"async\" alt=\"Jere Uronen Englantia vastaan 13.10.2024.\" src=\"https:\/\/www.europesays.com\/fi\/wp-content\/uploads\/2026\/07\/1728854484.jpeg\" class=\"aw__sc-dklauk-0 LPzKX\"\/><\/p>\n<p>Avaa kuvien katselu<\/p>\n<p>Kuva: Getty Images<\/p>\n<p class=\"aw__sc-1qwuw0s-0 aw__sc-ngllmo-0 epAWpq fzYpjk yle__article__paragraph\">Miesten jalkapallomaajoukkueesta tuttu puolustaja <strong class=\"aw__sc-ngllmo-2 gdRrun yle__article__strong\">Jere Uronen<\/strong> siirtyy pysyv\u00e4sti Ruotsin p\u00e4\u00e4sarjassa pelaavasta AIK:sta Kreikan p\u00e4\u00e4sarjan Atromitos FC:hen.<\/p>\n<p class=\"aw__sc-1qwuw0s-0 aw__sc-ngllmo-0 epAWpq fzYpjk yle__article__paragraph\">Uronen liittyi AIK:hon tammikuussa 2025, mutta pelasi ruotsalaisseurassa lopulta vain kahdeksan ottelua. AIK lainasi h\u00e4net Atromitokseen kes\u00e4ll\u00e4 2025. Ateenalaisseurassa peliaikaa on tullut 33 ottelussa.<\/p>\n<p class=\"aw__sc-1qwuw0s-0 aw__sc-ngllmo-0 epAWpq fzYpjk yle__article__paragraph\">\u2013 Haluan kiitt\u00e4\u00e4 Jere\u00e4 seuran puolesta h\u00e4nen ajastaan seurassa viime vuonna ja toivottaa h\u00e4nelle onnea tulevaisuuteen, AIK:n urheilupomo <strong class=\"aw__sc-ngllmo-2 gdRrun yle__article__strong\">Miika Takkula<\/strong> <a class=\"aw__sc-ngllmo-1 bTDnwX yle__article__link\" href=\"https:\/\/www.aikfotboll.se\/artiklar-och-nyheter\/260726-jere-uronen-lamnar-aik-fotboll\" role=\"link\" rel=\"nofollow noopener\" target=\"_blank\">kommentoi seuran tiedotteessa<\/a>.<\/p>\n<p class=\"aw__sc-1qwuw0s-0 aw__sc-ngllmo-0 epAWpq fzYpjk yle__article__paragraph\">Uronen on pelannut maajoukkueessa 75 ottelua. H\u00e4n pelasi Huuhkajissa kolme ottelua vuoden 2021 EM-kisoissa ja sy\u00f6tti <strong class=\"aw__sc-ngllmo-2 gdRrun yle__article__strong\">Joel Pohjanpalon<\/strong> voittomaalin Tanskaa vastaan.<\/p>\n","protected":false},"excerpt":{"rendered":"Uronen on pelannut A-maajoukkueessa 75 ottelua. Avaa kuvien katselu Kuva: Getty Images Miesten jalkapallomaajoukkueesta tuttu puolustaja Jere Uronen&hellip;\n","protected":false},"author":2,"featured_media":310162,"comment_status":"","ping_status":"","sticky":false,"template":"","format":"standard","meta":{"footnotes":"","_share_on_mastodon":"0"},"categories":[158],"tags":[34422,33,31,30,5285,43,8608,40002,159,32,160],"class_list":["post-310161","post","type-post","status-publish","format-standard","has-post-thumbnail","category-urheilu","tag-aik-fotboll","tag-fi","tag-finland","tag-finnish","tag-huuhkajat","tag-jalkapallo","tag-jalkapallomaajoukkueet","tag-jere-uronen","tag-sports","tag-suomi","tag-urheilu"],"share_on_mastodon":{"url":"https:\/\/pubeurope.com\/@fi\/116988630277882086","error":""},"_links":{"self":[{"href":"https:\/\/www.europesays.com\/fi\/wp-json\/wp\/v2\/posts\/310161","targetHints":{"allow":["GET"]}}],"collection":[{"href":"https:\/\/www.europesays.com\/fi\/wp-json\/wp\/v2\/posts"}],"about":[{"href":"https:\/\/www.europesays.com\/fi\/wp-json\/wp\/v2\/types\/post"}],"author":[{"embeddable":true,"href":"https:\/\/www.europesays.com\/fi\/wp-json\/wp\/v2\/users\/2"}],"replies":[{"embeddable":true,"href":"https:\/\/www.europesays.com\/fi\/wp-json\/wp\/v2\/comments?post=310161"}],"version-history":[{"count":0,"href":"https:\/\/www.europesays.com\/fi\/wp-json\/wp\/v2\/posts\/310161\/revisions"}],"wp:featuredmedia":[{"embeddable":true,"href":"https:\/\/www.europesays.com\/fi\/wp-json\/wp\/v2\/media\/310162"}],"wp:attachment":[{"href":"https:\/\/www.europesays.com\/fi\/wp-json\/wp\/v2\/media?parent=310161"}],"wp:term":[{"taxonomy":"category","embeddable":true,"href":"https:\/\/www.europesays.com\/fi\/wp-json\/wp\/v2\/categories?post=310161"},{"taxonomy":"post_tag","embeddable":true,"href":"https:\/\/www.europesays.com\/fi\/wp-json\/wp\/v2\/tags?post=310161"}],"curies":[{"name":"wp","href":"https:\/\/api.w.org\/{rel}","templated":true}]}}