{"id":310808,"date":"2026-07-27T18:19:14","date_gmt":"2026-07-27T18:19:14","guid":{"rendered":"https:\/\/www.europesays.com\/fi\/310808\/"},"modified":"2026-07-27T18:19:14","modified_gmt":"2026-07-27T18:19:14","slug":"janne-lehtonen-podcastissa-erikoisjoukoista-lahtemisesta-seurannut-tyhjio","status":"publish","type":"post","link":"https:\/\/www.europesays.com\/fi\/310808\/","title":{"rendered":"Janne Lehtonen podcastissa: Erikoisjoukoista l\u00e4htemisest\u00e4 seurannut tyhji\u00f6"},"content":{"rendered":"<p>\n            20260210, Helsinki. Erikoisjoukot tv-sarjan pressi. Kuvassa p\u00e4\u00e4kouluttaja Janne Lehtonen.<br \/>\n            Timo Korhonen\n        <\/p>\n<p class=\"subtitle \">Janne Lehtonen paljastaa, milloin on kokenut aitoa kuolemanpelkoa.<\/p>\n<p class=\"article-content article-content-width !bg-background\">Erikoisjoukot-realitysarjan kouluttajana tuttu , 43, on my\u00f6s entinen Suomen erikoisjoukkojen sotilas, joka on joutunut vaarallisiin tilanteisiin uransa varrella.<\/p>\n<p class=\"font-weight-bold m-font-weight-bold article-content article-content-width !bg-background\">Video: Janne Lehtonen arvioi erikoisjoukkojen valmentajat.<\/p>\n<p>&#8221;Jatkuvasti kiksej\u00e4&#8221;<\/p>\n<p class=\"article-content article-content-width !bg-background\"><a href=\"https:\/\/podimo.com\/fi\/shows\/sijoituskasti\/episode\/398e8769-21df-5911-a53b-84e0c094a37c\" target=\"_blank\" rel=\"nofollow noopener\">Sijoitusk\u00e4stiss\u00e4<\/a> vieraillessaan Janne paljasti, ett\u00e4 erikoisjoukoista l\u00e4hteminen toi el\u00e4m\u00e4\u00e4n tyhji\u00f6n, jota oli vaikea t\u00e4ytt\u00e4\u00e4.<\/p>\n<p class=\"article-content article-content-width !bg-background\">\u2013 Kaikille, jotka on sielt\u00e4 l\u00e4hteneet, niin ei riit\u00e4 se normity\u00f6 kahdeksasta nelj\u00e4\u00e4n, vaan me koetetaan v\u00e4sytt\u00e4\u00e4 itsemme sill\u00e4 ty\u00f6n tekemisell\u00e4 ja saada siit\u00e4 jatkuvasti kiksej\u00e4.<\/p>\n<p class=\"article-content article-content-width !bg-background\">\u2013 Halutaan koko ajan enemm\u00e4n ja enemm\u00e4n, Janne kuvailee.<\/p>\n<p class=\"article-content article-content-width !bg-background\">\u2013 Siin\u00e4 on hyv\u00e4 ja huono puoli. Kaikki, jotka ovat sielt\u00e4 l\u00e4hteneet, ovat omalla tasollaan menestyneet. Ei pysty vain olemaan paikalla ja chillaamaan, ex-sotilas tiivist\u00e4\u00e4.\u00a0<\/p>\n<p>                <img loading=\"lazy\" decoding=\"async\" src=\"https:\/\/www.europesays.com\/fi\/wp-content\/uploads\/2026\/07\/2216669.webp\" width=\"576\" height=\"375\" alt=\"Janne Lehtonen vuonna 2025.\" \/>            <\/p>\n<p>\n            Janne Lehtonen vuonna 2025.<br \/>\n            Timo Korhonen\n        <\/p>\n<p>        <a itemprop=\"url\" href=\"https:\/\/www.seiska.fi\/katso\/erikoisjoukkojen-janne-lehtonen-avautuu-traumoistaan-me-ollaan-tehty-paljon-pahaa\/2164338\" rel=\"nofollow noopener\" target=\"_blank\"><\/p>\n<p>\nErikoisjoukot\n<\/p>\n<p class=\"section-date\">\n        <strong class=\"article-section\" data-section=\"katso\"><br \/>\n            katso<br \/>\n        <\/strong><br \/>\n        2.6. 05:15\n    <\/p>\n<p>Erikoisjoukkojen Janne Lehtonen avautuu traumoistaan: &#8221;Me ollaan tehty paljon pahaa&#8221;\n    <\/p>\n<p itemprop=\"description\" class=\"subtitle \">\n    Leirin p\u00e4\u00e4kouluttaja Janne Lehtonen k\u00e4rsii posttraumaattisista stressioireista.\n<\/p>\n<p>        <\/a><\/p>\n<p>Tiukka kommentti salitreenist\u00e4\u00a0<\/p>\n<p class=\"article-content article-content-width !bg-background\">Merivoimien j\u00e4lkeen Janne on ty\u00f6skennellyt muun muassa palomiehen\u00e4 ja pelastussukeltajana. Lis\u00e4ksi Janne on hyvinvointialan yritt\u00e4j\u00e4 ja televisiokasvo.\u00a0<\/p>\n<p class=\"article-content article-content-width !bg-background\">Podcastissa Jannelta kysyt\u00e4\u00e4n, puuttuuko h\u00e4nen mielest\u00e4\u00e4n ihmisilt\u00e4 selke\u00e4 miksi, eli selke\u00e4 motivaatio toiminnan takana.<\/p>\n<p class=\"article-content article-content-width !bg-background\">\u2013 Puuttuu, ihan kaikessa, yritt\u00e4misess\u00e4, liikunnassa&#8230; Janne luettelee.<\/p>\n<p class=\"article-content article-content-width !bg-background\">\u2013\u00a0Ihmiset vaan k\u00e4y salilla, koska niiden pit\u00e4\u00e4 k\u00e4yd\u00e4 salilla, mutta ne eiv\u00e4t nauti siit\u00e4 yht\u00e4\u00e4n. Mink\u00e4 helvetin takia s\u00e4 k\u00e4yt siell\u00e4 salilla, jos k\u00e4yt vaan k\u00e4ymisen takia? Janne tykitt\u00e4\u00e4.<\/p>\n<p class=\"article-content article-content-width !bg-background\">Jannen mielest\u00e4 liikkuminen on turhaa ilman tavoitteita.<\/p>\n<p>        <a itemprop=\"url\" href=\"https:\/\/www.seiska.fi\/kotimaa\/janne-lehtonen-poikkeuksellisen-tunteikas-purkaus\/2146842\" rel=\"nofollow noopener\" target=\"_blank\"><\/p>\n<p>\nJanne Lehtonen\n<\/p>\n<p class=\"section-date\">\n        <strong class=\"article-section\" data-section=\"kotimaa\"><br \/>\n            kotimaa<br \/>\n        <\/strong><br \/>\n        8.5. 16:30\n    <\/p>\n<p>Janne Lehtonen: Poikkeuksellisen tunteikas purkaus\n    <\/p>\n<p itemprop=\"description\" class=\"subtitle \">\n    Erikoisjoukot-ohjelman kouluttaja Janne Lehtonen on poikkeuksellisen avoimena perhe-el\u00e4m\u00e4st\u00e4\u00e4n.\n<\/p>\n<p>        <\/a><\/p>\n<p>&#8221;El\u00e4m\u00e4n ja kuoleman asia&#8221;<\/p>\n<p class=\"article-content article-content-width !bg-background\">Janne paljasti jaksossa my\u00f6s, mit\u00e4 eroa on ammattiurheilijan ja ammattisotilaan kokemassa stressiss\u00e4.<\/p>\n<p class=\"article-content article-content-width !bg-background\">\u2013 Ainoa olen sanonut, ett\u00e4 koemme samalla tavalla stressi\u00e4, mutta kyll\u00e4h\u00e4n se sotatilanteessa on el\u00e4m\u00e4n ja kuoleman asia.<\/p>\n<p class=\"article-content article-content-width !bg-background\">\u2013 Urheilijat eiv\u00e4t v\u00e4ltt\u00e4m\u00e4tt\u00e4 koe sit\u00e4 kuolemanpelkoa, se on se ero meill\u00e4. Ehk\u00e4 pari kertaa on itsell\u00e4 ollut oikeasti kuolemanpelkoa.<\/p>\n<p class=\"article-content article-content-width !bg-background\">Jaksossa Janne kuvailee tiedustelureissua Afganistanissa, jolloin h\u00e4nen tiimins\u00e4 auton ymp\u00e4r\u00f6iv\u00e4t rynn\u00e4kk\u00f6kiv\u00e4\u00e4reill\u00e4 aseistautuneet miehet. Miehet paljastuivat lopulta poliiseiksi, mutta hetken aikaa Janne pelk\u00e4si pahinta.<\/p>\n<p class=\"article-content article-content-width !bg-background\">\u2013 Hetkellisesti oli fiilis, ettei t\u00e4\u00e4 tule p\u00e4\u00e4ttym\u00e4\u00e4n kovin hyvin. N\u00e4in ainoana vaihtoehtona sen, ett\u00e4 otetaan aseet ja koitetaan ampua kaikki, ket\u00e4 siin\u00e4 on, Janne kuvailee jaksossa.<\/p>\n<p>        <a itemprop=\"url\" href=\"https:\/\/www.seiska.fi\/kotimaa\/janne-lehtonen-iloinen-perheuutinen\/2143019\" rel=\"nofollow noopener\" target=\"_blank\"><\/p>\n<p>\nJanne Lehtonen\n<\/p>\n<p class=\"section-date\">\n        <strong class=\"article-section\" data-section=\"kotimaa\"><br \/>\n            kotimaa<br \/>\n        <\/strong><br \/>\n        4.5. 17:30\n    <\/p>\n<p>Janne Lehtonen: Iloinen perheuutinen!\n    <\/p>\n<p itemprop=\"description\" class=\"subtitle \">\n    Erikoisjoukot-kouluttajan perheess\u00e4 on aihetta riemuun.\n<\/p>\n<p>        <\/a><\/p>\n","protected":false},"excerpt":{"rendered":"20260210, Helsinki. Erikoisjoukot tv-sarjan pressi. Kuvassa p\u00e4\u00e4kouluttaja Janne Lehtonen. Timo Korhonen Janne Lehtonen paljastaa, milloin on kokenut aitoa&hellip;\n","protected":false},"author":2,"featured_media":310809,"comment_status":"","ping_status":"","sticky":false,"template":"","format":"standard","meta":{"footnotes":"","_share_on_mastodon":"0"},"categories":[136],"tags":[407,137,2159,33,31,30,2233,2155,408,10985,2923,32,109],"class_list":["post-310808","post","type-post","status-publish","format-standard","has-post-thumbnail","category-julkkikset","tag-celebrities","tag-entertainment","tag-erikoisjoukot","tag-fi","tag-finland","tag-finnish","tag-hyvinvointi","tag-janne-lehtonen","tag-julkkikset","tag-motivaatio","tag-podcast","tag-suomi","tag-viihde"],"share_on_mastodon":{"url":"https:\/\/pubeurope.com\/@fi\/116993325318014149","error":""},"_links":{"self":[{"href":"https:\/\/www.europesays.com\/fi\/wp-json\/wp\/v2\/posts\/310808","targetHints":{"allow":["GET"]}}],"collection":[{"href":"https:\/\/www.europesays.com\/fi\/wp-json\/wp\/v2\/posts"}],"about":[{"href":"https:\/\/www.europesays.com\/fi\/wp-json\/wp\/v2\/types\/post"}],"author":[{"embeddable":true,"href":"https:\/\/www.europesays.com\/fi\/wp-json\/wp\/v2\/users\/2"}],"replies":[{"embeddable":true,"href":"https:\/\/www.europesays.com\/fi\/wp-json\/wp\/v2\/comments?post=310808"}],"version-history":[{"count":0,"href":"https:\/\/www.europesays.com\/fi\/wp-json\/wp\/v2\/posts\/310808\/revisions"}],"wp:featuredmedia":[{"embeddable":true,"href":"https:\/\/www.europesays.com\/fi\/wp-json\/wp\/v2\/media\/310809"}],"wp:attachment":[{"href":"https:\/\/www.europesays.com\/fi\/wp-json\/wp\/v2\/media?parent=310808"}],"wp:term":[{"taxonomy":"category","embeddable":true,"href":"https:\/\/www.europesays.com\/fi\/wp-json\/wp\/v2\/categories?post=310808"},{"taxonomy":"post_tag","embeddable":true,"href":"https:\/\/www.europesays.com\/fi\/wp-json\/wp\/v2\/tags?post=310808"}],"curies":[{"name":"wp","href":"https:\/\/api.w.org\/{rel}","templated":true}]}}