{"id":31081,"date":"2025-09-10T16:03:12","date_gmt":"2025-09-10T16:03:12","guid":{"rendered":"https:\/\/www.europesays.com\/fi\/31081\/"},"modified":"2025-09-10T16:03:12","modified_gmt":"2025-09-10T16:03:12","slug":"temppareiden-uudella-kaudella-mukana-raahelaislahtoinen-aki-raappana","status":"publish","type":"post","link":"https:\/\/www.europesays.com\/fi\/31081\/","title":{"rendered":"Temppareiden uudella kaudella mukana raahelaisl\u00e4ht\u00f6inen Aki Raappana"},"content":{"rendered":"<p> <img decoding=\"async\" class=\"responsive-image article__image-image lozad\"   src=\"https:\/\/www.europesays.com\/fi\/wp-content\/uploads\/2025\/09\/joXpkAFbROcDiwFiSpa-c6xwI7HVVURFzUYh6CxhXzGNwzYz8Ufkj7wymZbU5YbvzCyYtFOAYJhLNUabp99pR2JzE_wChH9gXcQ0.jpeg\" alt=\"Nelonen julkaisi t\u00e4m\u00e4n kauden Temptation Island Suomi -sinkut t\u00e4n\u00e4\u00e4n.\"\/><\/p>\n<p>\n Nelonen julkaisi t\u00e4m\u00e4n kauden Temptation Island Suomi -sinkut t\u00e4n\u00e4\u00e4n.\n <\/p>\n<p>\n Kuva: Teemu Laitinen\n <\/p>\n<p class=\"article__paragraph\">\n Temptation Island Suomi -sarjan uudella kaudella n\u00e4hd\u00e4\u00e4n raahelaisverta, sill\u00e4 mukana on paikkakunnalta l\u00e4ht\u00f6isin oleva Aki Raappana, 24.\n <\/p>\n<p class=\"article__paragraph\">\n Raappana on yksi sarjaan osallistuvista sinkkumiehist\u00e4, eli h\u00e4n l\u00e4htee Marbellaan kahdenkymmenen muun sinkun kanssa pariskuntien huomiosta kilpailemaan.<\/p>\n","protected":false},"excerpt":{"rendered":"Nelonen julkaisi t\u00e4m\u00e4n kauden Temptation Island Suomi -sinkut t\u00e4n\u00e4\u00e4n. Kuva: Teemu Laitinen Temptation Island Suomi -sarjan uudella kaudella&hellip;\n","protected":false},"author":2,"featured_media":31082,"comment_status":"","ping_status":"","sticky":false,"template":"","format":"standard","meta":{"footnotes":""},"categories":[133],"tags":[137,33,31,30,32,206,156,109],"class_list":{"0":"post-31081","1":"post","2":"type-post","3":"status-publish","4":"format-standard","5":"has-post-thumbnail","7":"category-televisiot","8":"tag-entertainment","9":"tag-fi","10":"tag-finland","11":"tag-finnish","12":"tag-suomi","13":"tag-televisiot","14":"tag-tv","15":"tag-viihde"},"share_on_mastodon":{"url":"","error":""},"_links":{"self":[{"href":"https:\/\/www.europesays.com\/fi\/wp-json\/wp\/v2\/posts\/31081","targetHints":{"allow":["GET"]}}],"collection":[{"href":"https:\/\/www.europesays.com\/fi\/wp-json\/wp\/v2\/posts"}],"about":[{"href":"https:\/\/www.europesays.com\/fi\/wp-json\/wp\/v2\/types\/post"}],"author":[{"embeddable":true,"href":"https:\/\/www.europesays.com\/fi\/wp-json\/wp\/v2\/users\/2"}],"replies":[{"embeddable":true,"href":"https:\/\/www.europesays.com\/fi\/wp-json\/wp\/v2\/comments?post=31081"}],"version-history":[{"count":0,"href":"https:\/\/www.europesays.com\/fi\/wp-json\/wp\/v2\/posts\/31081\/revisions"}],"wp:featuredmedia":[{"embeddable":true,"href":"https:\/\/www.europesays.com\/fi\/wp-json\/wp\/v2\/media\/31082"}],"wp:attachment":[{"href":"https:\/\/www.europesays.com\/fi\/wp-json\/wp\/v2\/media?parent=31081"}],"wp:term":[{"taxonomy":"category","embeddable":true,"href":"https:\/\/www.europesays.com\/fi\/wp-json\/wp\/v2\/categories?post=31081"},{"taxonomy":"post_tag","embeddable":true,"href":"https:\/\/www.europesays.com\/fi\/wp-json\/wp\/v2\/tags?post=31081"}],"curies":[{"name":"wp","href":"https:\/\/api.w.org\/{rel}","templated":true}]}}