{"id":311012,"date":"2026-07-28T00:37:14","date_gmt":"2026-07-28T00:37:14","guid":{"rendered":"https:\/\/www.europesays.com\/fi\/311012\/"},"modified":"2026-07-28T00:37:14","modified_gmt":"2026-07-28T00:37:14","slug":"aanekoskella-nelostiella-tapahtui-hirvikolari-hirvi-loukkaantui-ja-pakeni-metsaan-keski-suomi-keskisuomalainen","status":"publish","type":"post","link":"https:\/\/www.europesays.com\/fi\/311012\/","title":{"rendered":"\u00c4\u00e4nekoskella Nelostiell\u00e4 tapahtui hirvikolari \u2013 hirvi loukkaantui ja pakeni mets\u00e4\u00e4n | Keski-Suomi &#8211; Keskisuomalainen"},"content":{"rendered":"<ol>\n<li><a href=\"https:\/\/news.google.com\/rss\/articles\/CBMiUEFVX3lxTFBGNHRzdDdMNWVCQ3BwaEs4ajA1V0Y4bkktR081ZWFJX3dQaXNBYzdDZ3MyNUhPcjU4bldXSldOaWkxMk9DYjFyNU9yQmhfLU5Z?oc=5\" target=\"_blank\" rel=\"nofollow noopener\">\u00c4\u00e4nekoskella Nelostiell\u00e4 tapahtui hirvikolari \u2013 hirvi loukkaantui ja pakeni mets\u00e4\u00e4n | Keski-Suomi<\/a>&nbsp;&nbsp;Keskisuomalainen<\/li>\n<li><a href=\"https:\/\/news.google.com\/rss\/articles\/CBMiSEFVX3lxTE5zVk8wekluellqaFhZUzQzZWhfMzlvSlhKc1ZhZk05S0M0UHdTRWxaaEtGMnhJYlR1UEw2dmRHalpFWUR3VjhTcA?oc=5\" target=\"_blank\" rel=\"nofollow noopener\">Fingerpori 28.7.2026<\/a>&nbsp;&nbsp;Etel\u00e4-Suomen Sanomat<\/li>\n<li><a href=\"https:\/\/news.google.com\/rss\/articles\/CBMinwFBVV95cUxQLWVXaktwTnhUQVQ2WTNhUGVnTmRncE1YNWVGTVVqOGJBOV9TclkyR3ppOFJTeWpkR3dsbndEX25fS2lqZlVEOVNaOE5IRkFpekhQZGhQeGlya1hfdV8yLVJHRkNHLXZ4OF9rWFJRVHdIbnFyZEtjR1g2ZG1hOVlFTzVWS0VnemJONTA4QmZ5OGc1d0FCWUFhcXZ4SXV6OU0?oc=5\" target=\"_blank\" rel=\"nofollow noopener\">Turussa kadonnut nuori tytt\u00f6 on l\u00f6ytynyt<\/a>&nbsp;&nbsp;mtvuutiset.fi<\/li>\n<li><a href=\"https:\/\/news.google.com\/rss\/articles\/CBMiWkFVX3lxTFBMNGpxTjgzSlZvbHVyQVZjYXZsa0FmODNJUUNzaEwyeGxHRUtBTUtCRkhsdjV1ZC1iWXJLYzhzVExzeEUzanlKSWZZcWsxSjRLcTNuTUNBR0ZrZw?oc=5\" target=\"_blank\" rel=\"nofollow noopener\">Pohjois-\u200bKarjalaan varoitus rajusta ukonil\u00admasta<\/a>&nbsp;&nbsp;Karjalainen<\/li>\n<li><a href=\"https:\/\/news.google.com\/rss\/articles\/CBMiW0FVX3lxTE5jRllhSXFKY1dsMjlzZU5fRjRvdkZCdllicW12UVg4QUNjZ2NOWjd0T2w0WmhHM0VydmtWYXg5UjFxUkhOUm9mTWZkX0tKcnA1bmdfNnZVc3lTSDg?oc=5\" target=\"_blank\" rel=\"nofollow noopener\">Varoitus rajusta ukonilmasta ja sateesta<\/a>&nbsp;&nbsp;Lieksan Lehti<\/li>\n<\/ol>\n","protected":false},"excerpt":{"rendered":"\u00c4\u00e4nekoskella Nelostiell\u00e4 tapahtui hirvikolari \u2013 hirvi loukkaantui ja pakeni mets\u00e4\u00e4n | Keski-Suomi&nbsp;&nbsp;Keskisuomalainen Fingerpori 28.7.2026&nbsp;&nbsp;Etel\u00e4-Suomen Sanomat Turussa kadonnut nuori&hellip;\n","protected":false},"author":2,"featured_media":311013,"comment_status":"","ping_status":"","sticky":false,"template":"","format":"standard","meta":{"footnotes":"","_share_on_mastodon":"0"},"categories":[12],"tags":[12845,7138,22,23,26,27,33,31,30,17,24,25,121,28,29,3200,15,120,18,21,122,32,128,19,20,16],"class_list":["post-311012","post","type-post","status-publish","format-standard","has-post-thumbnail","category-suomi","tag-aanekosken-seutukunta","tag-aanekoski","tag-breaking-news","tag-breakingnews","tag-featured-news","tag-featurednews","tag-fi","tag-finland","tag-finnish","tag-headlines","tag-latest-news","tag-latestnews","tag-liikenne-ja-kuljetus","tag-main-news","tag-mainnews","tag-metsa","tag-news","tag-onnettomuustapaus","tag-otsikot","tag-paauutiset","tag-pelastaminen","tag-suomi","tag-tieliikenne","tag-top-stories","tag-topstories","tag-uutiset"],"share_on_mastodon":{"url":"https:\/\/pubeurope.com\/@fi\/116994811302942426","error":""},"_links":{"self":[{"href":"https:\/\/www.europesays.com\/fi\/wp-json\/wp\/v2\/posts\/311012","targetHints":{"allow":["GET"]}}],"collection":[{"href":"https:\/\/www.europesays.com\/fi\/wp-json\/wp\/v2\/posts"}],"about":[{"href":"https:\/\/www.europesays.com\/fi\/wp-json\/wp\/v2\/types\/post"}],"author":[{"embeddable":true,"href":"https:\/\/www.europesays.com\/fi\/wp-json\/wp\/v2\/users\/2"}],"replies":[{"embeddable":true,"href":"https:\/\/www.europesays.com\/fi\/wp-json\/wp\/v2\/comments?post=311012"}],"version-history":[{"count":0,"href":"https:\/\/www.europesays.com\/fi\/wp-json\/wp\/v2\/posts\/311012\/revisions"}],"wp:featuredmedia":[{"embeddable":true,"href":"https:\/\/www.europesays.com\/fi\/wp-json\/wp\/v2\/media\/311013"}],"wp:attachment":[{"href":"https:\/\/www.europesays.com\/fi\/wp-json\/wp\/v2\/media?parent=311012"}],"wp:term":[{"taxonomy":"category","embeddable":true,"href":"https:\/\/www.europesays.com\/fi\/wp-json\/wp\/v2\/categories?post=311012"},{"taxonomy":"post_tag","embeddable":true,"href":"https:\/\/www.europesays.com\/fi\/wp-json\/wp\/v2\/tags?post=311012"}],"curies":[{"name":"wp","href":"https:\/\/api.w.org\/{rel}","templated":true}]}}