{"id":31125,"date":"2025-09-10T17:06:09","date_gmt":"2025-09-10T17:06:09","guid":{"rendered":"https:\/\/www.europesays.com\/fi\/31125\/"},"modified":"2025-09-10T17:06:09","modified_gmt":"2025-09-10T17:06:09","slug":"tapparan-debytantti-tehoilee-heti-uusi-ilves-tahti-liekeissa","status":"publish","type":"post","link":"https:\/\/www.europesays.com\/fi\/31125\/","title":{"rendered":"Tapparan debytantti tehoilee heti \u2013 Uusi Ilves-t\u00e4hti liekeiss\u00e4"},"content":{"rendered":"<p>Liiga-kauden toisen matsi-illan kattaus on kapea mutta herkullinen.<\/p>\n<p><img decoding=\"async\" class=\"image image-show image-preview\" src=\"https:\/\/www.europesays.com\/fi\/wp-content\/uploads\/2025\/09\/f6f5139230a85135169dbe909d481f2c5c4daca83a0fd047eddf52a203a4d1c0.jpg\" alt=\"\"\/><img decoding=\"async\" class=\"image image-show\" src=\"https:\/\/www.europesays.com\/fi\/wp-content\/uploads\/2025\/09\/1757523969_874_f6f5139230a85135169dbe909d481f2c5c4daca83a0fd047eddf52a203a4d1c0.jpg\" alt=\"\"\/><\/p>\n<p>Lukko-vahti Antti Raanta on ollut t\u00e4ysty\u00f6llistetty Tapparan painaessa r\u00f6yhke\u00e4sti maalille. Elmeri Elo \/ AOP<\/p>\n<p class=\"paragraph\">Raumalla iskee yhteen kaksi kauden suurimpiin mestarisuosikkeihin kuuluvaa joukkuetta, Lukko ja Tappara. Kotiyleis\u00f6n katseet kohdistuvat etenkin 11 kaudella NHL:\u00e4\u00e4 pelanneeseen <strong>Antti Raantaan<\/strong>, joka 14 vuoden tauon j\u00e4lkeen on palannut kasvattajaseuransa tolppien v\u00e4liin.<\/p>\n<p class=\"paragraph\">Jyv\u00e4skyl\u00e4ss\u00e4 vastaavalla tavalla valokeilassa on l\u00e4hes 500 NHL-ottelua pelannut puolustaja <strong>Sami Vatanen<\/strong>, joka edusti kasvattajaseuraansa JYPi\u00e4 viimeksi mestaruuskaudella 2011\u201312. Niin ik\u00e4\u00e4n mestariehdokkaisiin lukeutuva Ilves haastaa uutta nousua sarjan h\u00e4nt\u00e4p\u00e4\u00e4st\u00e4 hakevat Hippoksen is\u00e4nn\u00e4t.<\/p>\n<p>Tappara vie<\/p>\n<p class=\"paragraph\">\u2013 Mik\u00e4 monsterialku! hehkutti MTV:n selostaja <strong>Sebastian Waheeb<\/strong>, kun Tapparan uusiin vahvistuksiin kuuluva romuluinen <strong>Emil Sylveg\u00e5rd<\/strong> ampui ensimm\u00e4isess\u00e4 vaihdossaan tolppaan ja taklasi heti per\u00e4\u00e4n <strong>Jakob Stenqvistin<\/strong> niin sanotusti pystyyn.<\/p>\n<p class=\"paragraph\">Lukon t\u00e4htipakki <strong\/>ontui vaivalloisesti vaihtoaitioon mutta pystyi palaamaan peliin er\u00e4n edetess\u00e4.<\/p>\n<p class=\"paragraph\">Kovalla pelill\u00e4\u00e4n raumalaiset yll\u00e4tt\u00e4nyt Tappara osui kertaalleen my\u00f6s yl\u00e4rautaan, mutta osumia n\u00e4htiin vasta toisessa er\u00e4ss\u00e4.<\/p>\n<p class=\"paragraph\">Ansaitun avausmaalin Tapparalle iski 17-vuotias liigadebytantti <strong>Oliver Suvanto<\/strong>, ja paluumuuttaja <strong>Kasper Simontaival<\/strong> lis\u00e4si vierasjohdon 2\u20130:aan ylivoimalla.<\/p>\n<p class=\"paragraph\">Tapparan kolmen ja puolen minuutin tehorypp\u00e4\u00e4n viimeisteli 3\u20130-maalilla kapteeni <strong>Otto Rauhala<\/strong>. Suvanto nosti sy\u00f6tt\u00f6pisteell\u00e4 ensimm\u00e4isen liigapelins\u00e4 saldon jo 1+1:een.<\/p>\n<p>Tehokas T\u00f6r\u00f6k<\/p>\n<p class=\"paragraph\">Jyv\u00e4skyl\u00e4ss\u00e4 <strong>Juuso Puustinen<\/strong> r\u00e4v\u00e4ytti takatolpalta illan avausmaalin ajassa 5.38. saatuaan upean sy\u00f6t\u00f6n JYPin avainhankintoihin kuuluvalta tanskalaiselta <strong>Alexander Truelta<\/strong>.<\/p>\n<p class=\"paragraph\">My\u00f6s Ilveksell\u00e4 olivat uudet pelaajat asialla, kun <strong>Matic T\u00f6r\u00f6k<\/strong> tasoitti <strong>Lukas Jasekin<\/strong> sy\u00f6t\u00f6st\u00e4 ja <strong>Teemu Engberg<\/strong> iski 2\u20131-johtomaalin <strong>Radek Kucerikin<\/strong> ja T\u00f6r\u00f6kin tarjoilusta.<\/p>\n<p class=\"paragraph\">Vieraiden tehohetken j\u00e4lkeen JYP tasoitti 2\u20132:een ajassa 16.33 <strong>Otto M\u00e4kisen<\/strong> maalilla.<\/p>\n<p class=\"paragraph\">Toisen er\u00e4n loppupuolella Jasek siirsi Ilveksen j\u00e4lleen johtoon T\u00f6r\u00f6kin passista: tilanne siis 2\u20133.<\/p>\n<p class=\"paragraph\">Iltalehti seuraa pelien etenemist\u00e4 t\u00e4ss\u00e4 jutussa.<\/p>\n<p>Ilveksen slovenialaisvahvistus Matic T\u00f6r\u00f6k on ker\u00e4nnyt jo tehot 1+2. Mika Kylm\u00e4niemi \/ AOP<\/p>\n","protected":false},"excerpt":{"rendered":"Liiga-kauden toisen matsi-illan kattaus on kapea mutta herkullinen. Lukko-vahti Antti Raanta on ollut t\u00e4ysty\u00f6llistetty Tapparan painaessa r\u00f6yhke\u00e4sti maalille.&hellip;\n","protected":false},"author":2,"featured_media":31126,"comment_status":"","ping_status":"","sticky":false,"template":"","format":"standard","meta":{"footnotes":""},"categories":[5],"tags":[35,1144,22,23,26,27,33,31,30,17,1143,24,25,28,29,1146,15,18,21,4686,32,1145,19,20,16],"class_list":{"0":"post-31125","1":"post","2":"type-post","3":"status-publish","4":"format-standard","5":"has-post-thumbnail","7":"category-otsikot","8":"tag-24h","9":"tag-ammattilaisjaakiekko","10":"tag-breaking-news","11":"tag-breakingnews","12":"tag-featured-news","13":"tag-featurednews","14":"tag-fi","15":"tag-finland","16":"tag-finnish","17":"tag-headlines","18":"tag-jaakiekko","19":"tag-latest-news","20":"tag-latestnews","21":"tag-main-news","22":"tag-mainnews","23":"tag-miesten-jaakiekko","24":"tag-news","25":"tag-otsikot","26":"tag-paauutiset","27":"tag-suomen-jaakiekko","28":"tag-suomi","29":"tag-talviurheilu","30":"tag-top-stories","31":"tag-topstories","32":"tag-uutiset"},"share_on_mastodon":{"url":"","error":""},"_links":{"self":[{"href":"https:\/\/www.europesays.com\/fi\/wp-json\/wp\/v2\/posts\/31125","targetHints":{"allow":["GET"]}}],"collection":[{"href":"https:\/\/www.europesays.com\/fi\/wp-json\/wp\/v2\/posts"}],"about":[{"href":"https:\/\/www.europesays.com\/fi\/wp-json\/wp\/v2\/types\/post"}],"author":[{"embeddable":true,"href":"https:\/\/www.europesays.com\/fi\/wp-json\/wp\/v2\/users\/2"}],"replies":[{"embeddable":true,"href":"https:\/\/www.europesays.com\/fi\/wp-json\/wp\/v2\/comments?post=31125"}],"version-history":[{"count":0,"href":"https:\/\/www.europesays.com\/fi\/wp-json\/wp\/v2\/posts\/31125\/revisions"}],"wp:featuredmedia":[{"embeddable":true,"href":"https:\/\/www.europesays.com\/fi\/wp-json\/wp\/v2\/media\/31126"}],"wp:attachment":[{"href":"https:\/\/www.europesays.com\/fi\/wp-json\/wp\/v2\/media?parent=31125"}],"wp:term":[{"taxonomy":"category","embeddable":true,"href":"https:\/\/www.europesays.com\/fi\/wp-json\/wp\/v2\/categories?post=31125"},{"taxonomy":"post_tag","embeddable":true,"href":"https:\/\/www.europesays.com\/fi\/wp-json\/wp\/v2\/tags?post=31125"}],"curies":[{"name":"wp","href":"https:\/\/api.w.org\/{rel}","templated":true}]}}