{"id":311268,"date":"2026-07-28T08:41:11","date_gmt":"2026-07-28T08:41:11","guid":{"rendered":"https:\/\/www.europesays.com\/fi\/311268\/"},"modified":"2026-07-28T08:41:11","modified_gmt":"2026-07-28T08:41:11","slug":"katja-stahl-paljastaa-muutto-yhteen-kumppanin-kanssa-ja-uudet-elamanvaiheet","status":"publish","type":"post","link":"https:\/\/www.europesays.com\/fi\/311268\/","title":{"rendered":"Katja St\u00e5hl paljastaa: Muutto yhteen kumppanin kanssa ja uudet el\u00e4m\u00e4nvaiheet"},"content":{"rendered":"<p>            Timo Korhonen\n        <\/p>\n<p class=\"subtitle \">Katjalla on suuria uutisia yksityisel\u00e4m\u00e4st\u00e4\u00e4n.<\/p>\n<p class=\"article-content article-content-width !bg-background\">Juontaja  kertoo <a href=\"https:\/\/podimo.com\/fi\/shows\/saatan-olla-vaarassakin\" target=\"_blank\" rel=\"nofollow noopener\">Saatan olla v\u00e4\u00e4r\u00e4ss\u00e4kin -podcastissa<\/a>\u00a0muuttaneensa kumppaninsa kanssa hiljattain yhteen.<\/p>\n<p class=\"font-weight-bold m-font-weight-bold article-content article-content-width !bg-background\">Katso my\u00f6s! Katja St\u00e5hl kertoo kes\u00e4m\u00f6kist\u00e4\u00e4n (2025):<\/p>\n<p class=\"article-content article-content-width !bg-background\">Katja kutsuu kumppaniaan lempinimell\u00e4 &#8221;Karhu&#8221;.<\/p>\n<p class=\"article-content article-content-width !bg-background\"> \u2013 Olen avovaimo, me ollaan Karhun kanssa muutettu yhteen, Katja iloitsee.<\/p>\n<p class=\"article-content article-content-width !bg-background\">Viime syksyn\u00e4 toisensa tavanneet Katja ja Karhu ovat Katjan mukaan viihtyneet alusta asti enemm\u00e4n h\u00e4nen luonaan Espoossa. Karhulla oli viel\u00e4 hetki sitten asunto Porvoossa, jossa kaksikko ei kuitenkaan viett\u00e4nyt l\u00e4hes laisinkaan aikaa.<\/p>\n<p>        <a itemprop=\"url\" href=\"https:\/\/www.seiska.fi\/katso\/uusi-kaanne-katja-stahlin-tilanteessa-nain-kay-elamani-biisin\/1979555\" rel=\"nofollow noopener\" target=\"_blank\"><\/p>\n<p>\nN\u00e4in k\u00e4y El\u00e4m\u00e4ni biisin\n<\/p>\n<p class=\"section-date\">\n        <strong class=\"article-section\" data-section=\"katso\"><br \/>\n            katso<br \/>\n        <\/strong><br \/>\n        31.10.2025 12:32\n    <\/p>\n<p>Uusi k\u00e4\u00e4nne Katja St\u00e5hlin tilanteessa \u2013 n\u00e4in k\u00e4y El\u00e4m\u00e4ni biisin\n    <\/p>\n<p itemprop=\"description\" class=\"subtitle \">\n    Suosikkiohjelman juontaja Katja St\u00e5hlia tuurasi viime viikolla Mikko Kuustonen ja Mikko Silvennoinen.\n<\/p>\n<p>        <\/a><\/p>\n<p class=\"article-content article-content-width !bg-background\"> \u2013 H\u00e4n hirvitt\u00e4v\u00e4n painokkaasti viel\u00e4 viime syksyn\u00e4 sanoi, ett\u00e4 &#8221;Porvoosta en luovu ikin\u00e4&#8221;, mink\u00e4 ymm\u00e4rr\u00e4n t\u00e4ysin. Se on aivan ihana.<\/p>\n<p class=\"article-content article-content-width !bg-background\">Lopulta kaksikko kuitenkin huomasi y\u00f6pyneens\u00e4 Karhun luona vain noin kerran kuukaudessa, ja p\u00e4\u00e4t\u00f6s Katjan luo muuttamisesta oli selke\u00e4.<\/p>\n<p class=\"article-content article-content-width !bg-background\"> \u2013 Yhten\u00e4 lauantaip\u00e4iv\u00e4n\u00e4 aurinko paistoi ja meik\u00e4l\u00e4inen pakkasi. Koin valtavaa tyydytyst\u00e4 kun pakkasin kaikki ihanasti j\u00e4rjestykseen, Katja kertoo.<\/p>\n<p>        <a itemprop=\"url\" href=\"https:\/\/www.seiska.fi\/kotimaa\/mitaah-katja-stahl-paljastaa-huvila-huussin-jattibudjetin-sain-monin-verroin-enemman\/1849623\" rel=\"nofollow noopener\" target=\"_blank\"><\/p>\n<p>\nHuvila &amp; Huussi\n<\/p>\n<p class=\"section-date\">\n        <strong class=\"article-section\" data-section=\"kotimaa\"><br \/>\n            kotimaa<br \/>\n        <\/strong><br \/>\n        1.7.2025 06:30\n    <\/p>\n<p>Mit\u00e4\u00e4h?! Katja St\u00e5hl paljastaa Huvila &amp; Huussin j\u00e4ttibudjetin \u2013 \u201dSain monin verroin enemm\u00e4n\u201d\n    <\/p>\n<p itemprop=\"description\" class=\"subtitle \">\n    \u2013 En ehk\u00e4 saisi kertoa t\u00e4t\u00e4, Katja tuumii kes\u00e4m\u00f6kill\u00e4\u00e4n Seiskalle.\n<\/p>\n<p>        <\/a><\/p>\n<p class=\"article-content article-content-width !bg-background\">Katja kertoo raivanneensa asunnostaan tilaa miehelle, vaikka paljoa h\u00e4n ei Katjan mukaan asunnosta tilaa vie.<\/p>\n<p class=\"article-content article-content-width !bg-background\"> \u2013 Me ollaan tosi onnellisia, Katja tunnustaa.<\/p>\n<p class=\"article-content article-content-width !bg-background\">Aiemmin avoimesti sinkkuel\u00e4m\u00e4n ja yksinolon ihanuuden puolesta liputtanut Katja julkisti uuden suhteensa podcastissa viime joulukuussa.<\/p>\n","protected":false},"excerpt":{"rendered":"Timo Korhonen Katjalla on suuria uutisia yksityisel\u00e4m\u00e4st\u00e4\u00e4n. Juontaja kertoo Saatan olla v\u00e4\u00e4r\u00e4ss\u00e4kin -podcastissa\u00a0muuttaneensa kumppaninsa kanssa hiljattain yhteen. Katso&hellip;\n","protected":false},"author":2,"featured_media":311269,"comment_status":"","ping_status":"","sticky":false,"template":"","format":"standard","meta":{"footnotes":"","_share_on_mastodon":"0"},"categories":[136],"tags":[407,137,400,33,31,30,408,882,2629,212,2923,620,32,109],"class_list":["post-311268","post","type-post","status-publish","format-standard","has-post-thumbnail","category-julkkikset","tag-celebrities","tag-entertainment","tag-espoo","tag-fi","tag-finland","tag-finnish","tag-julkkikset","tag-karhu","tag-katja-stahl","tag-lifestyle","tag-podcast","tag-porvoo","tag-suomi","tag-viihde"],"share_on_mastodon":{"url":"https:\/\/pubeurope.com\/@fi\/116996714415787034","error":""},"_links":{"self":[{"href":"https:\/\/www.europesays.com\/fi\/wp-json\/wp\/v2\/posts\/311268","targetHints":{"allow":["GET"]}}],"collection":[{"href":"https:\/\/www.europesays.com\/fi\/wp-json\/wp\/v2\/posts"}],"about":[{"href":"https:\/\/www.europesays.com\/fi\/wp-json\/wp\/v2\/types\/post"}],"author":[{"embeddable":true,"href":"https:\/\/www.europesays.com\/fi\/wp-json\/wp\/v2\/users\/2"}],"replies":[{"embeddable":true,"href":"https:\/\/www.europesays.com\/fi\/wp-json\/wp\/v2\/comments?post=311268"}],"version-history":[{"count":0,"href":"https:\/\/www.europesays.com\/fi\/wp-json\/wp\/v2\/posts\/311268\/revisions"}],"wp:featuredmedia":[{"embeddable":true,"href":"https:\/\/www.europesays.com\/fi\/wp-json\/wp\/v2\/media\/311269"}],"wp:attachment":[{"href":"https:\/\/www.europesays.com\/fi\/wp-json\/wp\/v2\/media?parent=311268"}],"wp:term":[{"taxonomy":"category","embeddable":true,"href":"https:\/\/www.europesays.com\/fi\/wp-json\/wp\/v2\/categories?post=311268"},{"taxonomy":"post_tag","embeddable":true,"href":"https:\/\/www.europesays.com\/fi\/wp-json\/wp\/v2\/tags?post=311268"}],"curies":[{"name":"wp","href":"https:\/\/api.w.org\/{rel}","templated":true}]}}