{"id":31131,"date":"2025-09-10T17:18:08","date_gmt":"2025-09-10T17:18:08","guid":{"rendered":"https:\/\/www.europesays.com\/fi\/31131\/"},"modified":"2025-09-10T17:18:08","modified_gmt":"2025-09-10T17:18:08","slug":"42-paivaa-ryypannyt-jouko-pisti-korkin-kiinni-oli-pakko","status":"publish","type":"post","link":"https:\/\/www.europesays.com\/fi\/31131\/","title":{"rendered":"42 p\u00e4iv\u00e4\u00e4 ryyp\u00e4nnyt Jouko pisti korkin kiinni: \u201dOli pakko\u201d"},"content":{"rendered":"<p>Rappiostriimaajana tunnettu Jouko \u201dPottukoira\u201d K\u00e4rkk\u00e4inen kertoo muuttuneista el\u00e4m\u00e4ntavoistaan Ukkola-ohjelmassa.<\/p>\n<p class=\"paragraph\">Rappiostriimaaja <strong>Jouko \u201dPottukoira\u201d K\u00e4rkk\u00e4inen<\/strong> nousi tunnetuksi kev\u00e4\u00e4ll\u00e4 2024 ryyp\u00e4tty\u00e4\u00e4n 42 p\u00e4iv\u00e4\u00e4 putkeen suorassa nettil\u00e4hetyksess\u00e4.<\/p>\n<p class=\"paragraph\">Pottukoira kertoo Ukkola-ohjelmassa laittaneensa \u201dkorkin kiinni\u201d.<\/p>\n<p class=\"paragraph\">\u2013 Terveys alkoi olla siin\u00e4 kunnossa, ett\u00e4 oli pakko. Paino nousi ja sykkeet olivat korkealla.<\/p>\n<p><img decoding=\"async\" class=\"image image-show image-preview\" src=\"https:\/\/www.europesays.com\/fi\/wp-content\/uploads\/2025\/09\/632dff40a9bf719582265752b30c15fa59d53571f79042072a8a738784083ee4.jpg\" alt=\"\"\/><img decoding=\"async\" class=\"image image-show\" src=\"https:\/\/www.europesays.com\/fi\/wp-content\/uploads\/2025\/09\/1757524688_565_632dff40a9bf719582265752b30c15fa59d53571f79042072a8a738784083ee4.jpg\" alt=\"\"\/><\/p>\n<p>Pottukoira on pudottanut painoaan. Maarit Pohjanpalo<\/p>\n<p class=\"paragraph\">Striimaajan mukaan my\u00f6s kiloja on karissut vy\u00f6t\u00e4r\u00f6lt\u00e4 uusien el\u00e4m\u00e4ntapojen my\u00f6t\u00e4.<\/p>\n<p class=\"paragraph\">\u2013 27 kiloa on pudonnut. Kyll\u00e4 min\u00e4 viel\u00e4 10 kiloa nipist\u00e4n pois, Pottukoira uhoaa.<\/p>\n<p class=\"paragraph\">Katso, miten Pottukoira puhuu poikkeuksellisesta ammatistaan, rahasta sek\u00e4 tulevaisuuden suunnitelmistaan Ukkola-ohjelmassa.<\/p>\n","protected":false},"excerpt":{"rendered":"Rappiostriimaajana tunnettu Jouko \u201dPottukoira\u201d K\u00e4rkk\u00e4inen kertoo muuttuneista el\u00e4m\u00e4ntavoistaan Ukkola-ohjelmassa. Rappiostriimaaja Jouko \u201dPottukoira\u201d K\u00e4rkk\u00e4inen nousi tunnetuksi kev\u00e4\u00e4ll\u00e4 2024 ryyp\u00e4tty\u00e4\u00e4n&hellip;\n","protected":false},"author":2,"featured_media":31132,"comment_status":"","ping_status":"","sticky":false,"template":"","format":"standard","meta":{"footnotes":""},"categories":[136],"tags":[35,407,137,33,31,30,1511,408,720,72,1616,979,32,78,109],"class_list":{"0":"post-31131","1":"post","2":"type-post","3":"status-publish","4":"format-standard","5":"has-post-thumbnail","7":"category-julkkikset","8":"tag-24h","9":"tag-celebrities","10":"tag-entertainment","11":"tag-fi","12":"tag-finland","13":"tag-finnish","14":"tag-joukkoviestinta","15":"tag-julkkikset","16":"tag-liiketoiminta-ja-rahoitus","17":"tag-luonto","18":"tag-media-viestinta","19":"tag-sahkoinen-media","20":"tag-suomi","21":"tag-talous","22":"tag-viihde"},"share_on_mastodon":{"url":"","error":""},"_links":{"self":[{"href":"https:\/\/www.europesays.com\/fi\/wp-json\/wp\/v2\/posts\/31131","targetHints":{"allow":["GET"]}}],"collection":[{"href":"https:\/\/www.europesays.com\/fi\/wp-json\/wp\/v2\/posts"}],"about":[{"href":"https:\/\/www.europesays.com\/fi\/wp-json\/wp\/v2\/types\/post"}],"author":[{"embeddable":true,"href":"https:\/\/www.europesays.com\/fi\/wp-json\/wp\/v2\/users\/2"}],"replies":[{"embeddable":true,"href":"https:\/\/www.europesays.com\/fi\/wp-json\/wp\/v2\/comments?post=31131"}],"version-history":[{"count":0,"href":"https:\/\/www.europesays.com\/fi\/wp-json\/wp\/v2\/posts\/31131\/revisions"}],"wp:featuredmedia":[{"embeddable":true,"href":"https:\/\/www.europesays.com\/fi\/wp-json\/wp\/v2\/media\/31132"}],"wp:attachment":[{"href":"https:\/\/www.europesays.com\/fi\/wp-json\/wp\/v2\/media?parent=31131"}],"wp:term":[{"taxonomy":"category","embeddable":true,"href":"https:\/\/www.europesays.com\/fi\/wp-json\/wp\/v2\/categories?post=31131"},{"taxonomy":"post_tag","embeddable":true,"href":"https:\/\/www.europesays.com\/fi\/wp-json\/wp\/v2\/tags?post=31131"}],"curies":[{"name":"wp","href":"https:\/\/api.w.org\/{rel}","templated":true}]}}