{"id":311330,"date":"2026-07-28T10:14:15","date_gmt":"2026-07-28T10:14:15","guid":{"rendered":"https:\/\/www.europesays.com\/fi\/311330\/"},"modified":"2026-07-28T10:14:15","modified_gmt":"2026-07-28T10:14:15","slug":"opettaja-kehuu-maahanmuuttajaperheen-sisukkuutta-rantauimakouluun-11-asteen-lampotilassa-etela-karjala","status":"publish","type":"post","link":"https:\/\/www.europesays.com\/fi\/311330\/","title":{"rendered":"Opettaja kehuu maahanmuuttaja\u00adperheen sisukkuutta: ranta\u00aduima\u00adkouluun 11 asteen l\u00e4mp\u00f6tilassa | Etel\u00e4-Karjala"},"content":{"rendered":"<ul class=\"aw__sc-1yb43iq-0 gFXHv yle__article__list yle__article__list--ul\">\n<li class=\"aw__sc-1yb43iq-1 gVAzbt\">Intialaisl\u00e4ht\u00f6inen perhe opetteli uimaan Imatralla poikkeuksellisen kovissa s\u00e4\u00e4olosuhteissa.<\/li>\n<li class=\"aw__sc-1yb43iq-1 gVAzbt\">Maahanmuuttajien uimataitoa vahvistetaan, koska useassa viime kes\u00e4n uimaonnettomuudessa oli osallisena maahanmuuttajataustainen lapsi.<\/li>\n<li class=\"aw__sc-1yb43iq-1 gVAzbt\">Suomessa koulutetaan maahanmuuttajataustaisia uimaopettajia viem\u00e4\u00e4n viesti\u00e4 uimataidon t\u00e4rkeydest\u00e4.<\/li>\n<\/ul>\n<p class=\"aw__sc-1qwuw0s-0 aw__sc-ngllmo-0 epAWpq fzYpjk yle__article__paragraph\">Hein\u00e4kuuhun on mahtunut viileit\u00e4 p\u00e4ivi\u00e4 Imatralla, kuten muuallakin Suomessa. Intialaisl\u00e4ht\u00f6inen perhe saapuu kuitenkin Raution uimarannalle hyv\u00e4ll\u00e4 tuulella.<\/p>\n<p class=\"aw__sc-1qwuw0s-0 aw__sc-ngllmo-0 epAWpq fzYpjk yle__article__paragraph\">Alkamassa on nelj\u00e4s uimaharjoituskerta, ja Immalanj\u00e4rven vesi on 18-asteista.<\/p>\n<p class=\"aw__sc-1qwuw0s-0 aw__sc-ngllmo-0 epAWpq fzYpjk yle__article__paragraph\">Kolmella ensimm\u00e4isell\u00e4 harjoituskerralla olosuhteet olivat viel\u00e4 karummat. Vastassa olivat kylm\u00e4 sade, hyyt\u00e4v\u00e4 tuuli ja vain 11-asteinen ilma.<\/p>\n<p class=\"aw__sc-1qwuw0s-0 aw__sc-ngllmo-0 epAWpq fzYpjk yle__article__paragraph\">Imatran kaupungin liikunnanohjaaja <strong class=\"aw__sc-ngllmo-2 gdRrun yle__article__strong\">Sanna Lairola<\/strong> toimii rantauimakoulussa opettajana. H\u00e4n kehuu perheen motivaatiota ja sitkeytt\u00e4 poikkeukselliseksi.<\/p>\n<p class=\"aw__sc-1qwuw0s-0 aw__sc-ngllmo-0 epAWpq fzYpjk yle__article__paragraph\">\u2013 Moni kantasuomalainen kielt\u00e4ytyisi menem\u00e4st\u00e4 veteen, mutta t\u00e4m\u00e4 perhe on jo oppinut valtavasti asioita, kehuu Lairola.<\/p>\n<p><img decoding=\"async\" alt=\"Kaksi henkil\u00f6\u00e4 on j\u00e4rvivedess\u00e4. Toinen ui vedess\u00e4 ja toinen seisoo vedess\u00e4 katsellen h\u00e4nt\u00e4.\" src=\"https:\/\/www.europesays.com\/fi\/wp-content\/uploads\/2026\/07\/1784874078.jpeg\" loading=\"lazy\" class=\"aw__sc-dklauk-0 LPzKX\"\/><\/p>\n<p>Avaa kuvien katselu<\/p>\n<p>Uimaopettaja Sanna Lairola varmistaa, ett\u00e4 sukeltaminen ja liuku alkavat sujua oikeaoppisesti. Kuva: Tiina Jutila \/ YleEroon peloista<\/p>\n<p class=\"aw__sc-1qwuw0s-0 aw__sc-ngllmo-0 epAWpq fzYpjk yle__article__paragraph\">Suomessa ei ole t\u00e4n\u00e4k\u00e4\u00e4n kes\u00e4n\u00e4 v\u00e4ltytty <a class=\"aw__sc-ngllmo-1 bTDnwX yle__article__link\" href=\"https:\/\/yle.fi\/a\/74-20237042\" role=\"link\" rel=\"nofollow noopener\" target=\"_blank\">hukkumiskuolemilta<\/a>. Vaikka suurin osa hukkuneista on kantasuomalaisia, useassa viime kes\u00e4n uimaonnettomuudessa oli <a class=\"aw__sc-ngllmo-1 bTDnwX yle__article__link\" href=\"https:\/\/yle.fi\/a\/74-20226809\" role=\"link\" rel=\"nofollow noopener\" target=\"_blank\">osallisena maahanmuuttajataustainen lapsi<\/a>.<\/p>\n<p class=\"aw__sc-1qwuw0s-0 aw__sc-ngllmo-0 epAWpq fzYpjk yle__article__paragraph\">Jo aiemmin huolta on her\u00e4tt\u00e4nyt <a class=\"aw__sc-ngllmo-1 bTDnwX yle__article__link\" href=\"https:\/\/yle.fi\/a\/74-20172894\" role=\"link\" rel=\"nofollow noopener\" target=\"_blank\">maahanmuuttajien riitt\u00e4m\u00e4t\u00f6n uimataito<\/a> ja kokemattomuus toimia veden \u00e4\u00e4rell\u00e4.<\/p>\n<p class=\"aw__sc-1qwuw0s-0 aw__sc-ngllmo-0 epAWpq fzYpjk yle__article__paragraph\">Liikunnanohjaaja Sanna Lairolan kokemuksen mukaan monilla maahanmuuttajilla on vahva motivaatio oppia uimaan. Heill\u00e4 saattaa olla veteen liittyvi\u00e4 huonoja kokemuksia ja pelkoja, joista he haluavat eroon.<\/p>\n<p class=\"aw__sc-1qwuw0s-0 aw__sc-ngllmo-0 epAWpq fzYpjk yle__article__paragraph\">\u2013 Me opettajat annamme apuja, rohkaisua ja luottamusta oppimiseen, mutta oppiminen l\u00e4htee itsest\u00e4, Lairola sanoo.<\/p>\n<p class=\"aw__sc-1qwuw0s-0 aw__sc-ngllmo-0 epAWpq fzYpjk yle__article__paragraph\">Viranomaiset ovat vaatineet uimarantojen valvonnan, <a class=\"aw__sc-ngllmo-1 bTDnwX yle__article__link\" href=\"https:\/\/yle.fi\/a\/74-20172910\" role=\"link\" rel=\"nofollow noopener\" target=\"_blank\">vanhempien vastuun<\/a>, yleisen vesiturvallisuuden sek\u00e4 erityisesti maahanmuuttajien uimataidon vahvistamista.<\/p>\n<p>Lapsi motivoi vanhempiaan<\/p>\n<p class=\"aw__sc-1qwuw0s-0 aw__sc-ngllmo-0 epAWpq fzYpjk yle__article__paragraph\">Koneinsin\u00f6\u00f6rin\u00e4 ty\u00f6skentelev\u00e4 <strong class=\"aw__sc-ngllmo-2 gdRrun yle__article__strong\">Mohanan Manu<\/strong> ja h\u00e4nen vaimonsa <strong class=\"aw__sc-ngllmo-2 gdRrun yle__article__strong\">Anjali Devi Mini Gopakumar<\/strong> muuttivat kolme vuotta sitten Suomeen. Perheen is\u00e4 <strong class=\"aw__sc-ngllmo-2 gdRrun yle__article__strong\">Mohanan Manu<\/strong> kertoo p\u00e4\u00e4tyneens\u00e4 uimakouluun vaimonsa kanssa vahingossa.<\/p>\n<p class=\"aw__sc-1qwuw0s-0 aw__sc-ngllmo-0 epAWpq fzYpjk yle__article__paragraph\">Manu etsi 8-vuotiaalle pojalleen <strong class=\"aw__sc-ngllmo-2 gdRrun yle__article__strong\">Advikille<\/strong> uimakoulua, ja Imatran liikuntapalvelut suositteli koko perheen osallistumista. Alun j\u00e4nnitys on vaihtunut intoon oppia lis\u00e4\u00e4.<\/p>\n<p class=\"aw__sc-1qwuw0s-0 aw__sc-ngllmo-0 epAWpq fzYpjk yle__article__paragraph\">Nyt perhe on oppinut jo liikkumaan vedess\u00e4 laudan ja muiden apuv\u00e4lineiden avulla, pist\u00e4m\u00e4\u00e4n p\u00e4\u00e4n veteen ja sukeltamaan sek\u00e4 ennen kaikkea luottamaan veteen.<\/p>\n<p class=\"aw__sc-1qwuw0s-0 aw__sc-ngllmo-0 epAWpq fzYpjk yle__article__paragraph\">Lairola kertoo, ett\u00e4 usein maahanmuuttajataustainen lapsi saattaa oppia uimaan nopeammin kuin vanhempansa.<\/p>\n<p class=\"aw__sc-1qwuw0s-0 aw__sc-ngllmo-0 epAWpq fzYpjk yle__article__paragraph\">\u2013 T\u00e4ss\u00e4 perheess\u00e4 on ehk\u00e4 ollut v\u00e4h\u00e4n eri tilanne. Aikuiset ovat ottaneet t\u00e4m\u00e4n tosissaan, ett\u00e4 nyt t\u00e4ytyy oikeasti oppia ehk\u00e4 my\u00f6s lapsen hyv\u00e4ksi, Lairola kertoo.<\/p>\n<p><img decoding=\"async\" alt=\"Kaksi aikuista ja lapsi riviss\u00e4 j\u00e4rvivedess\u00e4.\" src=\"https:\/\/www.europesays.com\/fi\/wp-content\/uploads\/2026\/07\/1784872956.jpeg\" loading=\"lazy\" class=\"aw__sc-dklauk-0 LPzKX\"\/><\/p>\n<p>Avaa kuvien katselu<\/p>\n<p>Kolme vuotta Etel\u00e4-Karjalassa asuneet Mohanan Manu (vas.), Advik Manu ja Anjali Devi Mini Gopakumar l\u00e4htiv\u00e4t rantauimakouluun yhdess\u00e4. Kuva: Tiina Jutila \/ YleYhdess\u00e4 uimaan<\/p>\n<p class=\"aw__sc-1qwuw0s-0 aw__sc-ngllmo-0 epAWpq fzYpjk yle__article__paragraph\">Anjali Devi Mini Gopakumar kertoo haluavansa jatkaa uintiharrastusta ja oppia lis\u00e4\u00e4.<\/p>\n<p class=\"aw__sc-1qwuw0s-0 aw__sc-ngllmo-0 epAWpq fzYpjk yle__article__paragraph\">\u2013 Intiassa muita kuin vesist\u00f6jen \u00e4\u00e4rell\u00e4 asuvia varoitetaan usein vedest\u00e4. Seuraavan kerran, kun menemme Intiaan, muut n\u00e4kev\u00e4t, ett\u00e4 osaammekin uida, h\u00e4n iloitsee.<\/p>\n<p class=\"aw__sc-1qwuw0s-0 aw__sc-ngllmo-0 epAWpq fzYpjk yle__article__paragraph\">Monia maahanmuuttajataustaisia vanhempia motivoi halu p\u00e4\u00e4st\u00e4 uimaan yhdess\u00e4 lasten kanssa. He haluavat vied\u00e4 lapsensa uimakouluun, jotta he oppisivat taidon, joka vanhemmilta itselt\u00e4\u00e4n puuttuu.<\/p>\n<p class=\"aw__sc-1qwuw0s-0 aw__sc-ngllmo-0 epAWpq fzYpjk yle__article__paragraph\">\u2013 Viel\u00e4 muutama p\u00e4iv\u00e4 sitten katselimme j\u00e4rve\u00e4 rannalta, emmek\u00e4 ikin\u00e4 uskoneet, ett\u00e4 veteen menty\u00e4mme olo olisi niin mahtava. Uiminen on my\u00f6s erinomaista liikuntaa, joka pit\u00e4\u00e4 terveen\u00e4 ja aktiivisena, Mohanan Manu hymyilee.<\/p>\n<p><img decoding=\"async\" alt=\"Uintilakkiin ja uimalaseihin pukeutunut henkil\u00f6 ui vedess\u00e4, toinen henkil\u00f6 ojentaa k\u00e4tt\u00e4\u00e4n kohti uimaria.\" src=\"https:\/\/www.europesays.com\/fi\/wp-content\/uploads\/2026\/07\/1784818116.jpeg\" class=\"aw__sc-dklauk-0 LPzKX\"\/><\/p>\n<p>Avaa kuvien katselu<\/p>\n<p><img decoding=\"async\" alt=\"Jalkater\u00e4 n\u00e4kyy veden pinnalla roiskeiden keskell\u00e4.\" src=\"https:\/\/www.europesays.com\/fi\/wp-content\/uploads\/2026\/07\/1784874122.jpeg\" class=\"aw__sc-dklauk-0 LPzKX\"\/><\/p>\n<p>Avaa kuvien katselu<\/p>\n<p><img decoding=\"async\" alt=\"Henkil\u00f6 ui vedess\u00e4 kasvot veden pinnan alla.\" src=\"https:\/\/www.europesays.com\/fi\/wp-content\/uploads\/2026\/07\/1784873666.jpeg\" class=\"aw__sc-dklauk-0 LPzKX\"\/><\/p>\n<p>Avaa kuvien katselu<\/p>\n<p><img decoding=\"async\" alt=\"Henkil\u00f6 seisoo vedess\u00e4.\" src=\"https:\/\/www.europesays.com\/fi\/wp-content\/uploads\/2026\/07\/1784873973.jpeg\" class=\"aw__sc-dklauk-0 LPzKX\"\/><\/p>\n<p>Avaa kuvien katselu<\/p>\n<p>Uimataito paremmaksi<\/p>\n<p class=\"aw__sc-1qwuw0s-0 aw__sc-ngllmo-0 epAWpq fzYpjk yle__article__paragraph\">Suomen uimaopetus- ja hengenpelastusliiton toiminnanjohtaja <strong class=\"aw__sc-ngllmo-2 gdRrun yle__article__strong\">Kristiina Heinonen<\/strong> kertoo, ett\u00e4 noin 16 prosenttia alakouluik\u00e4isist\u00e4 lapsista on osallistunut uimakouluihin. My\u00f6s maahanmuuttajalapset ovat osallistuneet niihin jo pidemm\u00e4n aikaa.<\/p>\n<p class=\"aw__sc-1qwuw0s-0 aw__sc-ngllmo-0 epAWpq fzYpjk yle__article__paragraph\">Valtakunnallisesti kuudesluokkalaisista 55 prosenttia on uimataitoisia. M\u00e4\u00e4r\u00e4 on laskenut selv\u00e4sti vuodesta 2016, jolloin uimataitoisia kuudesluokkalaisia oli 76 prosenttia.<\/p>\n<p class=\"aw__sc-1qwuw0s-0 aw__sc-ngllmo-0 epAWpq fzYpjk yle__article__paragraph\">Maahanmuuttajataustaisten lasten uimataidosta ei ole tutkittua tietoa.<\/p>\n<p><img decoding=\"async\" alt=\"Uimalaseihin pukeutunut henkil\u00f6 seisoo vedess\u00e4 ja nostaa ilmaan vesilelua.\" src=\"https:\/\/www.europesays.com\/fi\/wp-content\/uploads\/2026\/07\/1784874027.jpeg\" loading=\"lazy\" class=\"aw__sc-dklauk-0 LPzKX\"\/><\/p>\n<p>Avaa kuvien katselu<\/p>\n<p>Uimaan opittuaan Anjali Devi Mini Gopakumar aikoo tutustua kaikkiin Suomen j\u00e4rviin. Kuva: Tiina Jutila \/ YleT\u00e4rke\u00e4t vesiturvallisuusl\u00e4hettil\u00e4\u00e4t<\/p>\n<p class=\"aw__sc-1qwuw0s-0 aw__sc-ngllmo-0 epAWpq fzYpjk yle__article__paragraph\">Suomessa uimaopettajat houkuttelevat maahanmuuttajia uimataidon opetteluun esimerkiksi kotoutumis- ja vastaanottokeskusten kautta. My\u00f6s suomen kielen opettajat kertovat l\u00e4himmist\u00e4 uimahalleista, joissa saa uimaopetusta<\/p>\n<p class=\"aw__sc-1qwuw0s-0 aw__sc-ngllmo-0 epAWpq fzYpjk yle__article__paragraph\">Toiminnanjohtaja Kristiina Heinonen kertoo, ett\u00e4 \u00e4idin uimataidolla on merkityst\u00e4 lasten uimataidolle. Mit\u00e4 parempi on \u00e4idin uimataito, sit\u00e4 todenn\u00e4k\u00f6isemmin my\u00f6s perheen lapset osaavat uida.<\/p>\n<p class=\"aw__sc-1qwuw0s-0 aw__sc-ngllmo-0 epAWpq fzYpjk yle__article__paragraph\">Suomen uimaopetus- ja hengenpelastusliitto kouluttaa maahanmuuttajaj\u00e4rjest\u00f6jen kanssa maahanmuuttajataustaisia uimaopettajia ja uinninvalvojia.<\/p>\n<p class=\"aw__sc-1qwuw0s-0 aw__sc-ngllmo-0 epAWpq fzYpjk yle__article__paragraph\">\u2013 Eri kulttuuritaustan omaavien vesiturvallisuusl\u00e4hettil\u00e4iden rooli on merkitt\u00e4v\u00e4. He viev\u00e4t viesti\u00e4 uimataidon t\u00e4rkeydest\u00e4 eteenp\u00e4in omissa yhteis\u00f6iss\u00e4\u00e4n, yleis\u00f6tapahtumissa tai kotoutumiskoulutuksen osana, Heinonen kertoo.<\/p>\n","protected":false},"excerpt":{"rendered":"Intialaisl\u00e4ht\u00f6inen perhe opetteli uimaan Imatralla poikkeuksellisen kovissa s\u00e4\u00e4olosuhteissa. Maahanmuuttajien uimataitoa vahvistetaan, koska useassa viime kes\u00e4n uimaonnettomuudessa oli osallisena&hellip;\n","protected":false},"author":2,"featured_media":311331,"comment_status":"","ping_status":"","sticky":false,"template":"","format":"standard","meta":{"footnotes":"","_share_on_mastodon":"0"},"categories":[5],"tags":[22,23,1302,26,27,33,31,30,17,840,736,40075,40074,71,8114,24,25,8115,3244,28,29,15,18,21,32,19,20,40073,4312,16],"class_list":["post-311330","post","type-post","status-publish","format-standard","has-post-thumbnail","category-otsikot","tag-breaking-news","tag-breakingnews","tag-etela-karjala","tag-featured-news","tag-featurednews","tag-fi","tag-finland","tag-finnish","tag-headlines","tag-hukkuminen","tag-imatra","tag-immalanjarvi","tag-kansalaistaito","tag-kotimaa","tag-kotouttaminen","tag-latest-news","tag-latestnews","tag-maahanmuuttajat","tag-maahanmuutto","tag-main-news","tag-mainnews","tag-news","tag-otsikot","tag-paauutiset","tag-suomi","tag-top-stories","tag-topstories","tag-uimataito","tag-uinti","tag-uutiset"],"share_on_mastodon":{"url":"https:\/\/pubeurope.com\/@fi\/116997080117245146","error":""},"_links":{"self":[{"href":"https:\/\/www.europesays.com\/fi\/wp-json\/wp\/v2\/posts\/311330","targetHints":{"allow":["GET"]}}],"collection":[{"href":"https:\/\/www.europesays.com\/fi\/wp-json\/wp\/v2\/posts"}],"about":[{"href":"https:\/\/www.europesays.com\/fi\/wp-json\/wp\/v2\/types\/post"}],"author":[{"embeddable":true,"href":"https:\/\/www.europesays.com\/fi\/wp-json\/wp\/v2\/users\/2"}],"replies":[{"embeddable":true,"href":"https:\/\/www.europesays.com\/fi\/wp-json\/wp\/v2\/comments?post=311330"}],"version-history":[{"count":0,"href":"https:\/\/www.europesays.com\/fi\/wp-json\/wp\/v2\/posts\/311330\/revisions"}],"wp:featuredmedia":[{"embeddable":true,"href":"https:\/\/www.europesays.com\/fi\/wp-json\/wp\/v2\/media\/311331"}],"wp:attachment":[{"href":"https:\/\/www.europesays.com\/fi\/wp-json\/wp\/v2\/media?parent=311330"}],"wp:term":[{"taxonomy":"category","embeddable":true,"href":"https:\/\/www.europesays.com\/fi\/wp-json\/wp\/v2\/categories?post=311330"},{"taxonomy":"post_tag","embeddable":true,"href":"https:\/\/www.europesays.com\/fi\/wp-json\/wp\/v2\/tags?post=311330"}],"curies":[{"name":"wp","href":"https:\/\/api.w.org\/{rel}","templated":true}]}}