{"id":311376,"date":"2026-07-28T11:32:16","date_gmt":"2026-07-28T11:32:16","guid":{"rendered":"https:\/\/www.europesays.com\/fi\/311376\/"},"modified":"2026-07-28T11:32:16","modified_gmt":"2026-07-28T11:32:16","slug":"mantsalassa-palaa-autoliike-mantsalan-keskustaan-vaaratiedote-kotimaa","status":"publish","type":"post","link":"https:\/\/www.europesays.com\/fi\/311376\/","title":{"rendered":"M\u00e4nts\u00e4l\u00e4ss\u00e4 palaa autoliike \u2013 M\u00e4nts\u00e4l\u00e4n keskustaan vaaratiedote | Kotimaa"},"content":{"rendered":"<p class=\"aw__sc-1qwuw0s-0 aw__sc-1vg2sqm-0 epAWpq ecELkD yle__article__paragraph\">M\u00e4nts\u00e4l\u00e4ss\u00e4 sammutetaan  autoliikkeen tulipaloa.<\/p>\n<p><img decoding=\"async\" alt=\"Rakennuksesta nousee savua, pihalla on pelastusajoneuvoja.\" src=\"https:\/\/www.europesays.com\/fi\/wp-content\/uploads\/2026\/07\/1785237136.jpeg\" class=\"aw__sc-dklauk-0 LPzKX\"\/><\/p>\n<p>Avaa kuvien katselu<\/p>\n<p>Tulipalosta nousee sankkaa savua. Kuva: Mika J\u00e4\u00e4skel\u00e4inen<\/p>\n<p>14:06\u2022P\u00e4ivitetty 14:14<\/p>\n<p class=\"aw__sc-1qwuw0s-0 aw__sc-ngllmo-0 epAWpq fzYpjk yle__article__paragraph\">M\u00e4nts\u00e4l\u00e4ss\u00e4 Keski-Uudellamaalla on syttynyt suuri tulipalo teollisuusalueella. Pelastuslaitos sai h\u00e4lytyksen osoitteeseen P\u00e4iv\u00e4rinteenpolku iltap\u00e4iv\u00e4ll\u00e4. Paikalle l\u00e4hetettiin 17 pelastuslaitoksen yksikk\u00f6\u00e4.<\/p>\n<p class=\"aw__sc-1qwuw0s-0 aw__sc-ngllmo-0 epAWpq fzYpjk yle__article__paragraph\">Tulessa on kaksikerroksinen rakennus. Sammutusty\u00f6t ovat kesken. Pelastuslaitoksen tiedossa ei ole henkil\u00f6vahinkoja.<\/p>\n<p class=\"aw__sc-1qwuw0s-0 aw__sc-ngllmo-0 epAWpq fzYpjk yle__article__paragraph\">M\u00e4nts\u00e4l\u00e4n keskustan alueelle annetaan vaaratiedote palosta syntyv\u00e4n savun takia. Ihmisi\u00e4 kehotetaan tarvittaessa pys\u00e4ytt\u00e4m\u00e4\u00e4n ilmanvaihto ja suojautumaan sis\u00e4lle.<\/p>\n<p><img decoding=\"async\" alt=\"Kartta n\u00e4ytt\u00e4\u00e4 suuren tulipalon sijainnin M\u00e4nts\u00e4l\u00e4ss\u00e4.\" src=\"https:\/\/www.europesays.com\/fi\/wp-content\/uploads\/2026\/07\/1785236910.jpeg\" loading=\"lazy\" class=\"aw__sc-dklauk-0 LPzKX\"\/><\/p>\n<p>Avaa kuvien katselu<\/p>\n<p>Kuva: Teemu Kammonen \/ Yle, Mapcreator, Openstreetmap<\/p>\n<p class=\"aw__sc-1qwuw0s-0 aw__sc-ngllmo-0 epAWpq fzYpjk yle__article__paragraph\">Uutinen p\u00e4ivittyy.<\/p>\n","protected":false},"excerpt":{"rendered":"M\u00e4nts\u00e4l\u00e4ss\u00e4 sammutetaan autoliikkeen tulipaloa. Avaa kuvien katselu Tulipalosta nousee sankkaa savua. Kuva: Mika J\u00e4\u00e4skel\u00e4inen 14:06\u2022P\u00e4ivitetty 14:14 M\u00e4nts\u00e4l\u00e4ss\u00e4 Keski-Uudellamaalla&hellip;\n","protected":false},"author":2,"featured_media":311377,"comment_status":"","ping_status":"","sticky":false,"template":"","format":"standard","meta":{"footnotes":"","_share_on_mastodon":"0"},"categories":[5],"tags":[22,23,26,27,33,31,30,17,7085,71,24,25,28,29,2370,15,837,18,21,32,19,20,1265,1168,16],"class_list":["post-311376","post","type-post","status-publish","format-standard","has-post-thumbnail","category-otsikot","tag-breaking-news","tag-breakingnews","tag-featured-news","tag-featurednews","tag-fi","tag-finland","tag-finnish","tag-headlines","tag-keski-uusimaa","tag-kotimaa","tag-latest-news","tag-latestnews","tag-main-news","tag-mainnews","tag-mantsala","tag-news","tag-onnettomuudet","tag-otsikot","tag-paauutiset","tag-suomi","tag-top-stories","tag-topstories","tag-tulipalot","tag-uusimaa","tag-uutiset"],"share_on_mastodon":{"url":"https:\/\/pubeurope.com\/@fi\/116997386912593824","error":""},"_links":{"self":[{"href":"https:\/\/www.europesays.com\/fi\/wp-json\/wp\/v2\/posts\/311376","targetHints":{"allow":["GET"]}}],"collection":[{"href":"https:\/\/www.europesays.com\/fi\/wp-json\/wp\/v2\/posts"}],"about":[{"href":"https:\/\/www.europesays.com\/fi\/wp-json\/wp\/v2\/types\/post"}],"author":[{"embeddable":true,"href":"https:\/\/www.europesays.com\/fi\/wp-json\/wp\/v2\/users\/2"}],"replies":[{"embeddable":true,"href":"https:\/\/www.europesays.com\/fi\/wp-json\/wp\/v2\/comments?post=311376"}],"version-history":[{"count":0,"href":"https:\/\/www.europesays.com\/fi\/wp-json\/wp\/v2\/posts\/311376\/revisions"}],"wp:featuredmedia":[{"embeddable":true,"href":"https:\/\/www.europesays.com\/fi\/wp-json\/wp\/v2\/media\/311377"}],"wp:attachment":[{"href":"https:\/\/www.europesays.com\/fi\/wp-json\/wp\/v2\/media?parent=311376"}],"wp:term":[{"taxonomy":"category","embeddable":true,"href":"https:\/\/www.europesays.com\/fi\/wp-json\/wp\/v2\/categories?post=311376"},{"taxonomy":"post_tag","embeddable":true,"href":"https:\/\/www.europesays.com\/fi\/wp-json\/wp\/v2\/tags?post=311376"}],"curies":[{"name":"wp","href":"https:\/\/api.w.org\/{rel}","templated":true}]}}