{"id":311394,"date":"2026-07-28T12:16:09","date_gmt":"2026-07-28T12:16:09","guid":{"rendered":"https:\/\/www.europesays.com\/fi\/311394\/"},"modified":"2026-07-28T12:16:09","modified_gmt":"2026-07-28T12:16:09","slug":"blade-runner-2099-sai-ensimmaisen-trailerin-sarja-alkaa-prime-videossa-marraskuussa","status":"publish","type":"post","link":"https:\/\/www.europesays.com\/fi\/311394\/","title":{"rendered":"Blade Runner 2099 sai ensimm\u00e4isen trailerin \u2013 Sarja alkaa Prime Videossa marraskuussa"},"content":{"rendered":"<p>Blade Runner 2099 -sarja alkaa marraskuussa Prime Videossa.<\/p>\n<p>Amazon julkaisi viime viikolla ensimm\u00e4iset kuvat Prime Videoon tulossa olevasta <a href=\"https:\/\/muropaketti.com\/avainsana\/blade-runner-2099\/\" rel=\"nofollow noopener\" target=\"_blank\">Blade Runner 2099<\/a> -sarjastaan. Viikonloppuna siit\u00e4 julkaistiin my\u00f6s ensimm\u00e4inen traileri, ja my\u00f6s sarjan julkaisup\u00e4iv\u00e4 on nyt paljastettu.<\/p>\n<p>Blade Runner 2099 alkaa Prime Videossa 25. marraskuuta.<\/p>\n<p>Sarjan p\u00e4\u00e4osia n\u00e4yttelev\u00e4t Michelle Yeoh ja Hunter Schafer. Muissa rooleissa n\u00e4hd\u00e4\u00e4n muun muassa Tom Burke, Dimitri Abold, Lewis Gribben, Johnny Harris ja Wil Coban.<\/p>\n<p>Virallinen juonikuvaus kertoo sarjasta vapaasti suomennettuna n\u00e4in:<\/p>\n<p>\u201dViisikymment\u00e4 vuotta Blade Runner 2049:n tapahtumien j\u00e4lkeen Los Angeles on syntynyt uudelleen, mutta ei ihmiskunnan voimin. Cora on pakolainen, joka yritt\u00e4\u00e4 viimeinkin lopettaa pakenemisensa ja ottaa itselleen identiteetin: Blade Runnerin. Pakotettuna tekem\u00e4\u00e4n yhteisty\u00f6t\u00e4 Olwenin, replikantin, kanssa, h\u00e4n jahtaa karkuria, joka kantaa salaisuutta, joka voisi romuttaa heid\u00e4n hauraan kaupunkinsa.\u201d<\/p>\n<p>Sarjan showrunnerina toimii Silka Luisa. Ridley Scott on mukana yhten\u00e4 vastaavista tuottajista.<\/p>\n","protected":false},"excerpt":{"rendered":"Blade Runner 2099 -sarja alkaa marraskuussa Prime Videossa. Amazon julkaisi viime viikolla ensimm\u00e4iset kuvat Prime Videoon tulossa olevasta&hellip;\n","protected":false},"author":2,"featured_media":311395,"comment_status":"","ping_status":"","sticky":false,"template":"","format":"standard","meta":{"footnotes":"","_share_on_mastodon":"0"},"categories":[131],"tags":[6069,5904,155,2873,137,33,173,31,30,172,175,1369,32,109],"class_list":["post-311394","post","type-post","status-publish","format-standard","has-post-thumbnail","category-elokuvat","tag-blade-runner","tag-blade-runner-2099","tag-elokuvat","tag-elokuvatrailerit","tag-entertainment","tag-fi","tag-film","tag-finland","tag-finnish","tag-movies","tag-prime-video","tag-sarjat","tag-suomi","tag-viihde"],"share_on_mastodon":{"url":"","error":""},"_links":{"self":[{"href":"https:\/\/www.europesays.com\/fi\/wp-json\/wp\/v2\/posts\/311394","targetHints":{"allow":["GET"]}}],"collection":[{"href":"https:\/\/www.europesays.com\/fi\/wp-json\/wp\/v2\/posts"}],"about":[{"href":"https:\/\/www.europesays.com\/fi\/wp-json\/wp\/v2\/types\/post"}],"author":[{"embeddable":true,"href":"https:\/\/www.europesays.com\/fi\/wp-json\/wp\/v2\/users\/2"}],"replies":[{"embeddable":true,"href":"https:\/\/www.europesays.com\/fi\/wp-json\/wp\/v2\/comments?post=311394"}],"version-history":[{"count":0,"href":"https:\/\/www.europesays.com\/fi\/wp-json\/wp\/v2\/posts\/311394\/revisions"}],"wp:featuredmedia":[{"embeddable":true,"href":"https:\/\/www.europesays.com\/fi\/wp-json\/wp\/v2\/media\/311395"}],"wp:attachment":[{"href":"https:\/\/www.europesays.com\/fi\/wp-json\/wp\/v2\/media?parent=311394"}],"wp:term":[{"taxonomy":"category","embeddable":true,"href":"https:\/\/www.europesays.com\/fi\/wp-json\/wp\/v2\/categories?post=311394"},{"taxonomy":"post_tag","embeddable":true,"href":"https:\/\/www.europesays.com\/fi\/wp-json\/wp\/v2\/tags?post=311394"}],"curies":[{"name":"wp","href":"https:\/\/api.w.org\/{rel}","templated":true}]}}