{"id":31147,"date":"2025-09-10T17:41:07","date_gmt":"2025-09-10T17:41:07","guid":{"rendered":"https:\/\/www.europesays.com\/fi\/31147\/"},"modified":"2025-09-10T17:41:07","modified_gmt":"2025-09-10T17:41:07","slug":"kaapeleita-katkaistu-punaisellamerella-internet-hidastunut-monessa-maassa-uutisia-lyhyesti-2","status":"publish","type":"post","link":"https:\/\/www.europesays.com\/fi\/31147\/","title":{"rendered":"Kaapeleita katkaistu Punaisellamerell\u00e4 \u2013 internet hidastunut monessa maassa | Uutisia lyhyesti"},"content":{"rendered":"<p class=\"aw-1gybjub aw-1p7kakr cmIuaG fmSRng yle__article__paragraph\">Kuubassa oli keskiviikkona meneill\u00e4\u00e4n koko maan kattava s\u00e4hk\u00f6katkos, kertoi maan energiaministeri\u00f6. Kyseess\u00e4 on jo viides kerta vuoden sis\u00e4\u00e4n, kun s\u00e4hk\u00f6t katkesivat koko saarelta.<\/p>\n<p class=\"aw-1gybjub aw-1p7kakr cmIuaG fmSRng yle__article__paragraph\">Ministeri\u00f6n mukaan maan suurin l\u00e4mp\u00f6voimalaitos lakkasi odottamatta toimimasta, mik\u00e4 saattoi johtaa koko s\u00e4hk\u00f6verkon kaatumiseen.<\/p>\n<p class=\"aw-1gybjub aw-1p7kakr cmIuaG fmSRng yle__article__paragraph\">Monet Kuuban voimalaitoksista ovat yli 40 vuotta vanhoja, ja ne ovat reistailleet aiemminkin. Kuuba on k\u00e4rsinyt energiakriisist\u00e4 jo useita vuosia, ja maassa on s\u00e4hk\u00f6katkoja p\u00e4ivitt\u00e4in. Tilannetta pahentaa polttoainepula.<\/p>\n<p class=\"aw-1gybjub aw-1p7kakr cmIuaG fmSRng yle__article__paragraph\">Viime lokakuussa koko maan kattava s\u00e4hk\u00f6katkos kesti useita p\u00e4ivi\u00e4. S\u00e4hk\u00f6katkoksien vuoksi Kuubassa on osoitettu mielt\u00e4 maan johtoa vastaan, mik\u00e4 on harvinaista.<\/p>\n","protected":false},"excerpt":{"rendered":"Kuubassa oli keskiviikkona meneill\u00e4\u00e4n koko maan kattava s\u00e4hk\u00f6katkos, kertoi maan energiaministeri\u00f6. Kyseess\u00e4 on jo viides kerta vuoden sis\u00e4\u00e4n,&hellip;\n","protected":false},"author":2,"featured_media":74,"comment_status":"","ping_status":"","sticky":false,"template":"","format":"standard","meta":{"footnotes":""},"categories":[87],"tags":[33,31,30,148,32,91,92],"class_list":{"0":"post-31147","1":"post","2":"type-post","3":"status-publish","4":"format-standard","5":"has-post-thumbnail","7":"category-internet","8":"tag-fi","9":"tag-finland","10":"tag-finnish","11":"tag-internet","12":"tag-suomi","13":"tag-technology","14":"tag-teknologia"},"share_on_mastodon":{"url":"","error":""},"_links":{"self":[{"href":"https:\/\/www.europesays.com\/fi\/wp-json\/wp\/v2\/posts\/31147","targetHints":{"allow":["GET"]}}],"collection":[{"href":"https:\/\/www.europesays.com\/fi\/wp-json\/wp\/v2\/posts"}],"about":[{"href":"https:\/\/www.europesays.com\/fi\/wp-json\/wp\/v2\/types\/post"}],"author":[{"embeddable":true,"href":"https:\/\/www.europesays.com\/fi\/wp-json\/wp\/v2\/users\/2"}],"replies":[{"embeddable":true,"href":"https:\/\/www.europesays.com\/fi\/wp-json\/wp\/v2\/comments?post=31147"}],"version-history":[{"count":0,"href":"https:\/\/www.europesays.com\/fi\/wp-json\/wp\/v2\/posts\/31147\/revisions"}],"wp:featuredmedia":[{"embeddable":true,"href":"https:\/\/www.europesays.com\/fi\/wp-json\/wp\/v2\/media\/74"}],"wp:attachment":[{"href":"https:\/\/www.europesays.com\/fi\/wp-json\/wp\/v2\/media?parent=31147"}],"wp:term":[{"taxonomy":"category","embeddable":true,"href":"https:\/\/www.europesays.com\/fi\/wp-json\/wp\/v2\/categories?post=31147"},{"taxonomy":"post_tag","embeddable":true,"href":"https:\/\/www.europesays.com\/fi\/wp-json\/wp\/v2\/tags?post=31147"}],"curies":[{"name":"wp","href":"https:\/\/api.w.org\/{rel}","templated":true}]}}