{"id":31148,"date":"2025-09-10T17:44:10","date_gmt":"2025-09-10T17:44:10","guid":{"rendered":"https:\/\/www.europesays.com\/fi\/31148\/"},"modified":"2025-09-10T17:44:10","modified_gmt":"2025-09-10T17:44:10","slug":"mikko-rantanen-kihlat","status":"publish","type":"post","link":"https:\/\/www.europesays.com\/fi\/31148\/","title":{"rendered":"Mikko Rantanen: Kihlat"},"content":{"rendered":"<p>J\u00e4\u00e4kiekkoilija Mikko Rantanen kertoo kihlautuneensa. <\/p>\n<p><img decoding=\"async\" class=\"image image-show image-preview\" src=\"https:\/\/www.europesays.com\/fi\/wp-content\/uploads\/2025\/08\/5550352a5a3efdea76ea756d6400f7a32df03603d4a985fe1555389928f06881.jpg\" alt=\"\"\/><img decoding=\"async\" class=\"image image-show\" src=\"https:\/\/www.europesays.com\/fi\/wp-content\/uploads\/2025\/08\/1755751990_550_5550352a5a3efdea76ea756d6400f7a32df03603d4a985fe1555389928f06881.jpg\" alt=\"\"\/><\/p>\n<p>Mikko Rantanen on mennyt puolisonsa kanssa kihloihin. Matti Matikainen<\/p>\n<p class=\"paragraph\">J\u00e4\u00e4kiekkoilija <a href=\"https:\/\/www.iltalehti.fi\/henkilot\/Mikko Rantanen\" class=\"article-link-person-page\" rel=\"nofollow noopener\" target=\"_blank\">Mikko Rantanen<\/a> on mennyt kihloihin puolisonsa <strong>Susanna Rannan<\/strong> kanssa. Pari kertoo asiasta Instagramissa.<\/p>\n<p class=\"paragraph\">Rantanen on jakanut Instagramiinsa kuvan, jossa pariskunta halaa toisiaan on l\u00e4heisiss\u00e4 tunnelmissa rantakalliolla. Kuvatekstiss\u00e4 on sormus- ja syd\u00e4nemojit.<\/p>\n<p class=\"paragraph\">Jos julkaisu ei n\u00e4y, voit katsoa sen <a href=\"https:\/\/www.instagram.com\/p\/DObZ4lOES0A\/\" rel=\"noopener nofollow\" target=\"_blank\">t\u00e4st\u00e4 linkist\u00e4<\/a>.<\/p>\n<p class=\"paragraph\">Ranta on kommentoinut julkaisua.<\/p>\n<p class=\"paragraph\">\u2013 Rakastan sinua, Ranta kirjoittaa puolisolleen punaisen syd\u00e4men saattelemana.<\/p>\n<p class=\"paragraph\">My\u00f6s Ranta on julkaissut tililleen julkaisun kihlautumisesta. Kuvissa pariskunta suutelee toisiaan. Rannan sormessa n\u00e4kyy kihlasormus.<\/p>\n<p class=\"paragraph\">Jos julkaisu ei n\u00e4y, voit katsoa sen <a href=\"https:\/\/www.instagram.com\/p\/DObZJZ2jQIw\/?img_index=1\" rel=\"noopener nofollow\" target=\"_blank\">t\u00e4st\u00e4 linkist\u00e4<\/a>.<\/p>\n<p class=\"paragraph\">Rantanen pelaa NHL:ss\u00e4 Dallas Starsissa.<\/p>\n<p class=\"paragraph\">Pariskunta on ollut jo useamman vuoden yhdess\u00e4, mutta he ovat pit\u00e4neet parisuhteestaan hiljaiseloa julkisesti.<\/p>\n<p><script async src=\"\/\/www.instagram.com\/embed.js\"><\/script><\/p>\n","protected":false},"excerpt":{"rendered":"J\u00e4\u00e4kiekkoilija Mikko Rantanen kertoo kihlautuneensa. Mikko Rantanen on mennyt puolisonsa kanssa kihloihin. Matti Matikainen J\u00e4\u00e4kiekkoilija Mikko Rantanen on&hellip;\n","protected":false},"author":2,"featured_media":11802,"comment_status":"","ping_status":"","sticky":false,"template":"","format":"standard","meta":{"footnotes":""},"categories":[136],"tags":[35,1075,1074,407,137,33,31,30,101,1143,408,98,32,109],"class_list":{"0":"post-31148","1":"post","2":"type-post","3":"status-publish","4":"format-standard","5":"has-post-thumbnail","7":"category-julkkikset","8":"tag-24h","9":"tag-avioliitto","10":"tag-avioliitto-ja-parisuhde","11":"tag-celebrities","12":"tag-entertainment","13":"tag-fi","14":"tag-finland","15":"tag-finnish","16":"tag-ihmissuhteet","17":"tag-jaakiekko","18":"tag-julkkikset","19":"tag-perhe","20":"tag-suomi","21":"tag-viihde"},"share_on_mastodon":{"url":"","error":""},"_links":{"self":[{"href":"https:\/\/www.europesays.com\/fi\/wp-json\/wp\/v2\/posts\/31148","targetHints":{"allow":["GET"]}}],"collection":[{"href":"https:\/\/www.europesays.com\/fi\/wp-json\/wp\/v2\/posts"}],"about":[{"href":"https:\/\/www.europesays.com\/fi\/wp-json\/wp\/v2\/types\/post"}],"author":[{"embeddable":true,"href":"https:\/\/www.europesays.com\/fi\/wp-json\/wp\/v2\/users\/2"}],"replies":[{"embeddable":true,"href":"https:\/\/www.europesays.com\/fi\/wp-json\/wp\/v2\/comments?post=31148"}],"version-history":[{"count":0,"href":"https:\/\/www.europesays.com\/fi\/wp-json\/wp\/v2\/posts\/31148\/revisions"}],"wp:featuredmedia":[{"embeddable":true,"href":"https:\/\/www.europesays.com\/fi\/wp-json\/wp\/v2\/media\/11802"}],"wp:attachment":[{"href":"https:\/\/www.europesays.com\/fi\/wp-json\/wp\/v2\/media?parent=31148"}],"wp:term":[{"taxonomy":"category","embeddable":true,"href":"https:\/\/www.europesays.com\/fi\/wp-json\/wp\/v2\/categories?post=31148"},{"taxonomy":"post_tag","embeddable":true,"href":"https:\/\/www.europesays.com\/fi\/wp-json\/wp\/v2\/tags?post=31148"}],"curies":[{"name":"wp","href":"https:\/\/api.w.org\/{rel}","templated":true}]}}