{"id":311572,"date":"2026-07-28T17:11:13","date_gmt":"2026-07-28T17:11:13","guid":{"rendered":"https:\/\/www.europesays.com\/fi\/311572\/"},"modified":"2026-07-28T17:11:13","modified_gmt":"2026-07-28T17:11:13","slug":"ulkoministerio-irtisanoi-kuusi-tyontekijaa-selvitimme-millaiset-korvaukset-he-saivat","status":"publish","type":"post","link":"https:\/\/www.europesays.com\/fi\/311572\/","title":{"rendered":"Ulkoministeri\u00f6 irtisanoi kuusi ty\u00f6ntekij\u00e4\u00e4 \u2013 Selvitimme, millaiset korvaukset he saivat"},"content":{"rendered":"<p>Iltalehti selvitti, millaisia korvauksia irtisanotut diplomaatit saivat. <\/p>\n<p><img decoding=\"async\" class=\"image image-show image-preview\" src=\"https:\/\/www.europesays.com\/fi\/wp-content\/uploads\/2026\/07\/188953ded0668be5b9ae11e511c8243016a5a813023bb8a0057af596bd41f0cb.jpg\" alt=\"\"\/><img decoding=\"async\" class=\"image image-show\" src=\"https:\/\/www.europesays.com\/fi\/wp-content\/uploads\/2026\/07\/1785258673_218_188953ded0668be5b9ae11e511c8243016a5a813023bb8a0057af596bd41f0cb.jpg\" alt=\"\"\/><\/p>\n<p>Ulkoministeri\u00f6n irtisanomat diplomaatit saattoivat nostaa irtisanomisaikanaan jopa reilun 6 200 euron kuukausipalkkaa. Ulkoministeri\u00f6n rakennus Helsingin Katajanokalla kuvattuna huhtikuussa 2023.  OUTI J\u00c4RVINEN<\/p>\n<p class=\"paragraph\">Ulkoministeri\u00f6n irtisanomat diplomaatit saattoivat tienata irtisanomisaikanaan jopa 37 440 euroa.<\/p>\n<p class=\"paragraph\">Asia ilmenee Iltalehden ulkoministeri\u00f6lle tekem\u00e4st\u00e4 tietopyynn\u00f6st\u00e4, jolla selvitimme, millaista korvausta ulkoministeri\u00f6n ty\u00f6ntekij\u00e4t saivat irtisanomisajallaan.<\/p>\n<p class=\"paragraph\">Iltalehti <a href=\"https:\/\/www.iltalehti.fi\/ulkomaat\/db326b5f-ec23-41fe-ad7e-d9daebf2b2c3\" rel=\"nofollow noopener\" target=\"_blank\">kertoi aiemmin hein\u00e4kuussa<\/a> ministeri\u00f6n irtisanomista ty\u00f6ntekij\u00f6ist\u00e4, joita oli kaikkiaan kuusi vuosina 2021\u20132026. Heid\u00e4n joukossaan oli muun muassa p\u00e4ihtyneen\u00e4 Suomea edustanut ja t\u00f6rke\u00e4st\u00e4 rattijuopumuksesta tuomittu l\u00e4hetyst\u00f6neuvos sek\u00e4 kahteen virkarikokseen syyllistynyt ylitarkastaja.<\/p>\n<p>Kymmeni\u00e4 tuhansia<\/p>\n<p class=\"paragraph\">Iltalehti pyysi ulkoministeri\u00f6lt\u00e4 tiedot nelj\u00e4n irtisanotun ty\u00f6ntekij\u00e4n kuukausipalkasta.<\/p>\n<p class=\"paragraph\">Ulkoministeri\u00f6n mukaan kaikki nelj\u00e4 toimivat melko vaativissa teht\u00e4viss\u00e4, mik\u00e4 tarkoitti 4 200\u20134 800 euron teht\u00e4v\u00e4kohtaista palkanosaa. T\u00e4h\u00e4n tuli p\u00e4\u00e4lle viel\u00e4 30 prosentin teht\u00e4v\u00e4kohtainen palkanosa, mik\u00e4 tekee heid\u00e4n tuloillaan noin 1 260\u20131 440 euroa.<\/p>\n<p class=\"paragraph\">Irtisanomisajalla ansaittu korvaus riippuu siit\u00e4, kuinka pitk\u00e4 henkil\u00f6n irtisanomisaika on.<\/p>\n<p>FAKTATIrtisanomisaika<\/p>\n<ul>\n<li>Ty\u00f6nantajan ja ty\u00f6ntekij\u00e4n <a href=\"https:\/\/tyosuojelu.fi\/tyosuhde\/tyosuhteen-paattyminen\/sopimuksen-irtisanominen\/irtisanomisajat\" target=\"_blank\" rel=\"noopener nofollow\">on noudatettava<\/a> ty\u00f6sopimuslain mukaisia irtisanomisaikoja, jos muusta ei ole sovittu. Irtisanomisaika riippuu ty\u00f6suhteen pituudesta. <\/li>\n<\/ul>\n<ul>\n<li>Ty\u00f6nantaja ja ty\u00f6ntekij\u00e4 voivat my\u00f6s sopia kesken\u00e4\u00e4n irtisanomisajoista. Irtisanomisaikaa ei voi kuitenkaan sopia kuutta kuukautta pidemm\u00e4ksi. <\/li>\n<\/ul>\n<ul>\n<li>My\u00f6s ty\u00f6nantajan tai ty\u00f6nantajien edustajan sek\u00e4 ty\u00f6ntekij\u00f6iden edustajan neuvottelemissa ty\u00f6ehtosopimuksissa voidaan  sopia irtisanomisajoista. <\/li>\n<\/ul>\n<ul>\n<li>Jos ty\u00f6ehtosopimusten mukaiset irtisanomisajat poikkeavat lakis\u00e4\u00e4teisist\u00e4 irtisanomisajoista, on noudatettava ty\u00f6ehtosopimusta, ellei ty\u00f6ehtosopimus anna mahdollisuutta sopia asiasta toisin. <\/li>\n<\/ul>\n<ul>\n<li>Ty\u00f6ntekij\u00e4ll\u00e4 on oikeus normaaliin palkkaan koko irtisanomisajalta. <\/li>\n<\/ul>\n<p class=\"paragraph\">L\u00e4hde: Ty\u00f6suojeluhallinto<\/p>\n<p>Yksi irtisanotuista oli vuonna 2023 potkut saanut l\u00e4hetyst\u00f6neuvos, jolle maksettiin irtisanomisajalta kuuden kuukauden palkkaa vastaava korvaus. Nainen k\u00e4r\u00e4hti ratista vuonna 2022.  Mostphotos<\/p>\n<p class=\"paragraph\">Yksi irtisanotuista oli vuonna 2023 potkut saanut l\u00e4hetyst\u00f6neuvos, jolle maksettiin irtisanomisajalta kuuden kuukauden palkkaa vastaava korvaus. Naisen arvioiduilla tuloilla irtisanomisajan korvaus oli noin 32 760\u201337 440 euroa.<\/p>\n<p class=\"paragraph\">Nainen vapautettiin virantoimituksesta v\u00e4litt\u00f6m\u00e4sti eli h\u00e4nell\u00e4 ei ollut ty\u00f6velvoitetta irtisanomisajan aikana.<\/p>\n<p class=\"paragraph\">Naisen irtisanominen liittyi h\u00e4nen alkoholink\u00e4ytt\u00f6\u00f6ns\u00e4. Nainen oli muun muassa esiintynyt Suomen valtion edustajana p\u00e4ihtyneen\u00e4 er\u00e4\u00e4n V\u00e4li-Amerikan valtion presidentin virkaanastujaisissa.<\/p>\n<p class=\"paragraph\">Lis\u00e4ksi h\u00e4n oli k\u00e4r\u00e4ht\u00e4nyt ratista vuonna 2022.<\/p>\n<p>Jopa 37 440 euroa<\/p>\n<p class=\"paragraph\">Vuonna 2021 irtisanotulle l\u00e4hetyst\u00f6neuvokselle maksettiin irtisanomisaikana niin ik\u00e4\u00e4n puolen vuoden palkkaa vastaava korvaus, mik\u00e4 teki miehen tuloilla 32 760\u201337 440 euroa.<\/p>\n<p class=\"paragraph\">Mies pid\u00e4tettiin my\u00f6s v\u00e4litt\u00f6m\u00e4sti virantoimituksesta, eli h\u00e4nell\u00e4 ei ollut my\u00f6sk\u00e4\u00e4n ty\u00f6velvoitetta irtisanomisaikana.<\/p>\n<p class=\"paragraph\">Miehen irtisanominen liittyi alkoholin v\u00e4\u00e4rink\u00e4ytt\u00f6\u00f6n, joka oli vaikuttanut miehen ty\u00f6teht\u00e4vien hoitoon ja johtanut laiminly\u00f6nteihin. Mies oli my\u00f6s ollut ty\u00f6paikalla alkoholin vaikutuksen alaisena.<\/p>\n<p>Yli 20 000 euroa<\/p>\n<p class=\"paragraph\">Vuonna 2021 irtisanotun kehityspolitiikan neuvonantajan irtisanomisaika oli puolestaan nelj\u00e4 kuukautta. Naisen irtisanomisajan korvaus vastasi vastaavan ajan palkkaa.<\/p>\n<p class=\"paragraph\">Naisen tuloilla t\u00e4m\u00e4 teki 21 840\u201324 960 euroa.<\/p>\n<p>Muun muassa laiminly\u00f6ntiens\u00e4 vuoksi irtisanottu nainen sai irtisanomisajalta 21 840\u201324 960 euron korvauksen.  Mostphotos<\/p>\n<p class=\"paragraph\">My\u00f6sk\u00e4\u00e4n vuonna 2021 irtisanotulla naisella ei ollut ty\u00f6velvoitetta, sill\u00e4 naisen laiminly\u00f6nnit osoittivat t\u00e4m\u00e4n ulkoministeri\u00f6n mukaan siin\u00e4 m\u00e4\u00e4rin soveltumattomaksi teht\u00e4v\u00e4\u00e4ns\u00e4, ettei virantoimitusta voitu jatkaa.<\/p>\n<p class=\"paragraph\">Naisen irtisanomiseen johtivat toistuvat laiminly\u00f6nnit sek\u00e4 poissaolot ilman hyv\u00e4ksytt\u00e4v\u00e4\u00e4 syyt\u00e4. Ulkoministeri\u00f6n asiakirjoista k\u00e4y ilmi, ett\u00e4 nainen vastasi virka-aikana puhelimeen ja s\u00e4hk\u00f6postiviesteihin vain satunnaisesti.<\/p>\n<p>Vain kuukauden palkka<\/p>\n<p class=\"paragraph\">Yksi irtisanottu ty\u00f6ntekij\u00e4 oli ylitarkastaja, joka irtisanottiin sen j\u00e4lkeen, kun h\u00e4n oli esihenkil\u00f6n tiet\u00e4m\u00e4tt\u00e4 esiintynyt ulkoministeri\u00f6n virkamiehen\u00e4 ja tehnyt kuulemistilaisuudessa yritysten kanssa sopimuksia, joiden tekemiseen h\u00e4nell\u00e4 ei ollut toimivaltaa.<\/p>\n<p class=\"paragraph\">Ulkoministeri\u00f6n p\u00e4\u00e4t\u00f6ksest\u00e4 ilmenee, ett\u00e4 miehen tekem\u00e4t sopimukset saattoivat aiheuttaa ulkoministeri\u00f6lle jopa 130 000 euron ylim\u00e4\u00e4r\u00e4isi\u00e4, budjetoimattomia kustannuksia.<\/p>\n<p class=\"paragraph\">Helsingin k\u00e4r\u00e4j\u00e4oikeus tuomitsi miehen kahdesta virkarikoksesta tammikuussa 2024.<\/p>\n<p class=\"paragraph\">Mies<strong> <\/strong>pid\u00e4tettiin v\u00e4litt\u00f6m\u00e4sti virantoimituksesta, eik\u00e4 h\u00e4nell\u00e4 ollut n\u00e4in irtisanomisaikana en\u00e4\u00e4 ty\u00f6velvoitetta. Miehen irtisanomisaika oli yksi kuukausi eli h\u00e4n ansaitsi irtisanomisaikanaan noin 5 460\u20136 240 euroa.<\/p>\n","protected":false},"excerpt":{"rendered":"Iltalehti selvitti, millaisia korvauksia irtisanotut diplomaatit saivat. Ulkoministeri\u00f6n irtisanomat diplomaatit saattoivat nostaa irtisanomisaikanaan jopa reilun 6 200 euron&hellip;\n","protected":false},"author":2,"featured_media":311573,"comment_status":"","ping_status":"","sticky":false,"template":"","format":"standard","meta":{"footnotes":"","_share_on_mastodon":"0"},"categories":[12],"tags":[35,22,23,26,27,33,31,30,17,24,25,28,29,15,18,21,32,19,20,860,861,3512,1955,3515,16],"class_list":["post-311572","post","type-post","status-publish","format-standard","has-post-thumbnail","category-suomi","tag-24h","tag-breaking-news","tag-breakingnews","tag-featured-news","tag-featurednews","tag-fi","tag-finland","tag-finnish","tag-headlines","tag-latest-news","tag-latestnews","tag-main-news","tag-mainnews","tag-news","tag-otsikot","tag-paauutiset","tag-suomi","tag-top-stories","tag-topstories","tag-tyoelama","tag-tyollisyys-ja-tyottomyys","tag-tyontekijat","tag-tyottomyys","tag-tyovoima","tag-uutiset"],"share_on_mastodon":{"url":"https:\/\/pubeurope.com\/@fi\/116998719688027445","error":""},"_links":{"self":[{"href":"https:\/\/www.europesays.com\/fi\/wp-json\/wp\/v2\/posts\/311572","targetHints":{"allow":["GET"]}}],"collection":[{"href":"https:\/\/www.europesays.com\/fi\/wp-json\/wp\/v2\/posts"}],"about":[{"href":"https:\/\/www.europesays.com\/fi\/wp-json\/wp\/v2\/types\/post"}],"author":[{"embeddable":true,"href":"https:\/\/www.europesays.com\/fi\/wp-json\/wp\/v2\/users\/2"}],"replies":[{"embeddable":true,"href":"https:\/\/www.europesays.com\/fi\/wp-json\/wp\/v2\/comments?post=311572"}],"version-history":[{"count":0,"href":"https:\/\/www.europesays.com\/fi\/wp-json\/wp\/v2\/posts\/311572\/revisions"}],"wp:featuredmedia":[{"embeddable":true,"href":"https:\/\/www.europesays.com\/fi\/wp-json\/wp\/v2\/media\/311573"}],"wp:attachment":[{"href":"https:\/\/www.europesays.com\/fi\/wp-json\/wp\/v2\/media?parent=311572"}],"wp:term":[{"taxonomy":"category","embeddable":true,"href":"https:\/\/www.europesays.com\/fi\/wp-json\/wp\/v2\/categories?post=311572"},{"taxonomy":"post_tag","embeddable":true,"href":"https:\/\/www.europesays.com\/fi\/wp-json\/wp\/v2\/tags?post=311572"}],"curies":[{"name":"wp","href":"https:\/\/api.w.org\/{rel}","templated":true}]}}