{"id":31167,"date":"2025-09-10T18:12:11","date_gmt":"2025-09-10T18:12:11","guid":{"rendered":"https:\/\/www.europesays.com\/fi\/31167\/"},"modified":"2025-09-10T18:12:11","modified_gmt":"2025-09-10T18:12:11","slug":"katsojat-lahettavat-mtvn-meteorologeille-satoja-saakuvia-paivassa","status":"publish","type":"post","link":"https:\/\/www.europesays.com\/fi\/31167\/","title":{"rendered":"Katsojat l\u00e4hett\u00e4v\u00e4t MTV:n meteorologeille satoja s\u00e4\u00e4kuvia p\u00e4iv\u00e4ss\u00e4"},"content":{"rendered":"<p><strong class=\"typography-bold\">Katsojat l\u00e4hett\u00e4v\u00e4t MTV:lle satoja s\u00e4\u00e4kuvia p\u00e4ivitt\u00e4in ja osa niist\u00e4 p\u00e4\u00e4see tv-l\u00e4hetyksiin asti.\u00a0<\/strong><\/p>\n<p>MTV:n s\u00e4\u00e4l\u00e4hetysten meteorologin <strong class=\"typography-bold\">Liisa Rintaniemen<\/strong> mukaan kuvat valitaan tietyill\u00e4 kriteereill\u00e4.<\/p>\n<p>\u2013 Prosessi alkaa jo illassa. Silloin valitaan aamun kuvat. T\u00e4rkeint\u00e4 on ajankohtaisuus, ett\u00e4 kuva kertoo jotain t\u00e4m\u00e4n hetkisest\u00e4 s\u00e4\u00e4tilanteesta. Arvostetaan my\u00f6s, ett\u00e4 se on hyv\u00e4, laadukas kuva. Ei tarvitse olla j\u00e4rjestelm\u00e4kameralla otettu. Videot on ekstraa, ne toimivat televisiossa hyvin, Rintaniemi listaa.<\/p>\n<p>Osa katsojista l\u00e4hett\u00e4\u00e4 vain yhden kuvan, mutta on my\u00f6s ns. vakiokuvaajia. Turkulainen <strong class=\"typography-bold\">Juhani Peltonen<\/strong> on l\u00e4hett\u00e4nyt kuvia eri medioihin jo l\u00e4hes 15 vuotta. H\u00e4n kuvaa aamun varhaisina tunteina, koska haluaa kuvata auringonnousua.<\/p>\n<p>\u2013\u00a0Kes\u00e4ll\u00e4 kolmen aikaan aamulla ajan autolla johonkin. Talvella menen kuuden aikaan paikalle. Kun olin viel\u00e4 t\u00f6iss\u00e4, piti v\u00e4lill\u00e4 kelloa katsoa, ett\u00e4 ei pahus, nyt on kello niin paljon, ett\u00e4 pit\u00e4\u00e4 t\u00f6ihin ehti\u00e4, nyt jo el\u00e4kkeell\u00e4 oleva Peltonen naurahtaa.<\/p>\n<p>Erityisesti katsojia innoittavat erikoiset ja kuvaukselliset s\u00e4\u00e4ilmi\u00f6t, kuten viime p\u00e4ivien sumukuvat tai kuvat kuunpimennyksest\u00e4.\u00a0<\/p>\n<p>2:25<img alt=\"Juhani Peltonen ottaa s\u00e4\u00e4kuvia aamuisin \u2013 katsojina sadat tuhannet suomalaiset\" data-testid=\"web-player-broker-image\" data-sentry-element=\"Image\" data-sentry-source-file=\"NextImage.tsx\" fetchpriority=\"low\" loading=\"lazy\" decoding=\"async\" data-nimg=\"fill\" class=\"transition duration-700 ease-in-out hover:scale-[1.05]\" style=\"position:absolute;height:100%;width:100%;left:0;top:0;right:0;bottom:0;color:transparent;background-size:cover;background-position:50% 50%;background-repeat:no-repeat;background-image:url(&quot;data:image\/svg+xml;base64,Cjxzdmcgd2lkdGg9IjcyMCIgaGVpZ2h0PSI0MDUiIHZlcnNpb249IjEuMSIgeG1sbnM9Imh0dHA6Ly93d3cudzMub3JnLzIwMDAvc3ZnIiB4bWxuczp4bGluaz0iaHR0cDovL3d3dy53My5vcmcvMTk5OS94bGluayI+CiAgPGRlZnM+CiAgICA8bGluZWFyR3JhZGllbnQgaWQ9ImciPgogICAgICA8c3RvcCBzdG9wLWNvbG9yPSIjMEIxODIzIiBvZmZzZXQ9IjIwJSIgLz4KICAgICAgPHN0b3Agc3RvcC1jb2xvcj0iIzFBMjczMiIgb2Zmc2V0PSI1MCUiIC8+CiAgICAgIDxzdG9wIHN0b3AtY29sb3I9IiMwQjE4MjMiIG9mZnNldD0iNzAlIiAvPgogICAgPC9saW5lYXJHcmFkaWVudD4KICA8L2RlZnM+CiAgPHJlY3Qgd2lkdGg9IjcyMCIgaGVpZ2h0PSI0MDUiIGZpbGw9IiMwQjE4MjMiIC8+CiAgPHJlY3QgaWQ9InIiIHdpZHRoPSI3MjAiIGhlaWdodD0iNDA1IiBmaWxsPSJ1cmwoI2cpIiAvPgogIDxhbmltYXRlIHhsaW5rOmhyZWY9IiNyIiBhdHRyaWJ1dGVOYW1lPSJ4IiBmcm9tPSItNzIwIiB0bz0iNzIwIiBkdXI9IjFzIiByZXBlYXRDb3VudD0iaW5kZWZpbml0ZSIgIC8+Cjwvc3ZnPg==&quot;)\"   src=\"https:\/\/www.europesays.com\/fi\/wp-content\/uploads\/2025\/09\/1757527931_453_imageproxy.a2d.tv\"\/>Juhani Peltonen on l\u00e4hett\u00e4nyt s\u00e4\u00e4kuvia Maikkarin l\u00e4hetyksiin jo l\u00e4hes viidentoista vuoden ajan.<\/p>\n<blockquote class=\"space-y-600 rounded-md bg-primary-100 px-600 py-1000 sub-theme-makuja:bg-makuja-100 sub-theme-makuja:text-primary-800 dark:bg-primary-500 sub-theme-makuja:dark:bg-makuja-900 sub-theme-makuja:dark:text-primary-100\"><p>N\u00e4itk\u00f6 tai kuvasitko jotain kiinnostavaa?<\/p>\n<p>L\u00e4het\u00e4 kuvasi ja videosi meille Whatsappilla: 040 5785504 tai osoitteeseen mtvuutiset.fi\/lukijanvideot.<\/p>\n<p>Voit l\u00e4hett\u00e4\u00e4 meille s\u00e4\u00e4h\u00e4n liittyvi\u00e4 kuvia ja videoita helposti my\u00f6s osoitteeseen mtvuutiset.fi\/saakuvat.<\/p>\n<p>MTV Uutiset maksaa v\u00e4hint\u00e4\u00e4n 60 euroa jokaisesta videosta, joka julkaistaan siihen liittyv\u00e4n jutun yhteydess\u00e4.<\/p>\n<\/blockquote>\n","protected":false},"excerpt":{"rendered":"Katsojat l\u00e4hett\u00e4v\u00e4t MTV:lle satoja s\u00e4\u00e4kuvia p\u00e4ivitt\u00e4in ja osa niist\u00e4 p\u00e4\u00e4see tv-l\u00e4hetyksiin asti.\u00a0 MTV:n s\u00e4\u00e4l\u00e4hetysten meteorologin Liisa Rintaniemen mukaan&hellip;\n","protected":false},"author":2,"featured_media":31168,"comment_status":"","ping_status":"","sticky":false,"template":"","format":"standard","meta":{"footnotes":""},"categories":[135],"tags":[389,387,388,390,137,33,31,30,32,394,393,391,392,109],"class_list":{"0":"post-31167","1":"post","2":"type-post","3":"status-publish","4":"format-standard","5":"has-post-thumbnail","7":"category-taiteet-ja-suunnittelu","8":"tag-arts","9":"tag-arts-and-design","10":"tag-artsanddesign","11":"tag-design","12":"tag-entertainment","13":"tag-fi","14":"tag-finland","15":"tag-finnish","16":"tag-suomi","17":"tag-suunnittelu","18":"tag-taiteet","19":"tag-taiteet-ja-suunnittelu","20":"tag-taiteetsuunnittelu","21":"tag-viihde"},"share_on_mastodon":{"url":"","error":""},"_links":{"self":[{"href":"https:\/\/www.europesays.com\/fi\/wp-json\/wp\/v2\/posts\/31167","targetHints":{"allow":["GET"]}}],"collection":[{"href":"https:\/\/www.europesays.com\/fi\/wp-json\/wp\/v2\/posts"}],"about":[{"href":"https:\/\/www.europesays.com\/fi\/wp-json\/wp\/v2\/types\/post"}],"author":[{"embeddable":true,"href":"https:\/\/www.europesays.com\/fi\/wp-json\/wp\/v2\/users\/2"}],"replies":[{"embeddable":true,"href":"https:\/\/www.europesays.com\/fi\/wp-json\/wp\/v2\/comments?post=31167"}],"version-history":[{"count":0,"href":"https:\/\/www.europesays.com\/fi\/wp-json\/wp\/v2\/posts\/31167\/revisions"}],"wp:featuredmedia":[{"embeddable":true,"href":"https:\/\/www.europesays.com\/fi\/wp-json\/wp\/v2\/media\/31168"}],"wp:attachment":[{"href":"https:\/\/www.europesays.com\/fi\/wp-json\/wp\/v2\/media?parent=31167"}],"wp:term":[{"taxonomy":"category","embeddable":true,"href":"https:\/\/www.europesays.com\/fi\/wp-json\/wp\/v2\/categories?post=31167"},{"taxonomy":"post_tag","embeddable":true,"href":"https:\/\/www.europesays.com\/fi\/wp-json\/wp\/v2\/tags?post=31167"}],"curies":[{"name":"wp","href":"https:\/\/api.w.org\/{rel}","templated":true}]}}