{"id":311720,"date":"2026-07-28T21:58:16","date_gmt":"2026-07-28T21:58:16","guid":{"rendered":"https:\/\/www.europesays.com\/fi\/311720\/"},"modified":"2026-07-28T21:58:16","modified_gmt":"2026-07-28T21:58:16","slug":"yllatyskoronnosto-vaijyy-markkinoita-kun-fed-kokoontuu-uuden-johtajansa-komennossa","status":"publish","type":"post","link":"https:\/\/www.europesays.com\/fi\/311720\/","title":{"rendered":"Yll\u00e4tyskoronnosto v\u00e4ijyy markkinoita, kun Fed kokoontuu uuden johtajansa komennossa"},"content":{"rendered":"<p>\nSijoittajat hinnoittelevat jo yli kolmanneksen todenn\u00e4k\u00f6isyyden sille, ett\u00e4 Yhdysvaltain keskuspankki nostaa ohjauskorkoa t\u00e4ll\u00e4 viikolla.<\/p>\n<p><img width=\"527\" height=\"308\" src=\"https:\/\/www.europesays.com\/fi\/wp-content\/uploads\/2026\/07\/Fed-keskuspankki-112025-527x308.jpg\" class=\"attachment-csco-thumbnail-uncropped size-csco-thumbnail-uncropped wp-post-image no-lazyload\" alt=\"Fed keskuspankki\" decoding=\"async\" fetchpriority=\"high\"   loading=\"eager\"\/>\t\t\t\t\t<img width=\"800\" height=\"468\" src=\"https:\/\/www.europesays.com\/fi\/wp-content\/uploads\/2026\/07\/Fed-keskuspankki-112025.jpg\" class=\"attachment-csco-large-uncropped size-csco-large-uncropped wp-post-image\" alt=\"Fed keskuspankki\" decoding=\"async\" loading=\"lazy\"  \/><\/p>\n<p class=\"wp-block-paragraph\">Yhdysvaltalainen Citadel Securities\u00a0arvioi, ett\u00e4 Yhdysvaltain keskuspankki Fed nostaa ohjauskorkoaan jo t\u00e4m\u00e4n viikon kokouksessaan. Nelj\u00e4nnesprosenttiyksik\u00f6n nosto olisi useimmille sijoittajille yll\u00e4tys, mutta yhti\u00f6n makrostrategiasta vastaavan\u00a0<strong>Frank Flightin<\/strong>\u00a0mukaan juuri siksi se olisi tehokas.<\/p>\n<p class=\"wp-block-paragraph\">Flight arvioi asiakaskirjeess\u00e4\u00e4n, ett\u00e4 markkinat aliarvioivat sen, kuinka haukkamaiseksi keskuspankin linja on k\u00e4\u00e4ntynyt. Yll\u00e4tysnosto osoittaisi h\u00e4nen mukaansa, ettei Fed en\u00e4\u00e4 sido k\u00e4si\u00e4\u00e4n viestim\u00e4ll\u00e4 jokaista liikett\u00e4\u00e4n etuk\u00e4teen.<\/p>\n<p class=\"wp-block-paragraph\">Kyse on samalla uuden p\u00e4\u00e4johtajan\u00a0<strong>Kevin Warshin<\/strong>\u00a0uskottavuudesta. Warsh on luvannut palauttaa hintavakauden, ja h\u00e4n on korostanut julkisesti, ett\u00e4 hinnat ovat yhdysvaltalaisten n\u00e4k\u00f6kulmasta yh\u00e4 liian korkealla. T\u00e4m\u00e4n viikon kaksip\u00e4iv\u00e4inen kokous on vasta toinen h\u00e4nen johdollaan.<\/p>\n<p class=\"wp-block-paragraph\">Korkojohdannaisten perusteella markkinat antavat nelj\u00e4nnesprosenttiyksik\u00f6n nostolle noin 34 prosentin todenn\u00e4k\u00f6isyyden. Syyskuuhun menness\u00e4 koronnosto on hinnoiteltu markkinoilla jo l\u00e4hes 80 prosenttisesti.<\/p>\n<p class=\"wp-block-paragraph\">N\u00e4in suuri ep\u00e4varmuus muutamaa p\u00e4iv\u00e4\u00e4 ennen korkop\u00e4\u00e4t\u00f6st\u00e4 on viime vuosien mittapuulla poikkeuksellista. Keskuspankki on totuttanut markkinat siihen, ett\u00e4 p\u00e4\u00e4t\u00f6kset on k\u00e4yt\u00e4nn\u00f6ss\u00e4 ly\u00f6ty lukkoon jo ennen kokousta.<\/p>\n<p class=\"wp-block-paragraph\">Flightin mukaan nosto kannattaisi tehd\u00e4 nyt eik\u00e4 syyskuussa. Aikainen liike muokkaisi odotuksia siit\u00e4, miten Fed reagoi inflaatioon, ja hillitsisi yritysten hinnankorotuksia sek\u00e4 palkkavaateita ennen kuin inflaatio ehtii juurtua. Silloin kiristyst\u00e4 voitaisiin my\u00f6hemmin tarvita v\u00e4hemm\u00e4n.<\/p>\n<p>Komiteassa kytee kapina hitautta vastaan<\/p>\n<p class=\"wp-block-paragraph\">Useimmat ekonomistit odottavat Fedin pit\u00e4v\u00e4n koron ennallaan. Siin\u00e4 tapauksessa kokouksesta odotetaan v\u00e4hint\u00e4\u00e4n yht\u00e4 ja mahdollisesti jopa kolmea koronnostoa puoltavaa eri\u00e4v\u00e4\u00e4 mielipidett\u00e4. Todenn\u00e4k\u00f6isimpin\u00e4 sora\u00e4\u00e4nien esitt\u00e4jin\u00e4 pidet\u00e4\u00e4n Dallasin aluepankin johtajaa <strong>Lorie Logania <\/strong>ja Clevelandin aluepankin johtajaa<strong> Beth Hammackia<\/strong>.<\/p>\n<p class=\"wp-block-paragraph\">Haukkojen k\u00e4rsim\u00e4tt\u00f6myys on ymm\u00e4rrett\u00e4v\u00e4\u00e4, sill\u00e4 inflaatio on ylitt\u00e4nyt Fedin kahden prosentin tavoitteen jo viiden vuoden ajan. Hammack on todennut inflaation olleen liian korkealla liian pitk\u00e4\u00e4n, eik\u00e4 se h\u00e4nen mukaansa ole palaamassa tavoitteeseen nykyisell\u00e4 politiikalla. Logan puolestaan totesi hein\u00e4kuun puheessaan, ett\u00e4 on aika saattaa hintavakauden palauttaminen loppuun, ja h\u00e4n on kannattanut maltillisesti korkeampia korkoja.<\/p>\n<p class=\"wp-block-paragraph\">Tuoreimmat ty\u00f6llisyys- ja inflaatioluvut ovat tosin olleet odotettua vaisumpia, mik\u00e4 ehti laskea hein\u00e4kuun noston todenn\u00e4k\u00f6isyytt\u00e4 markkinoilla. Flightin mielest\u00e4 yksitt\u00e4isten kuukausiraporttien ei kuitenkaan pid\u00e4 antaa peitt\u00e4\u00e4 kokonaiskuvaa, jossa inflaatioriskit ovat koholla ja ty\u00f6markkinat vakaat.<\/p>\n<p>\u00d6ljymarkkina heittelehtii L\u00e4hi-id\u00e4n tahtiin<\/p>\n<p class=\"wp-block-paragraph\">Korkop\u00e4\u00e4t\u00f6ksen taustalla vaikuttaa my\u00f6s L\u00e4hi-id\u00e4n r\u00e4j\u00e4hdysherkk\u00e4 tilanne, joka on heilutellut \u00f6ljyn hintaa rajusti koko kes\u00e4n.<\/p>\n<p class=\"wp-block-paragraph\">Tiistaina Brent-raaka\u00f6ljyn hinta painui 86 dollariin tynnyrilt\u00e4, kun se viel\u00e4 viime viikolla k\u00e4vi yli 100 dollarissa. <a href=\"https:\/\/www.salkunrakentaja.fi\/2026\/07\/oljyn-hinta-keskuspankit\/\" rel=\"nofollow noopener\" target=\"_blank\">Hinnan laskusta huolimatta \u00f6ljy on kallistunut selv\u00e4sti hein\u00e4kuussa.<\/a> Iranin tukemat huthikapinalliset ovat julistaneet Saudi-Arabian satamille merisaarron ja iskeneet Punaisellamerell\u00e4 tankkereihin.<\/p>\n<p class=\"wp-block-paragraph\">Perusteita rahapolitiikan kirist\u00e4miselle olisi \u00f6ljyn halpenemisesta huolimatta. Yhdysvaltain talous on pysynyt verrattain sitke\u00e4n\u00e4 ja irtisanomiset v\u00e4h\u00e4isin\u00e4, sill\u00e4 viikoittaiset ty\u00f6tt\u00f6myyskorvaushakemukset painuivat hein\u00e4kuun puoliv\u00e4liss\u00e4 187 000:een eli alimmilleen sitten syyskuun 1969. Kuluttajahintojen nousu hidastui kes\u00e4kuussa 3,5 prosenttiin toukokuun 4,2 prosentista, mutta vauhti on yh\u00e4 selv\u00e4sti yli tavoitteen.<\/p>\n<p class=\"wp-block-paragraph\">\u201dHein\u00e4kuu on aidosti avoin koronnostolle\u201d, arvioi varainhoitoyhti\u00f6\u00a0Columbia Threadneedlen\u00a0salkunhoitaja\u00a0<strong>Ed Al-Hussainy<\/strong>\u00a0jo ennen tuoreinta \u00f6ljyn hinnan laskua.<\/p>\n<p class=\"wp-block-paragraph\">Flightin mukaan juuri viime viikkojen energian kallistuminen saattaa lopulta kallistaa vaakakupin koronnoston puolelle.\u00a0Vastaus saadaan, kun avomarkkinakomitean kokous p\u00e4\u00e4ttyy keskiviikkona.<\/p>\n","protected":false},"excerpt":{"rendered":"Sijoittajat hinnoittelevat jo yli kolmanneksen todenn\u00e4k\u00f6isyyden sille, ett\u00e4 Yhdysvaltain keskuspankki nostaa ohjauskorkoa t\u00e4ll\u00e4 viikolla. Yhdysvaltalainen Citadel Securities\u00a0arvioi, ett\u00e4&hellip;\n","protected":false},"author":2,"featured_media":311721,"comment_status":"","ping_status":"","sticky":false,"template":"","format":"standard","meta":{"footnotes":"","_share_on_mastodon":"0"},"categories":[76],"tags":[79,77,16455,33,31,30,3245,19678,15595,32,78],"class_list":["post-311720","post","type-post","status-publish","format-standard","has-post-thumbnail","category-talous","tag-business","tag-economy","tag-fedin-korkokokous","tag-fi","tag-finland","tag-finnish","tag-inflaatio","tag-korkotaso","tag-oljyn-hinta","tag-suomi","tag-talous"],"share_on_mastodon":{"url":"https:\/\/pubeurope.com\/@fi\/116999849215846918","error":""},"_links":{"self":[{"href":"https:\/\/www.europesays.com\/fi\/wp-json\/wp\/v2\/posts\/311720","targetHints":{"allow":["GET"]}}],"collection":[{"href":"https:\/\/www.europesays.com\/fi\/wp-json\/wp\/v2\/posts"}],"about":[{"href":"https:\/\/www.europesays.com\/fi\/wp-json\/wp\/v2\/types\/post"}],"author":[{"embeddable":true,"href":"https:\/\/www.europesays.com\/fi\/wp-json\/wp\/v2\/users\/2"}],"replies":[{"embeddable":true,"href":"https:\/\/www.europesays.com\/fi\/wp-json\/wp\/v2\/comments?post=311720"}],"version-history":[{"count":0,"href":"https:\/\/www.europesays.com\/fi\/wp-json\/wp\/v2\/posts\/311720\/revisions"}],"wp:featuredmedia":[{"embeddable":true,"href":"https:\/\/www.europesays.com\/fi\/wp-json\/wp\/v2\/media\/311721"}],"wp:attachment":[{"href":"https:\/\/www.europesays.com\/fi\/wp-json\/wp\/v2\/media?parent=311720"}],"wp:term":[{"taxonomy":"category","embeddable":true,"href":"https:\/\/www.europesays.com\/fi\/wp-json\/wp\/v2\/categories?post=311720"},{"taxonomy":"post_tag","embeddable":true,"href":"https:\/\/www.europesays.com\/fi\/wp-json\/wp\/v2\/tags?post=311720"}],"curies":[{"name":"wp","href":"https:\/\/api.w.org\/{rel}","templated":true}]}}