{"id":311726,"date":"2026-07-28T22:01:11","date_gmt":"2026-07-28T22:01:11","guid":{"rendered":"https:\/\/www.europesays.com\/fi\/311726\/"},"modified":"2026-07-28T22:01:11","modified_gmt":"2026-07-28T22:01:11","slug":"mies-jai-traktorin-alle-ja-kuoli-kiteella-uutissuomalainen","status":"publish","type":"post","link":"https:\/\/www.europesays.com\/fi\/311726\/","title":{"rendered":"Mies j\u00e4i traktorin alle ja kuoli Kiteell\u00e4 | Uutissuomalainen"},"content":{"rendered":"<p>Mies kuoli traktorionnettomuudessa Kiteell\u00e4 tiistai-iltana, It\u00e4-Suomen poliisi kertoo. Mies j\u00e4i kaatuvan traktorin alle ja menehtyi tapahtumapaikalle. Mies oli syntynyt 1940-luvulla.<\/p>\n<p>Toinen tapahtumapaikalla ollut henkil\u00f6 toimitettiin sairaalaan.<\/p>\n<p>Poliisi jatkaa asiassa kuolemansyyntutkintaa.<\/p>\n","protected":false},"excerpt":{"rendered":"Mies kuoli traktorionnettomuudessa Kiteell\u00e4 tiistai-iltana, It\u00e4-Suomen poliisi kertoo. Mies j\u00e4i kaatuvan traktorin alle ja menehtyi tapahtumapaikalle. Mies oli&hellip;\n","protected":false},"author":2,"featured_media":311727,"comment_status":"","ping_status":"","sticky":false,"template":"","format":"standard","meta":{"footnotes":"","_share_on_mastodon":"0"},"categories":[5],"tags":[22,23,26,27,33,31,30,17,1009,683,24,25,28,29,15,120,18,21,122,54,103,32,679,19,20,16],"class_list":["post-311726","post","type-post","status-publish","format-standard","has-post-thumbnail","category-otsikot","tag-breaking-news","tag-breakingnews","tag-featured-news","tag-featurednews","tag-fi","tag-finland","tag-finnish","tag-headlines","tag-kitee","tag-kuolema","tag-latest-news","tag-latestnews","tag-main-news","tag-mainnews","tag-news","tag-onnettomuustapaus","tag-otsikot","tag-paauutiset","tag-pelastaminen","tag-pelastuspalvelut","tag-sosiaalikysymykset","tag-suomi","tag-terveydenhuollon-toimintalaitokset","tag-top-stories","tag-topstories","tag-uutiset"],"share_on_mastodon":{"url":"https:\/\/pubeurope.com\/@fi\/116999860583589242","error":""},"_links":{"self":[{"href":"https:\/\/www.europesays.com\/fi\/wp-json\/wp\/v2\/posts\/311726","targetHints":{"allow":["GET"]}}],"collection":[{"href":"https:\/\/www.europesays.com\/fi\/wp-json\/wp\/v2\/posts"}],"about":[{"href":"https:\/\/www.europesays.com\/fi\/wp-json\/wp\/v2\/types\/post"}],"author":[{"embeddable":true,"href":"https:\/\/www.europesays.com\/fi\/wp-json\/wp\/v2\/users\/2"}],"replies":[{"embeddable":true,"href":"https:\/\/www.europesays.com\/fi\/wp-json\/wp\/v2\/comments?post=311726"}],"version-history":[{"count":0,"href":"https:\/\/www.europesays.com\/fi\/wp-json\/wp\/v2\/posts\/311726\/revisions"}],"wp:featuredmedia":[{"embeddable":true,"href":"https:\/\/www.europesays.com\/fi\/wp-json\/wp\/v2\/media\/311727"}],"wp:attachment":[{"href":"https:\/\/www.europesays.com\/fi\/wp-json\/wp\/v2\/media?parent=311726"}],"wp:term":[{"taxonomy":"category","embeddable":true,"href":"https:\/\/www.europesays.com\/fi\/wp-json\/wp\/v2\/categories?post=311726"},{"taxonomy":"post_tag","embeddable":true,"href":"https:\/\/www.europesays.com\/fi\/wp-json\/wp\/v2\/tags?post=311726"}],"curies":[{"name":"wp","href":"https:\/\/api.w.org\/{rel}","templated":true}]}}