{"id":311754,"date":"2026-07-28T22:53:17","date_gmt":"2026-07-28T22:53:17","guid":{"rendered":"https:\/\/www.europesays.com\/fi\/311754\/"},"modified":"2026-07-28T22:53:17","modified_gmt":"2026-07-28T22:53:17","slug":"tulipalon-runteleman-autoliikkeen-yrittaja-sai-tietaa-palosta-kesken-marjastuksen-minustakin-paloi-palanen-kotimaa","status":"publish","type":"post","link":"https:\/\/www.europesays.com\/fi\/311754\/","title":{"rendered":"Tulipalon runteleman autoliikkeen yritt\u00e4j\u00e4 sai tiet\u00e4\u00e4 palosta kesken marjastuksen: \u201dMinustakin paloi palanen\u201d | Kotimaa"},"content":{"rendered":"<p class=\"aw__sc-1qwuw0s-0 aw__sc-1vg2sqm-0 epAWpq ecELkD yle__article__paragraph\">M\u00e4nts\u00e4l\u00e4ss\u00e4 paloi iltap\u00e4iv\u00e4ll\u00e4 kaksikerroksinen rakennus, jossa oli muun muassa autoliiketoimintaa ja asuntoja.<\/p>\n<p class=\"aw__sc-1qwuw0s-0 aw__sc-ngllmo-0 epAWpq fzYpjk yle__article__paragraph\">M\u00e4nts\u00e4l\u00e4ss\u00e4 iltap\u00e4iv\u00e4ll\u00e4 syttyneess\u00e4 tulipalossa <a class=\"aw__sc-ngllmo-1 bTDnwX yle__article__link\" href=\"https:\/\/yle.fi\/a\/74-20238343\" role=\"link\" rel=\"nofollow noopener\" target=\"_blank\">tuhoutui kaksikerroksinen rakennus<\/a>, jossa oli muun muassa autoliiketoimintaa ja asuntoja.<\/p>\n<p class=\"aw__sc-1qwuw0s-0 aw__sc-ngllmo-0 epAWpq fzYpjk yle__article__paragraph\">Kyseess\u00e4 on P\u00e4iv\u00e4rinteenpolulla sijaitseva Americar-autoliike. Omistaja <strong class=\"aw__sc-ngllmo-2 gdRrun yle__article__strong\">Veli K\u00e4rkk\u00e4inen<\/strong> vahvistaa asian Ylelle.<\/p>\n<p class=\"aw__sc-1qwuw0s-0 aw__sc-ngllmo-0 epAWpq fzYpjk yle__article__paragraph\">K\u00e4rkk\u00e4inen oli marjastamassa Posion er\u00e4maassa, kun h\u00e4n sai tiedon autoliikkeens\u00e4 runtelemasta tulipalosta perjantaina alkuiltap\u00e4iv\u00e4ll\u00e4.<\/p>\n<p class=\"aw__sc-1qwuw0s-0 aw__sc-ngllmo-0 epAWpq fzYpjk yle__article__paragraph\">H\u00e4nen mukaansa ensimm\u00e4inen ajatus oli ep\u00e4usko.<\/p>\n<p class=\"aw__sc-1qwuw0s-0 aw__sc-ngllmo-0 epAWpq fzYpjk yle__article__paragraph\">\u2013 T\u00e4m\u00e4 ei voi olla totta.<\/p>\n<p>Liikkeen tuhoutuminen oli j\u00e4rkytt\u00e4v\u00e4 takaisku<\/p>\n<p class=\"aw__sc-1qwuw0s-0 aw__sc-ngllmo-0 epAWpq fzYpjk yle__article__paragraph\">Kolmekymment\u00e4 vuotta autokauppaa ja kaksikymment\u00e4 vuotta yritt\u00e4jyytt\u00e4k\u00e4\u00e4n eiv\u00e4t valmistaneet t\u00e4llaisen takaiskun kohtaamiseen.<\/p>\n<p class=\"aw__sc-1qwuw0s-0 aw__sc-ngllmo-0 epAWpq fzYpjk yle__article__paragraph\">K\u00e4rkk\u00e4inen oli sulkenut autoliikkeen viime perjantaina l\u00e4htiess\u00e4\u00e4n lomalle. Tiistaina hieman ennen puoltap\u00e4iv\u00e4\u00e4 h\u00e4n huomasi puhelimensa tulvivan puheluja.<\/p>\n<p class=\"aw__sc-1qwuw0s-0 aw__sc-ngllmo-0 epAWpq fzYpjk yle__article__paragraph\">K\u00e4rkk\u00e4inen kertoo soittaneensa alakerrassa toimivalle mekaanikolle, joka pyysi h\u00e4nt\u00e4 istumaan ja avaamaan sosiaalisen median, jossa oli kuvia palon runtelemasta liikkeest\u00e4.<\/p>\n<p class=\"aw__sc-1qwuw0s-0 aw__sc-ngllmo-0 epAWpq fzYpjk yle__article__paragraph\">\u2013 Kun n\u00e4in valokuvat autoliikkeest\u00e4, en voinut uskoa niit\u00e4 todeksi. Minustakin paloi palanen, K\u00e4rkk\u00e4inen summaa tuntojaan<\/p>\n<p class=\"aw__sc-1qwuw0s-0 aw__sc-ngllmo-0 epAWpq fzYpjk yle__article__paragraph\">Miehen mukaan kontrasti hiljaisesta er\u00e4maasta tuhoisan palon kuviin oli suuri. H\u00e4n kertoo tunteneensa kuin olisi katsonut tieteiselokuvaa.<\/p>\n<p>Toimistotilat ja varaosavarasto tuhoutuivat<\/p>\n<p class=\"aw__sc-1qwuw0s-0 aw__sc-ngllmo-0 epAWpq fzYpjk yle__article__paragraph\">Palo syttyi kiinteist\u00f6n yl\u00e4kerrassa, Americar Oy:n toimistotiloissa. Palon syy on ep\u00e4selv\u00e4, mutta K\u00e4rkk\u00e4isen mukaan palomestari ep\u00e4ilee s\u00e4hk\u00f6laitteen aiheuttaneen palon. Kukaan ei ollut paikalla syttymishetkell\u00e4.<\/p>\n<p class=\"aw__sc-1qwuw0s-0 aw__sc-ngllmo-0 epAWpq fzYpjk yle__article__paragraph\">K\u00e4rkk\u00e4inen kertoo liikkeens\u00e4 toimineen samassa kiinteist\u00f6ss\u00e4 vuodesta 2006. T\u00e4n\u00e4 vuonna marraskuussa tulee t\u00e4yteen kaksikymment\u00e4 vuotta.<\/p>\n<p class=\"aw__sc-1qwuw0s-0 aw__sc-ngllmo-0 epAWpq fzYpjk yle__article__paragraph\">Yritys on maahantuonut amerikkalaisia autoja kolmekymment\u00e4 vuotta, mutta nykyisin se myy kaikenmerkkisi\u00e4 autoja. Myyt\u00e4v\u00e4t autot ovat ulkona, joten autokauppa ei k\u00e4rsinyt suoraan palosta.<\/p>\n<p class=\"aw__sc-1qwuw0s-0 aw__sc-ngllmo-0 epAWpq fzYpjk yle__article__paragraph\">\u2013 Niiden avaimet j\u00e4iv\u00e4t kuitenkin tuhoutuneeseen rakennukseen, K\u00e4rkk\u00e4inen huokaa.<\/p>\n<p>Liiketoiminta jatkuu kotitoimistolta<\/p>\n<p class=\"aw__sc-1qwuw0s-0 aw__sc-ngllmo-0 epAWpq fzYpjk yle__article__paragraph\">Alkuj\u00e4rkytyksen j\u00e4lkeen K\u00e4rkk\u00e4inen alkoi mietti\u00e4, miten selvi\u00e4\u00e4 tilanteesta. H\u00e4n haluaa kannustaa my\u00f6s muita kiinteist\u00f6n yritt\u00e4ji\u00e4<\/p>\n<p class=\"aw__sc-1qwuw0s-0 aw__sc-ngllmo-0 epAWpq fzYpjk yle__article__paragraph\">\u2013 Ihmisell\u00e4 on jokin selviytymisvaisto, joka aktivoituu.<\/p>\n<p class=\"aw__sc-1qwuw0s-0 aw__sc-ngllmo-0 epAWpq fzYpjk yle__article__paragraph\">K\u00e4rkk\u00e4inen aikoo palata Posiolta M\u00e4nts\u00e4l\u00e4\u00e4n sunnuntaina selvitt\u00e4m\u00e4\u00e4n tilannetta paikan p\u00e4\u00e4lle. Liiketoiminta jatkuu jo ensi maanantaina kotitoimistossa.<\/p>\n<p class=\"aw__sc-1qwuw0s-0 aw__sc-ngllmo-0 epAWpq fzYpjk yle__article__paragraph\">\u2013 En usko, ett\u00e4 tauko on merkitt\u00e4v\u00e4n pitk\u00e4. Nykytekniikka on siit\u00e4 hyv\u00e4, ett\u00e4 kaikki data on kannettavissa tietokoneissa, h\u00e4n totesi.<\/p>\n","protected":false},"excerpt":{"rendered":"M\u00e4nts\u00e4l\u00e4ss\u00e4 paloi iltap\u00e4iv\u00e4ll\u00e4 kaksikerroksinen rakennus, jossa oli muun muassa autoliiketoimintaa ja asuntoja. M\u00e4nts\u00e4l\u00e4ss\u00e4 iltap\u00e4iv\u00e4ll\u00e4 syttyneess\u00e4 tulipalossa tuhoutui kaksikerroksinen&hellip;\n","protected":false},"author":2,"featured_media":311755,"comment_status":"","ping_status":"","sticky":false,"template":"","format":"standard","meta":{"footnotes":"","_share_on_mastodon":"0"},"categories":[5],"tags":[22,23,26,27,33,31,30,17,71,24,25,28,29,2370,15,837,18,21,32,19,20,1265,1168,16],"class_list":["post-311754","post","type-post","status-publish","format-standard","has-post-thumbnail","category-otsikot","tag-breaking-news","tag-breakingnews","tag-featured-news","tag-featurednews","tag-fi","tag-finland","tag-finnish","tag-headlines","tag-kotimaa","tag-latest-news","tag-latestnews","tag-main-news","tag-mainnews","tag-mantsala","tag-news","tag-onnettomuudet","tag-otsikot","tag-paauutiset","tag-suomi","tag-top-stories","tag-topstories","tag-tulipalot","tag-uusimaa","tag-uutiset"],"share_on_mastodon":{"url":"https:\/\/pubeurope.com\/@fi\/117000064622238585","error":""},"_links":{"self":[{"href":"https:\/\/www.europesays.com\/fi\/wp-json\/wp\/v2\/posts\/311754","targetHints":{"allow":["GET"]}}],"collection":[{"href":"https:\/\/www.europesays.com\/fi\/wp-json\/wp\/v2\/posts"}],"about":[{"href":"https:\/\/www.europesays.com\/fi\/wp-json\/wp\/v2\/types\/post"}],"author":[{"embeddable":true,"href":"https:\/\/www.europesays.com\/fi\/wp-json\/wp\/v2\/users\/2"}],"replies":[{"embeddable":true,"href":"https:\/\/www.europesays.com\/fi\/wp-json\/wp\/v2\/comments?post=311754"}],"version-history":[{"count":0,"href":"https:\/\/www.europesays.com\/fi\/wp-json\/wp\/v2\/posts\/311754\/revisions"}],"wp:featuredmedia":[{"embeddable":true,"href":"https:\/\/www.europesays.com\/fi\/wp-json\/wp\/v2\/media\/311755"}],"wp:attachment":[{"href":"https:\/\/www.europesays.com\/fi\/wp-json\/wp\/v2\/media?parent=311754"}],"wp:term":[{"taxonomy":"category","embeddable":true,"href":"https:\/\/www.europesays.com\/fi\/wp-json\/wp\/v2\/categories?post=311754"},{"taxonomy":"post_tag","embeddable":true,"href":"https:\/\/www.europesays.com\/fi\/wp-json\/wp\/v2\/tags?post=311754"}],"curies":[{"name":"wp","href":"https:\/\/api.w.org\/{rel}","templated":true}]}}