{"id":31182,"date":"2025-09-10T18:37:06","date_gmt":"2025-09-10T18:37:06","guid":{"rendered":"https:\/\/www.europesays.com\/fi\/31182\/"},"modified":"2025-09-10T18:37:06","modified_gmt":"2025-09-10T18:37:06","slug":"video-ei-herkille-hp-parviainen-leikkauksessa","status":"publish","type":"post","link":"https:\/\/www.europesays.com\/fi\/31182\/","title":{"rendered":"Video ei herkille \u2013 HP Parviainen leikkauksessa"},"content":{"rendered":"<p>\n            20220908 HELSINKI. MTV3. Posse. HP Parviainen. HP;n pyynn\u00f6st\u00e4 kuvia ei Seiskaan, kuvat ainoastaan Katsoon. KUVA: ATTE KAJOVA<br \/>\n            ATTE KAJOVA\n        <\/p>\n<p class=\"subtitle \">HP loukkasi nilkkansa j\u00e4\u00e4kiekko-ottelussa.<\/p>\n<p class=\"article-content article-content-width !bg-background\">Duudsonit-ohjelmasta tuttu , 44, kertoi tammikuussa loukanneensa nilkkansa pahasti j\u00e4\u00e4kiekkopeliss\u00e4.<\/p>\n<p>        <a itemprop=\"url\" href=\"https:\/\/www.seiska.fi\/kotimaa\/oho-chachi-hildenin-salarakkaalta-uutispommi\/1902761\" rel=\"nofollow noopener\" target=\"_blank\"><\/p>\n<p>\nChachi Hild\u00e9nin salarakas\n<\/p>\n<p class=\"section-date\">\n        <strong class=\"article-section\" data-section=\"kotimaa\"><br \/>\n            kotimaa<br \/>\n        <\/strong><br \/>\n        18.8. 13:54\n    <\/p>\n<p>    Oho! Chachi Hild\u00e9nin salarakkaalta uutispommi<\/p>\n<p itemprop=\"description\" class=\"subtitle \">\n    Chachin salaseuralainen on ansioitunut kokkina.\n<\/p>\n<p>        <\/a><\/p>\n<p class=\"font-weight-bold m-font-weight-bold article-content article-content-width !bg-background\">Katso arkistovideo \u2013 Viivi Pumpanen kertoo, mit\u00e4 ei tekisi suorassa l\u00e4hetyksess\u00e4:<\/p>\n<p>Kaatui nilkkansa p\u00e4\u00e4lle<\/p>\n<p class=\"article-content article-content-width !bg-background\">Pian hurjap\u00e4\u00e4 joutuikin leikkausp\u00f6yd\u00e4lle.<\/p>\n<p class=\"article-content article-content-width !bg-background\">\u2013\u00a0No niin&#8230; Kaaduin ik\u00e4v\u00e4sti rennossa h\u00f6nts\u00e4kiekossa. Jotenkin luistimeni jumittui j\u00e4\u00e4h\u00e4n ja kaaduin oikean nilkkani p\u00e4\u00e4lle niin, ett\u00e4 se v\u00e4\u00e4ntyi ja alkoi ritist\u00e4 ja rusahdella. T\u00e4n\u00e4\u00e4n kirurgi korjasi sen ruuveilla ja metallilevyll\u00e4, HP kirjoitti Instagram-videonsa kuvatekstiss\u00e4 vapaasti suomennettuna.<\/p>\n<p>        <a itemprop=\"url\" href=\"https:\/\/www.seiska.fi\/ulkomaat\/lahes-tunnistamaton-talta-jackass-tahti-johnny-knoxville-nayttaa-nykyisin\/1906310\" rel=\"nofollow noopener\" target=\"_blank\"><\/p>\n<p>\nL\u00e4hes tunnistamaton!\n<\/p>\n<p class=\"section-date\">\n        <strong class=\"article-section\" data-section=\"ulkomaat\"><br \/>\n            ulkomaat<br \/>\n        <\/strong><br \/>\n        22.8. 18:00\n    <\/p>\n<p>    L\u00e4hes tunnistamaton! T\u00e4lt\u00e4 Jackass-t\u00e4hti Johnny Knoxville n\u00e4ytt\u00e4\u00e4 nykyisin<\/p>\n<p itemprop=\"description\" class=\"subtitle \">\n    Johnny on 54-vuotias.\n<\/p>\n<p>        <\/a><\/p>\n<p class=\"article-content article-content-width !bg-background\">Julkaisunsa yhteydess\u00e4 HP jakoi kuvia leikkausp\u00f6yd\u00e4lt\u00e4 sek\u00e4 leikkaushaavastaan, jossa oli per\u00e4ti 19 tikki\u00e4. Nyt h\u00e4n p\u00e4\u00e4si vihdoin odottamaansa toiseen leikkaukseen.<\/p>\n<p>&#8221;Kovaa ajoa&#8221;<\/p>\n<p class=\"article-content article-content-width !bg-background\">\u2013 Kuusi ruuvia poistettiin nilkasta ja nyt toivotaan, et nilkka ehtii parantua ennen Duudsonit-leffan viimeisi\u00e4 stunttikuvauksia, HP kirjoittaa videolla.<\/p>\n<p class=\"article-content article-content-width !bg-background\">Videolla n\u00e4kyy kirurgi ruuvaamassa ruuvia pois HP:n nilkasta. Pian metallisessa astiassa kilisee kuusi ruuvia.<\/p>\n<p>        <a itemprop=\"url\" href=\"https:\/\/www.seiska.fi\/kotimaa\/jukka-hilden-hurjaa-temppuilua-vauvan-kanssa\/1879029\" rel=\"nofollow noopener\" target=\"_blank\"><\/p>\n<p>\nKauhistus!\n<\/p>\n<p class=\"section-date\">\n        <strong class=\"article-section\" data-section=\"kotimaa\"><br \/>\n            kotimaa<br \/>\n        <\/strong><br \/>\n        25.7. 09:40\n    <\/p>\n<p>    Jukka Hild\u00e9n: Hurjaa temppuilua vauvan kanssa!<\/p>\n<p itemprop=\"description\" class=\"subtitle \">\n    Jukalla ja vauvalla on vauhdikas harrastus.\n<\/p>\n<p>        <\/a><\/p>\n<p class=\"article-content article-content-width !bg-background\">\u2013 L\u00e4\u00e4k\u00e4ri termein&#8230;&#8221;Pari viikkoo iisi\u00e4 ja sit kovaa ajoa!&#8221; Nilkan kuntoutus jatkuu tietenkin viel\u00e4 melko pitk\u00e4\u00e4n ennen kuin oikeesti tiet\u00e4\u00e4 mihin kuntoon se tulee, HP kertoo.<\/p>\n<p class=\"article-content article-content-width !bg-background\">HP kertoo katseensa olevan tulevan Duudsonit-leffan viimeisiss\u00e4 stunttikuvauksissa sek\u00e4 tulevassa laskukaudessa.<\/p>\n<p class=\"article-content article-content-width !bg-background\">Elokuvaa kuvattiin t\u00e4n\u00e4 kes\u00e4n\u00e4 Sein\u00e4joella. Duudsonit, eli , ,  sek\u00e4 HP palaavat elokuvassa huimien stunttien pariin.<\/p>\n<p class=\"article-content article-content-width !bg-background\">Duudsonit palaa kotiin saa ensi-iltansa talvella 2026.<\/p>\n","protected":false},"excerpt":{"rendered":"20220908 HELSINKI. MTV3. Posse. HP Parviainen. HP;n pyynn\u00f6st\u00e4 kuvia ei Seiskaan, kuvat ainoastaan Katsoon. KUVA: ATTE KAJOVA ATTE&hellip;\n","protected":false},"author":2,"featured_media":31183,"comment_status":"","ping_status":"","sticky":false,"template":"","format":"standard","meta":{"footnotes":""},"categories":[136],"tags":[407,5500,137,33,31,30,9256,9255,1143,408,9258,9257,32,109],"class_list":{"0":"post-31182","1":"post","2":"type-post","3":"status-publish","4":"format-standard","5":"has-post-thumbnail","7":"category-julkkikset","8":"tag-celebrities","9":"tag-duudsonit","10":"tag-entertainment","11":"tag-fi","12":"tag-finland","13":"tag-finnish","14":"tag-hannu-pekka-parviainen","15":"tag-hp-parviainen","16":"tag-jaakiekko","17":"tag-julkkikset","18":"tag-nilkkaleikkaus","19":"tag-stunttikuvaukset","20":"tag-suomi","21":"tag-viihde"},"share_on_mastodon":{"url":"","error":""},"_links":{"self":[{"href":"https:\/\/www.europesays.com\/fi\/wp-json\/wp\/v2\/posts\/31182","targetHints":{"allow":["GET"]}}],"collection":[{"href":"https:\/\/www.europesays.com\/fi\/wp-json\/wp\/v2\/posts"}],"about":[{"href":"https:\/\/www.europesays.com\/fi\/wp-json\/wp\/v2\/types\/post"}],"author":[{"embeddable":true,"href":"https:\/\/www.europesays.com\/fi\/wp-json\/wp\/v2\/users\/2"}],"replies":[{"embeddable":true,"href":"https:\/\/www.europesays.com\/fi\/wp-json\/wp\/v2\/comments?post=31182"}],"version-history":[{"count":0,"href":"https:\/\/www.europesays.com\/fi\/wp-json\/wp\/v2\/posts\/31182\/revisions"}],"wp:featuredmedia":[{"embeddable":true,"href":"https:\/\/www.europesays.com\/fi\/wp-json\/wp\/v2\/media\/31183"}],"wp:attachment":[{"href":"https:\/\/www.europesays.com\/fi\/wp-json\/wp\/v2\/media?parent=31182"}],"wp:term":[{"taxonomy":"category","embeddable":true,"href":"https:\/\/www.europesays.com\/fi\/wp-json\/wp\/v2\/categories?post=31182"},{"taxonomy":"post_tag","embeddable":true,"href":"https:\/\/www.europesays.com\/fi\/wp-json\/wp\/v2\/tags?post=31182"}],"curies":[{"name":"wp","href":"https:\/\/api.w.org\/{rel}","templated":true}]}}