{"id":31195,"date":"2025-09-10T18:50:09","date_gmt":"2025-09-10T18:50:09","guid":{"rendered":"https:\/\/www.europesays.com\/fi\/31195\/"},"modified":"2025-09-10T18:50:09","modified_gmt":"2025-09-10T18:50:09","slug":"anna-kontula-seksityon-leima-olisi-estanyt-poliittisen-urani-politiikka","status":"publish","type":"post","link":"https:\/\/www.europesays.com\/fi\/31195\/","title":{"rendered":"Anna Kontula: Seksity\u00f6n leima olisi est\u00e4nyt poliittisen urani | Politiikka"},"content":{"rendered":"<p class=\"aw-1gybjub aw-5vja16 cmIuaG zKETg yle__article__paragraph\">Tuoreessa el\u00e4m\u00e4kerrassaan Anna Kontula (vas.) kertoo tehneens\u00e4 seksity\u00f6t\u00e4 16-vuotiaana. H\u00e4n kommentoi kirjan tietoja ja kritisoi Suomen Gaza-politiikkaa suorasanaisesti Ylen Politiikkaradiossa.<\/p>\n<p><img decoding=\"async\" alt=\"Anna Kontula seisoo ulkona.\" src=\"https:\/\/www.europesays.com\/fi\/wp-content\/uploads\/2025\/09\/39-134398166d97b9222efb.jpeg\" class=\"aw-1l9m598 hKVVvP\"\/><\/p>\n<p>Avaa kuvien katselu<\/p>\n<p>Anna Kontula n\u00e4kee, ett\u00e4 Suomi on osasyyllinen Gazan sotaan, koska tekee asekauppaa Israelin kanssa. Kuva: Antti Haanp\u00e4\u00e4 \/ Yle<\/p>\n<p class=\"aw-1gybjub aw-1p7kakr cmIuaG fmSRng yle__article__paragraph\">Kansanedustaja <strong class=\"aw-ak79eh KyCXm yle__article__strong\">Anna Kontula<\/strong> (vas.) perustelee <a class=\"aw-iao6s4 iHOxEa yle__article__link\" href=\"https:\/\/areena.yle.fi\/1-75738596\" role=\"link\" rel=\"nofollow noopener\" target=\"_blank\">Ylen Politiikkaradiossa<\/a>, miksi kertoi tekem\u00e4st\u00e4\u00e4n seksity\u00f6st\u00e4 vasta t\u00e4ll\u00e4 viikolla julkaistussa el\u00e4m\u00e4kerrassaan. H\u00e4n toteaa, ett\u00e4 suurin ongelma seksity\u00f6l\u00e4isten aseman ja perusoikeuksien kannalta on stigma.<\/p>\n<p class=\"aw-1gybjub aw-1p7kakr cmIuaG fmSRng yle__article__paragraph\">\u2013 Jos olisin kertonut omasta seksity\u00f6taustasta parikymppisen\u00e4, niin todenn\u00e4k\u00f6isesti se olisi sulkenut monia ovia.<\/p>\n<p class=\"aw-1gybjub aw-1p7kakr cmIuaG fmSRng yle__article__paragraph\">\u2013 Olen tehnyt toisaalta suuren osan uraani enemm\u00e4n ja v\u00e4hemm\u00e4n seksity\u00f6ntekij\u00f6iden oikeuksiin ja asemaan liittyen. Nyt muu n\u00e4kyvyyteni on niin laajaa, ett\u00e4 nyt minua ei pystyt\u00e4 en\u00e4\u00e4 pelkist\u00e4m\u00e4\u00e4n pelk\u00e4ksi seksity\u00f6ntekij\u00e4ksi, Kontula kertoo Politiikkaradiossa.<\/p>\n<p class=\"aw-1gybjub aw-1p7kakr cmIuaG fmSRng yle__article__paragraph\">Suuri osa seksity\u00f6st\u00e4 on Kontulan mukaan aika tavanomaista ja arkista.<\/p>\n<p class=\"aw-1gybjub aw-1p7kakr cmIuaG fmSRng yle__article__paragraph\">\u2013 Oma taustani ei ollut mill\u00e4\u00e4n muotoa sellaista millaiseksi pahimmat kauhuelokuvat seksity\u00f6n maalaa. En esimerkiksi t\u00f6rm\u00e4nnyt v\u00e4kivaltaan tai v\u00e4kivallan uhkaan. Toisaalta se ei ollut my\u00f6sk\u00e4\u00e4n niin loisteliasta mit\u00e4 se toisaalla on, Kontula kuvailee.<\/p>\n<p class=\"aw-1gybjub aw-1p7kakr cmIuaG fmSRng yle__article__paragraph\">Kontulan el\u00e4m\u00e4kerran Leip\u00e4\u00e4 ja ruusuja on kirjoittanut toimittaja ja tietokirjailija <strong class=\"aw-ak79eh KyCXm yle__article__strong\">Maria Pettersson<\/strong>.<\/p>\n<p>Vasemmistolaisen kodin kasvatti<\/p>\n<p class=\"aw-1gybjub aw-1p7kakr cmIuaG fmSRng yle__article__paragraph\">Kirjassa k\u00e4sitell\u00e4\u00e4n Kontulan juuria ja ty\u00f6t\u00e4 tutkijana ja poliitikkona. Kirjan mukaan eduskunnan punaisin kansanedustaja on vanhempiinsa ja isovanhempiinsa verrattuna \u201dvarsin vaaleanpunainen\u201d.<\/p>\n<p class=\"aw-1gybjub aw-1p7kakr cmIuaG fmSRng yle__article__paragraph\">\u2013 Olen kasvanut eritt\u00e4in vasemmistolaisessa kodissa ja hyvin kirjallisessa kodissa. Sellaisessa kodissa, jossa lastenkin odotettiin osallistuvan yhteiskunnalliseen keskusteluun ja lukevan erilaista kirjallisuutta eri suunnista, Kontula kuvailee.<\/p>\n<p class=\"aw-1gybjub aw-1p7kakr cmIuaG fmSRng yle__article__paragraph\">H\u00e4nen mielest\u00e4\u00e4n sivistysihanteen ja eettisen vastuullisuuden punninnan yhteisseurauksena oli hyvin luontevaa jossain vaiheessa p\u00e4\u00e4ty\u00e4 puhumaan kommunismista.<\/p>\n<p class=\"aw-1gybjub aw-1p7kakr cmIuaG fmSRng yle__article__paragraph\">Kirjassa paljastetaan my\u00f6s, ett\u00e4 Kontula on saanut autismi-diagnoosin. H\u00e4n korostaa, ett\u00e4 eduskunnassa pit\u00e4\u00e4 olla erilaisia kansanedustajia.<\/p>\n<p class=\"aw-1gybjub aw-1p7kakr cmIuaG fmSRng yle__article__paragraph\">\u2013 Tarvitaan sellaisia poliitikkoja jotka ovat sosiaalisesti lahjakkaita, mutta kyll\u00e4 politiikkaan on kuulunut my\u00f6s ne ankeuttajat, jotka nostavat kissan p\u00f6yd\u00e4lle, Kontula toteaa.<\/p>\n<p>Kontula: Suomikin rahoittaa kansanmurhaa<\/p>\n<p class=\"aw-1gybjub aw-1p7kakr cmIuaG fmSRng yle__article__paragraph\">Kontula arvostelee Suomen ulkopolitiikkaa suhteessa Israeliin ja Gazaan. H\u00e4n n\u00e4kee, ett\u00e4 Suomi on osasyyllinen Gazan sotaan, koska tekee <a class=\"aw-iao6s4 iHOxEa yle__article__link\" href=\"https:\/\/yle.fi\/a\/74-20154448\" role=\"link\" rel=\"nofollow noopener\" target=\"_blank\">asekauppaa<\/a> Israelin kanssa.<\/p>\n<p class=\"aw-1gybjub aw-1p7kakr cmIuaG fmSRng yle__article__paragraph\">\u2013 Suomi ostaa ja myy aseita sellaisen valtion kanssa, joka on jo kauan ennen t\u00e4t\u00e4 viimeist\u00e4 konfliktia syyllistynyt useisiin kansainv\u00e4lisen oikeuden loukkauksiin. Kyll\u00e4 me silloin rahoitetaan suomalaisten verorahoilla my\u00f6s t\u00e4t\u00e4 kansanmurhaa, joka siell\u00e4 on k\u00e4ynniss\u00e4, Kontula sanoo.<\/p>\n<p><img decoding=\"async\" alt=\"\" src=\"https:\/\/www.europesays.com\/fi\/wp-content\/uploads\/2025\/08\/39-1300667666712123a138.jpeg\" class=\"aw-1l9m598 hKVVvP\"\/><\/p>\n","protected":false},"excerpt":{"rendered":"Tuoreessa el\u00e4m\u00e4kerrassaan Anna Kontula (vas.) kertoo tehneens\u00e4 seksity\u00f6t\u00e4 16-vuotiaana. H\u00e4n kommentoi kirjan tietoja ja kritisoi Suomen Gaza-politiikkaa suorasanaisesti&hellip;\n","protected":false},"author":2,"featured_media":31196,"comment_status":"","ping_status":"","sticky":false,"template":"","format":"standard","meta":{"footnotes":""},"categories":[12],"tags":[22,23,26,27,33,31,30,17,24,25,28,29,15,18,21,637,9260,9261,32,19,20,16],"class_list":{"0":"post-31195","1":"post","2":"type-post","3":"status-publish","4":"format-standard","5":"has-post-thumbnail","7":"category-suomi","8":"tag-breaking-news","9":"tag-breakingnews","10":"tag-featured-news","11":"tag-featurednews","12":"tag-fi","13":"tag-finland","14":"tag-finnish","15":"tag-headlines","16":"tag-latest-news","17":"tag-latestnews","18":"tag-main-news","19":"tag-mainnews","20":"tag-news","21":"tag-otsikot","22":"tag-paauutiset","23":"tag-politiikka","24":"tag-seksityo","25":"tag-suomen-eduskunta","26":"tag-suomi","27":"tag-top-stories","28":"tag-topstories","29":"tag-uutiset"},"share_on_mastodon":{"url":"","error":""},"_links":{"self":[{"href":"https:\/\/www.europesays.com\/fi\/wp-json\/wp\/v2\/posts\/31195","targetHints":{"allow":["GET"]}}],"collection":[{"href":"https:\/\/www.europesays.com\/fi\/wp-json\/wp\/v2\/posts"}],"about":[{"href":"https:\/\/www.europesays.com\/fi\/wp-json\/wp\/v2\/types\/post"}],"author":[{"embeddable":true,"href":"https:\/\/www.europesays.com\/fi\/wp-json\/wp\/v2\/users\/2"}],"replies":[{"embeddable":true,"href":"https:\/\/www.europesays.com\/fi\/wp-json\/wp\/v2\/comments?post=31195"}],"version-history":[{"count":0,"href":"https:\/\/www.europesays.com\/fi\/wp-json\/wp\/v2\/posts\/31195\/revisions"}],"wp:featuredmedia":[{"embeddable":true,"href":"https:\/\/www.europesays.com\/fi\/wp-json\/wp\/v2\/media\/31196"}],"wp:attachment":[{"href":"https:\/\/www.europesays.com\/fi\/wp-json\/wp\/v2\/media?parent=31195"}],"wp:term":[{"taxonomy":"category","embeddable":true,"href":"https:\/\/www.europesays.com\/fi\/wp-json\/wp\/v2\/categories?post=31195"},{"taxonomy":"post_tag","embeddable":true,"href":"https:\/\/www.europesays.com\/fi\/wp-json\/wp\/v2\/tags?post=31195"}],"curies":[{"name":"wp","href":"https:\/\/api.w.org\/{rel}","templated":true}]}}