{"id":311978,"date":"2026-07-29T06:15:10","date_gmt":"2026-07-29T06:15:10","guid":{"rendered":"https:\/\/www.europesays.com\/fi\/311978\/"},"modified":"2026-07-29T06:15:10","modified_gmt":"2026-07-29T06:15:10","slug":"yhdysvallat-lopettaa-laaketuet-yli-65-vuotiaille-uutisia-lyhyesti","status":"publish","type":"post","link":"https:\/\/www.europesays.com\/fi\/311978\/","title":{"rendered":"Yhdysvallat lopettaa l\u00e4\u00e4ketuet yli 65-vuotiaille | Uutisia lyhyesti"},"content":{"rendered":"<p class=\"aw__sc-1qwuw0s-0 aw__sc-ngllmo-0 epAWpq fzYpjk yle__article__paragraph\">Trumpin hallinto aikoo lopettaa liittovaltion tuet Medicare-l\u00e4\u00e4keohjelman reseptil\u00e4\u00e4kkeille, joita tarjotaan yli 65-vuotiaille. Asiasta kertoo sanomalehti <a class=\"aw__sc-ngllmo-1 bTDnwX yle__article__link\" href=\"https:\/\/www.wsj.com\/health\/healthcare\/trump-administration-to-end-medicare-drug-plan-subsidy-76d255d1?mod=hp_lead_pos10\" role=\"link\" rel=\"nofollow noopener\" target=\"_blank\">Wall Street Journal<\/a>.<\/p>\n<p class=\"aw__sc-1qwuw0s-0 aw__sc-ngllmo-0 epAWpq fzYpjk yle__article__paragraph\">Sen mukaan noin 25 miljoonaa amerikkalaista el\u00e4kel\u00e4ist\u00e4 voi joutua maksamaan merkitt\u00e4v\u00e4sti t\u00e4h\u00e4nastista enemm\u00e4n reseptil\u00e4\u00e4kkeist\u00e4\u00e4n.<\/p>\n<p class=\"aw__sc-1qwuw0s-0 aw__sc-ngllmo-0 epAWpq fzYpjk yle__article__paragraph\">Wall Street Journal viittaa nimett\u00f6miin l\u00e4hteisiins\u00e4 ja kertoo, ett\u00e4 liittovaltion tuet Medicare-ohjelmalle p\u00e4\u00e4ttyv\u00e4t joulukuussa. Lehden mukaan Medicare on saanut liittovaltiolta 3,6 miljardia dollaria eli liki 3,2 miljardia euroa tukea vakuutusmaksujen hillitsemiseksi.<\/p>\n<p class=\"aw__sc-1qwuw0s-0 aw__sc-ngllmo-0 epAWpq fzYpjk yle__article__paragraph\">Sanomalehti arvioi, ett\u00e4 tukip\u00e4\u00e4t\u00f6ksest\u00e4 voi tulla poliittinen kysymys ennen marraskuun v\u00e4livaaleja Yhdysvalloissa, sill\u00e4 reseptil\u00e4\u00e4kkeet ovat keskeinen huolenaihe esimerkiksi monelle el\u00e4kel\u00e4iselle.<\/p>\n<p class=\"aw__sc-1qwuw0s-0 aw__sc-ngllmo-0 epAWpq fzYpjk yle__article__paragraph\">L\u00e4hteet: Wall Street Journal, Reuters<\/p>\n","protected":false},"excerpt":{"rendered":"Trumpin hallinto aikoo lopettaa liittovaltion tuet Medicare-l\u00e4\u00e4keohjelman reseptil\u00e4\u00e4kkeille, joita tarjotaan yli 65-vuotiaille. Asiasta kertoo sanomalehti Wall Street Journal.&hellip;\n","protected":false},"author":2,"featured_media":311979,"comment_status":"","ping_status":"","sticky":false,"template":"","format":"standard","meta":{"footnotes":"","_share_on_mastodon":"0"},"categories":[14],"tags":[22,23,26,27,33,31,30,17,1977,24,25,28,29,40139,15,18,21,32,19,20,56,16,40140,59,60,61,619],"class_list":["post-311978","post","type-post","status-publish","format-standard","has-post-thumbnail","category-ulkomaat","tag-breaking-news","tag-breakingnews","tag-featured-news","tag-featurednews","tag-fi","tag-finland","tag-finnish","tag-headlines","tag-laakkeet","tag-latest-news","tag-latestnews","tag-main-news","tag-mainnews","tag-medicare","tag-news","tag-otsikot","tag-paauutiset","tag-suomi","tag-top-stories","tag-topstories","tag-ulkomaat","tag-uutiset","tag-valivaalit","tag-world","tag-world-news","tag-worldnews","tag-yhdysvallat"],"share_on_mastodon":{"url":"https:\/\/pubeurope.com\/@fi\/117001802658972569","error":""},"_links":{"self":[{"href":"https:\/\/www.europesays.com\/fi\/wp-json\/wp\/v2\/posts\/311978","targetHints":{"allow":["GET"]}}],"collection":[{"href":"https:\/\/www.europesays.com\/fi\/wp-json\/wp\/v2\/posts"}],"about":[{"href":"https:\/\/www.europesays.com\/fi\/wp-json\/wp\/v2\/types\/post"}],"author":[{"embeddable":true,"href":"https:\/\/www.europesays.com\/fi\/wp-json\/wp\/v2\/users\/2"}],"replies":[{"embeddable":true,"href":"https:\/\/www.europesays.com\/fi\/wp-json\/wp\/v2\/comments?post=311978"}],"version-history":[{"count":0,"href":"https:\/\/www.europesays.com\/fi\/wp-json\/wp\/v2\/posts\/311978\/revisions"}],"wp:featuredmedia":[{"embeddable":true,"href":"https:\/\/www.europesays.com\/fi\/wp-json\/wp\/v2\/media\/311979"}],"wp:attachment":[{"href":"https:\/\/www.europesays.com\/fi\/wp-json\/wp\/v2\/media?parent=311978"}],"wp:term":[{"taxonomy":"category","embeddable":true,"href":"https:\/\/www.europesays.com\/fi\/wp-json\/wp\/v2\/categories?post=311978"},{"taxonomy":"post_tag","embeddable":true,"href":"https:\/\/www.europesays.com\/fi\/wp-json\/wp\/v2\/tags?post=311978"}],"curies":[{"name":"wp","href":"https:\/\/api.w.org\/{rel}","templated":true}]}}